{"id":8639,"date":"2020-03-06T16:17:55","date_gmt":"2020-03-06T19:17:55","guid":{"rendered":"http:\/\/www.revista-notariado.org.ar\/?p=8639"},"modified":"2021-09-24T14:27:11","modified_gmt":"2021-09-24T17:27:11","slug":"falta-de-aceptacion-de-herencia-plazo-para-el-ejercicio-del-derecho-de-opcion","status":"publish","type":"post","link":"https:\/\/www.revista-notariado.org.ar\/index.php\/2020\/03\/falta-de-aceptacion-de-herencia-plazo-para-el-ejercicio-del-derecho-de-opcion\/","title":{"rendered":"Falta de aceptaci\u00f3n de herencia. Plazo para el ejercicio del derecho de opci\u00f3n"},"content":{"rendered":"<p>&nbsp;<\/p>\n<p><img loading=\"lazy\" decoding=\"async\" class=\"aligncenter wp-image-5525 size-full\" src=\"https:\/\/www.revista-notariado.org.ar\/wp-content\/uploads\/2020\/02\/casita-amarilla_700x467.jpg\" alt=\"casita-amarilla_700x467\" width=\"700\" height=\"467\" \/><\/p>\n<p>&nbsp;<\/p>\n<p>&nbsp;<\/p>\n<p style=\"background-color: #f8e0e0; padding: 10px;\">Autor:<strong> Romina N. Sassone<\/strong>\u00a0 <strong>|<\/strong>\u00a0 (<a href=\"https:\/\/www.revista-notariado.org.ar\/biografia\/romina-natalia-sassone\/\" target=\"_blank\" rel=\"noopener\">ver bio<\/a>)<\/p>\n<p style=\"background-color: #f2f2f2; padding: 10px;\"><strong><span style=\"color: #000080;\">Resumen<\/span>:<\/strong>\u00a0Se consulta sobre la bondad de un t\u00edtulo de cuyos antecedentes surge que la declaratoria de herederos se dict\u00f3 sin consideraci\u00f3n a la totalidad de ellos. El an\u00e1lisis se centra en el derecho de opci\u00f3n, las consecuencias del vencimiento del plazo establecido para ello (diferente seg\u00fan la sucesi\u00f3n se haya abierto durante la vigencia del C\u00f3digo de V\u00e9lez o a partir del 1\u00ba de agosto de 2015) y el efecto de la actitud de los restantes herederos, si los hubiere, como en el caso sometido a consulta.<a id=\"footnote-567-*-backlink\" class=\"footnote\" href=\"#footnote-567-*\">*<\/a><\/p>\n<p style=\"background-color: #f2f2f2; padding: 10px;\"><strong><span style=\"color: #000080;\">Palabras clave<\/span>:<\/strong>\u00a0Herencia; aceptaci\u00f3n de herencia; renuncia de herencia; derecho de opci\u00f3n; p\u00e9rdida del derecho de opci\u00f3n; declaratoria de herederos; coherederos.<\/p>\n<p style=\"background-color: #f2f2f2; padding: 10px;\"><sup><span style=\"color: #000080;\">Sesi\u00f3n del Consejo Directivo que dispone publicaci\u00f3n: <\/span>4\/9\/2018, acta N\u00ba 4062<\/sup><\/p>\n<p>&nbsp;<\/p>\n<a class=\"mwm-aal-item\" name=\"1-doctrina\"><\/a><h2>1. Doctrina<\/h2>\n<p>\u2022 <em>La sucesi\u00f3n por causa de muerte respecto de inmuebles sitos en la Rep\u00fablica Argentina se rige por el derecho argentino vigente al momento del fallecimiento del causante. Este criterio, receptado en el C\u00f3digo Civil velezano, se reitera en el actual C\u00f3digo Civil y Comercial.<\/em><\/p>\n<p>\u2022 <em>Si bien desde la apertura del sucesorio el llamado a recibir la herencia reviste la calidad de heredero, lo hace de manera provisional, ya que en sus manos est\u00e1 la\u00a0posibilidad de aceptar o repudiar la herencia. En caso de decidirse por la aceptaci\u00f3n, se fijar\u00e1 su posici\u00f3n de heredero. En el supuesto de que renuncie, se lo tendr\u00e1 como si nunca hubiera sido heredero, salvo en lo que respecta al derecho de representaci\u00f3n.<\/em><\/p>\n<p>\u2022 <em>Fallecido el causante con anterioridad al 1 de agosto del a\u00f1o 2015, el derecho a elegir entre la aceptaci\u00f3n y la renuncia a la herencia se pierde por el transcurso de veinte a\u00f1os desde que la sucesi\u00f3n se abri\u00f3.<\/em><\/p>\n<p>\u2022 <em>Habiendo transcurrido el plazo mencionado, el heredero que no hubiese ejercido su derecho de opci\u00f3n, dejando transcurrir el plazo sin pronunciarse, gozar\u00e1 o no del derecho de opci\u00f3n, seg\u00fan cu\u00e1l haya sido la actitud que guardaron los restantes herederos llamados a suceder.<\/em><\/p>\n<p>\u2022 <em>En principio, ser\u00e1 considerado aceptante, salvo que haya otros coherederos que hayan aceptado la herencia. En tal supuesto, el heredero que guard\u00f3 silencio por m\u00e1s de veinte a\u00f1os ser\u00e1 entendido como renunciante.<\/em><\/p>\n<p>\u2022 <em>Distinto es el supuesto si el causante hubiese fallecido con posterioridad al 1 de agosto de 2015. En tal caso, el derecho de opci\u00f3n caduca a los diez a\u00f1os de la apertura de la sucesi\u00f3n.<\/em><\/p>\n<p>\u2022 <em>El heredero que no la haya aceptado en ese plazo ser\u00e1 tenido por renunciante, salvo que, antes del vencimiento del plazo, hubiese sido intimado judicialmente a aceptar o renunciar la herencia y no se hubiese pronunciado luego de transcurrido un plazo de tres meses desde la intimaci\u00f3n. En tal supuesto, ser\u00e1 tenido por aceptante.<\/em><\/p>\n<p>&nbsp;<\/p>\n<a class=\"mwm-aal-item\" name=\"2-antecedentes\"><\/a><h2>2. Antecedentes<\/h2>\n<p>El escribano G consulta respecto de la bondad de un t\u00edtulo cuyos antecedentes son del siguiente tenor:<\/p>\n<ul>\n<li>Por escritura de fecha 1\/9\/1971, los c\u00f3nyuges en primeras nupcias L y K compraron un inmueble sito en la Provincia de Buenos Aires.<\/li>\n<li>Fallecido el se\u00f1or L con fecha 28\/9\/1983, su juicio sucesorio tramit\u00f3 ante el Departamento Judicial de Lomas de Zamora (Provincia de Buenos Aires). El proceso sucesorio se inicia en el a\u00f1o 2007 (transcurridos m\u00e1s de 20 a\u00f1os de la apertura de la sucesi\u00f3n), present\u00e1ndose la c\u00f3nyuge K y dos hijos del causante, habiendo manifestado la heredera K que un tercer hijo falleci\u00f3 en el a\u00f1o 1997, siendo casado y con dos hijos (que se presume que eran herederos menores de edad) y que viven en Entre R\u00edos.<\/li>\n<li>El juez del sucesorio ordena que se libren c\u00e9dulas de notificaci\u00f3n a la c\u00f3nyuge y a los hijos del heredero fallecido. Se los notifica en el domicilio denunciado por la se\u00f1ora K, y de las notificaciones surge que el oficial de justicia se hizo presente en el domicilio indicado y, por no ser atendido, fij\u00f3 las mismas en la puerta de entrada.<\/li>\n<li>En el a\u00f1o 2009, se dicta declaratoria de herederos a favor de la c\u00f3nyuge K y los dos hijos que sobreviven. No se menciona nada respecto a la c\u00f3nyuge e hijos del tercer hijo fallecido.<\/li>\n<li>Actualmente, la sucesi\u00f3n del tercer hijo fallecido en Entre R\u00edos est\u00e1 abierta.<\/li>\n<\/ul>\n<p>&nbsp;<\/p>\n<a class=\"mwm-aal-item\" name=\"3-consideraciones\"><\/a><h2><strong>3. Consideraciones<\/strong><\/h2>\n<p>Pregunta el consultante si habiendo transcurrido el plazo de veinte a\u00f1os que marcaba el <a href=\"http:\/\/www.infoleg.gob.ar\/infolegInternet\/verNorma.do?id=109481\" target=\"_blank\" rel=\"noopener\">C\u00f3digo velezano<\/a> (en adelante, \u201cCCIV\u201d), y respecto al tercer hijo fallecido, donde sus sucesores no se han presentado a aceptar o repudiar la herencia del se\u00f1or L, habr\u00eda que tenerlos como aceptantes de la misma.<\/p>\n<p>&nbsp;<\/p>\n<a class=\"mwm-aal-item\" name=\"31-derecho-aplicable\"><\/a><h3><strong>3.1. Derecho aplicable<\/strong><\/h3>\n<p xml:lang=\"en-US\">Atento a que el fallecimiento del causante \u2013esto es, del se\u00f1or L\u2013 se produjo en el a\u00f1o 1983, resulta aplicable el derecho vigente al momento de su fallecimiento, es decir, el C\u00f3digo Civil velezano (en adelante, \u201cCCIV\u201d). Por tal motivo, nos centraremos en el an\u00e1lisis del ar\u00adt\u00edcu\u00adlo 3313 y su nota, la doctrina imperante en relaci\u00f3n a los mismos y la buena fe del tercer adquirente.<\/p>\n<a class=\"mwm-aal-item\" name=\"32-derecho-de-opcion\"><\/a><h3><strong>3.2. Derecho de opci\u00f3n<\/strong><\/h3>\n<p>El mencionado <a href=\"http:\/\/servicios.infoleg.gob.ar\/infolegInternet\/anexos\/105000-109999\/109481\/texactley340_libroIV_S1_tituloII.htm\" target=\"_blank\" rel=\"noopener\">ar\u00adt\u00edcu\u00adlo 3313<\/a> CCIV prev\u00e9: \u201cel derecho de elegir entre la aceptaci\u00f3n y renuncia de la herencia se pierde por el transcurso de veinte a\u00f1os desde que la sucesi\u00f3n se abri\u00f3\u201d.<\/p>\n<blockquote><p>La norma tiene su raz\u00f3n de ser porque, producido el llamamiento a la herencia de una persona determinada, quienes gozan de vocaci\u00f3n sucesoria actual se encuentran en condiciones de ejercer el derecho de opci\u00f3n. Ello se explica porque si bien desde la apertura del sucesorio el llamado a recibir la herencia reviste la calidad de heredero, lo hace no de manera definitiva sino provisional, ya que en sus manos est\u00e1 la posibilidad de aceptar o repudiar la herencia [\u2026] En caso de decidirse por la aceptaci\u00f3n se fijar\u00e1 su posici\u00f3n de heredero, ya sea como aceptante beneficiario o simple y puro, y, en el supuesto de que renuncie, se lo tendr\u00e1 como si nunca hubiera sido heredero, salvo en lo que respecta al derecho de representaci\u00f3n. El ar\u00adt\u00edcu\u00adlo 3313 del C\u00f3digo Civil no prev\u00e9 en forma expresa qu\u00e9 acontece con el heredero que dej\u00f3 transcurrir el plazo de veinte a\u00f1os sin pronunciarse. Esta omisi\u00f3n genera el interrogante acerca de si \u00bfcorresponde considerarlo aceptante o renunciante de la herencia? <a id=\"footnote-567-1-backlink\" class=\"footnote\" href=\"#footnote-567-1\">1<\/a><\/p><\/blockquote>\n<p>La ambig\u00fcedad del texto del ar\u00adt\u00edcu\u00adlo 3313 dio lugar a que<\/p>\n<blockquote><p>\u2026 desde los comienzos de la aplicaci\u00f3n del C\u00f3digo [Civil], los juristas se preguntaran qu\u00e9 es lo que pierde el llamado a heredar que guarda silencio durante veinte a\u00f1os y que, por ello, no puede ya elegir: \u00bfel derecho de aceptar o el de renunciar? Los textos legales dan pie a una soluci\u00f3n, mientras que las notas del codificador a otra distinta. <a id=\"footnote-567-2-backlink\" class=\"footnote\" href=\"#footnote-567-2\">2<\/a><\/p><\/blockquote>\n<p>As\u00ed, el ar\u00adt\u00edcu\u00adlo 3315 CCIV dispone: \u201cLa falta de renuncia de la sucesi\u00f3n no puede opo\u00adnerse al pariente que probase que por ignorar, o bien la muerte del difunto o la renuncia del pariente a quien correspond\u00eda la sucesi\u00f3n, ha dejado correr el t\u00e9rmino de los veinte a\u00f1os designados\u201d.<\/p>\n<blockquote><p>Resultar\u00eda de all\u00ed que se perder\u00eda el derecho de renunciar, consolid\u00e1ndose la calidad de heredero, pues s\u00f3lo para ten\u00e9rselo por aceptante podr\u00eda invocarse contra \u00e9l la falta de renuncia. Sin embargo, en la nota al ar\u00adt\u00edcu\u00adlo 3313, el codificador dej\u00f3 sentada una doctrina diferente: la sustentada en Francia por Aubry y Rau, que admit\u00edan tal soluci\u00f3n como principio general, dejando a salvo el supuesto en que el heredero abstenido se encontrase frente a otros herederos que hubiesen tomado posesi\u00f3n de la herencia, caso en el cual su silencio equivaldr\u00eda a una renuncia y perder\u00eda la facultad de aceptar. <a id=\"footnote-567-3-backlink\" class=\"footnote\" href=\"#footnote-567-3\">3<\/a><\/p><\/blockquote>\n<p>La ambig\u00fcedad de las normas citadas dio lugar a diversas posturas doctrinarias, que pueden ser clasificadas de la siguiente manera:<\/p>\n<ul>\n<li>i. <strong>Postura que considera al heredero aceptante<\/strong>: Fue enunciada por Segovia y seguida por los comentadores del siglo XIX y por Lafaille. <a id=\"footnote-567-4-backlink\" class=\"footnote\" href=\"#footnote-567-4\">4<\/a> Esta postura entiende que la calidad de heredero se adquiere al momento del fallecimiento del causante; por lo tanto, no se requiere de ning\u00fan acto adicional para ratificar la calidad de heredero. Es decir, para esta postura, la aceptaci\u00f3n simplemente consolida una titularidad ya existente. Por lo tanto, considera que lo que se extingue, transcurrido el plazo de veinte a\u00f1os, es el derecho a renunciar, porque, de lo contrario, se perjudicar\u00eda a un eventual heredero que, desconociendo el fallecimiento del causante o la renuncia de un pariente m\u00e1s pr\u00f3ximo, ha dejado transcurrir el plazo de veinte a\u00f1os sin intenci\u00f3n de renunciar a la herencia.<\/li>\n<li>ii. <strong>Postura que considera al heredero renunciante<\/strong>: Esta posici\u00f3n, en cambio, entiende que el heredero que durante veinte a\u00f1os no ejerci\u00f3 su derecho de opci\u00f3n ha demostrado una total falta de inter\u00e9s por la herencia, lo que conlleva la extinci\u00f3n del llamamiento a recibirla. Esta doctrina no tuvo seguidores, por su oposici\u00f3n con el ar\u00adt\u00edcu\u00adlo 3345, que dispone que la renuncia a la herencia no se presume.<\/li>\n<li>iii. <strong>Postura que eval\u00faa la actitud adoptada por los dem\u00e1s herederos llamados a suceder<\/strong>: <a id=\"footnote-567-5-backlink\" class=\"footnote\" href=\"#footnote-567-5\">5<\/a> Esta posici\u00f3n, que es la mayoritaria, fue seguida por la mayor parte de la doctrina de las \u00faltimas d\u00e9cadas. Entiende que, para evaluar si el transcurso del plazo de veinte a\u00f1os conlleva la p\u00e9rdida del derecho de opci\u00f3n, habr\u00e1 que evaluar la actitud que adoptaron los dem\u00e1s herederos llamados a suceder. En principio, ser\u00e1 considerado aceptante, salvo que otros coherederos hayan aceptado la herencia, supuesto en el cual el heredero que ha guardado silencio durante m\u00e1s de veinte a\u00f1os ser\u00e1 tenido como renunciante. Esta soluci\u00f3n fue aprobada por Spota y compartida por Borda, que, sin embargo ateni\u00e9ndose a la fuente, except\u00faa el caso en que otros herederos hubiesen tomado posesi\u00f3n de la herencia, no el de que meramente hayan aceptado. Y ha sido la postura que prevaleci\u00f3 en la jurisprudencia nacional.\u00a0Esta doctrina es la que m\u00e1s se adecua al texto de la nota del mencionado ar\u00adt\u00edcu\u00adlo 3313, que dispone expresamente:<\/li>\n<\/ul>\n<blockquote><p>Por el hecho de la muerte del autor de la sucesi\u00f3n, el heredero entra en posesi\u00f3n de todos los derechos de aqu\u00e9l y tiene la elecci\u00f3n de hacer esta posesi\u00f3n irrevocable por una aceptaci\u00f3n, o despojarse de su derecho por una renuncia. Despu\u00e9s de veinte a\u00f1os de silencio \u00e9l no tiene esta elecci\u00f3n: queda en el <em>statu quo<\/em>, es decir heredero sin que le sea en adelante posible renunciar. Lo contrario sucede en el caso en que el heredero que se ha abstenido, se encuentre en presencia de otros herederos que han aceptado la sucesi\u00f3n. El silencio del heredero que se ha abstenido equivale a una renuncia por su parte, y \u00e9l pierde la facultad de aceptar. <a id=\"footnote-567-6-backlink\" class=\"footnote\" href=\"#footnote-567-6\">6<br \/>\n<\/a>En consecuencia, esta tercera postura resulta conforme tanto al ar\u00adt\u00edcu\u00adlo 3313 CCIV como a su nota, ya que si un heredero guarda silencio durante m\u00e1s de veinte a\u00f1os y existen otro u otros coherederos que hubieren aceptado la herencia y entrado en posesi\u00f3n de ella, tal silencio importa renuncia a la herencia. En cambio, si no existen coherederos que hubieren aceptado la herencia y entrado en su posesi\u00f3n, el silencio durante veinte a\u00f1os debe reputarse aceptaci\u00f3n.<br \/>\nAs\u00ed lo ha dicho la jurisprudencia en el fallo \u201cSimonelli, Olga Teresa\u201d, donde, ante un caso de herencia vacante, se confirm\u00f3 la calidad de heredera de quien se present\u00f3 al sucesorio despu\u00e9s de veinte a\u00f1os de abierta la sucesi\u00f3n como as\u00ed la falta de adquisici\u00f3n de los bienes por prescripci\u00f3n adquisitiva de dominio por parte del Gobierno de la Ciudad de Buenos Aires. <a id=\"footnote-567-7-backlink\" class=\"footnote\" href=\"#footnote-567-7\">7<\/a><\/p><\/blockquote>\n<p>En el caso en an\u00e1lisis, transcurrieron m\u00e1s de veinte a\u00f1os de la apertura de la sucesi\u00f3n; los herederos del hijo fallecido han sido debidamente notificados de la sucesi\u00f3n del primer causante, a fin de que se presenten a ejercer su derecho de opci\u00f3n (derecho que como desarrollaremos m\u00e1s adelante es transmisible <em>mortis causa<\/em>); los dem\u00e1s coherederos que s\u00ed se presentaron han asumido una actitud diligente al informarle al magistrado la existencia de otro coheredero fallecido y de sucesores del mismo y han notificado en forma fehaciente a estos \u00faltimos la apertura de la sucesi\u00f3n del primer causante. Luego de transcurrido el plazo previsto en el ordenamiento procesal, habiendo las personas notificadas guardado silencio, sin manifestar intenci\u00f3n de aceptar o repudiar la herencia, corresponde tenerlas por renunciantes en virtud de existir otros coherederos que s\u00ed se han presentado en el sucesorio a aceptarla.<\/p>\n<p>&nbsp;<\/p>\n<a class=\"mwm-aal-item\" name=\"33-transmision-mortis-causa-del-derecho-de-opcion\"><\/a><h3>3.3. Transmisi\u00f3n mortis causa del derecho de opci\u00f3n<\/h3>\n<p>El ar\u00adt\u00edcu\u00adlo 3316 CCIV indica que \u201ctoda persona que goza del derecho a aceptar o repudiar una herencia, transmite a sus sucesores el derecho opci\u00f3n que le correspond\u00eda\u201d. Las condiciones necesarias para que tenga lugar la transmisi\u00f3n mortis causa del derecho de opci\u00f3n son las siguientes:<\/p>\n<ul>\n<li>Existencia del derecho de opci\u00f3n (o <em>ius delationis<\/em>) en cabeza de un sucesible, el cual no ha de haber ejercitado su derecho de opci\u00f3n. Tampoco deber\u00eda haber operado la caducidad del derecho de opci\u00f3n por el transcurso del plazo previsto en el ar\u00adt\u00edcu\u00adlo\u00a03313.<\/li>\n<li>Existencia de un sucesor del transmitente, capaz de adquirir el derecho de opci\u00f3n, que haya aceptado la herencia del segundo causante. <a id=\"footnote-567-8-backlink\" class=\"footnote\" href=\"#footnote-567-8\">8<\/a><\/li>\n<\/ul>\n<p>En consecuencia, en el caso planteado, dado que el heredero denunciado falleci\u00f3 en el a\u00f1o 1997 sin haber ejercido su derecho de opci\u00f3n, transmiti\u00f3 a sus herederos el ejercicio del mismo. No obstante, respecto al segundo de los requisitos, poco interesa si los herederos denunciados aceptaron o no la herencia del segundo causante para poder ejercer el derecho de opci\u00f3n respecto a la primera sucesi\u00f3n. Ello debido a que, transcurridos veinte a\u00f1os desde la apertura del proceso sucesorio del primer causante, y existiendo otros herederos que aceptaron su herencia, corresponde entender que los eventuales herederos del segundo causante han perdido el derecho de opci\u00f3n, atento al plazo transcurrido, y se los debe tener por renunciantes.<\/p>\n<p>&nbsp;<\/p>\n<a class=\"mwm-aal-item\" name=\"34-heredero-aparente-y-tercero-de-buena-fe\"><\/a><h3>3.4. Heredero aparente y tercero de buena fe<\/h3>\n<p>Por otra parte, es importante no omitir lo dispuesto por el ar\u00adt\u00edcu\u00adlo 3430 CCIV:<\/p>\n<blockquote><p>Los actos de disposici\u00f3n de bienes inmuebles a t\u00edtulo oneroso efectuados por el poseedor de la herencia, tenga o no buena fe, son igualmente v\u00e1lidos respecto al heredero, cuando el poseedor ha obtenido a su favor declaratoria de herederos o la aprobaci\u00f3n judicial de un testamento y siempre que el tercero con quien hubiese contratado fuere de buena fe. Si el poseedor de la herencia hubiese sido de buena fe, debe s\u00f3lo restituir el precio recibido. Si fuese de mala fe, debe indemnizar a los herederos de todo perjuicio que el acto haya causado.<br \/>\nSer\u00e1 considerado tercero de buena fe quien ignorase la existencia de sucesores de mejor derecho o que los derechos del heredero aparente estaban judicialmente controvertidos.<\/p><\/blockquote>\n<p>Heredero aparente es aquel que ha entablado un procedimiento judicial que lo reconoce como tal, aun sin derecho, o sin mejor derecho, por lo que adquiere frente a terceros igual emplazamiento que aquel que originariamente lo ten\u00eda y que, aun as\u00ed, lo conserva. Seg\u00fan el ar\u00adt\u00edcu\u00adlo 3423 CCIV, asume el car\u00e1cter de heredero aparente el pariente de grado m\u00e1s remoto que ha entrado en posesi\u00f3n de la herencia por ausencia o inacci\u00f3n de los parientes m\u00e1s pr\u00f3ximos, o un pariente del mismo grado que reh\u00fasa reconocer la calidad de heredero o que pretende ser tambi\u00e9n llamado a la sucesi\u00f3n en concurrencia con \u00e9l.<\/p>\n<p>En el caso tra\u00eddo a consulta, entendemos, los herederos declarados judicialmente son en principio los leg\u00edtimos herederos y no herederos aparentes, en virtud de adherir a la tercera postura antes expuesta y entender que las personas denunciadas deben ser tenidas por renunciantes. Sin embargo, si alguien, por el contrario, adhiriendo a la primera de las posturas mencionadas, que entiende que transcurrido el plazo de veinte a\u00f1os los herederos denunciados deben ser tenidos por aceptantes si se presentan a recibir la herencia, entonces los herederos declarados judicialmente revestir\u00e1n la calidad de herederos aparentes (en virtud de existir sucesores de igual derecho que no obtuvieron pronunciamiento judicial a su favor). Por consiguiente, en el caso particular, habr\u00e1 que analizar la buena fe del tercero que vaya a contratar a t\u00edtulo oneroso con herederos aparentes, en virtud de existir otros sucesores \u201cde igual derecho\u201d, a fin de que el acto de disposici\u00f3n sobre el bien inmueble sea considerado v\u00e1lido en los t\u00e9rminos del ar\u00adt\u00edcu\u00adlo\u00a03430.<\/p>\n<p>A fin de encuadrar la buena fe del tercer contratante, es importante analizar que quien promueve un proceso sucesorio, conforme a lo dispuesto por el ar\u00adt\u00edcu\u00adlo 689 del <a href=\"http:\/\/servicios.infoleg.gob.ar\/infolegInternet\/verNorma.do?id=16547\" target=\"_blank\" rel=\"noopener\">C\u00f3digo Procesal Civil y Comercial de la Naci\u00f3n<\/a> (y en concordancia con el art.\u00a0724 del <a href=\"https:\/\/normas.gba.gob.ar\/ar-b\/ley\/1968\/7425\/7888\" target=\"_blank\" rel=\"noopener\">C\u00f3digo Procesal de la Provincia de Buenos Aires<\/a>), debe justificar:<\/p>\n<ul>\n<li>Su calidad de parte leg\u00edtima, <em>prima facie<\/em>, acompa\u00f1ando la partida de defunci\u00f3n del causante.<\/li>\n<li>Si el causante hubiese testado, deber\u00e1 denunciar la existencia del testamento y acompa\u00f1arlo al proceso sucesorio; si lo tuviese en su poder, caso contrario, deber\u00e1 indicar el lugar donde se encuentre, si lo supiere.<\/li>\n<li>Si el causante hubiese fallecido sin haber testado, el heredero que se presenta deber\u00e1 denunciar el nombre y domicilio de otros herederos que pudiese tener el causante o de sus representantes legales.<\/li>\n<\/ul>\n<p>Esto es importante porque la firmeza de los actos de disposici\u00f3n a t\u00edtulo oneroso realizados por el heredero aparente requieren que el tercero con quien hubiese contratado sea de buena fe, independientemente de la buena o mala fe de aquel. <a id=\"footnote-567-9-backlink\" class=\"footnote\" href=\"#footnote-567-9\">9<\/a> El tercero ser\u00e1 de buena fe si ignorase la existencia de sucesores de mejor derecho o que los derechos del heredero aparente estaban judicialmente controvertidos. Por lo tanto, la mala o buena fe del presentado no debe ser tenida en cuenta para reconocerle validez al acto que como heredero aparente realice sino la buena fe del tercer contratante. De all\u00ed que lo importante sea el estudio del t\u00edtulo que le permiti\u00f3 al heredero presentado alcanzar la calidad de heredero reconocido y la importancia de analizar todos los actos procesales realizados en el expediente, entre ellos, la denuncia de otros herederos, a fin de determinar la validez del acto realizado por el tercero que contrate con el heredero aparente. La denuncia de otros herederos en el expediente sucesorio es un deber del heredero presentado.<\/p>\n<p>\u00bfQu\u00e9 ocurre si en el escrito de inicio del juicio sucesorio existen herederos denunciados? \u00bfEs suficiente con mencionarlos? \u00bfEs suficiente con indicar su nombre y apellido y domicilio? Evidentemente no. Ello por cuanto la denuncia del nombre y domicilio de otros herederos conocidos por el heredero presentante tiene por fin que el juez los notifique por c\u00e9dula, oficio o exhorto, conforme a lo dispuesto por el ordenamiento procesal, a fin de que se presenten dentro de los treinta d\u00edas siguientes, acrediten con las partidas pertinentes sus v\u00edncu\u00adlos y, as\u00ed, se los incluya o no en la declaratoria de herederos que se dicte. Por consiguiente, la notificaci\u00f3n personal en el domicilio es determinante para calificar la buena fe. La denuncia del domicilio del heredero que no se ha presentado habilita el prove\u00eddo que ordena su citaci\u00f3n. Puede ocurrir que el juez omita despachar esa denuncia, caso en el cual se deber\u00e1 reiterar el proveimiento respectivo, ya que constituir\u00eda una conducta procesal re\u00f1ida con la lealtad y buena fe procesal guardar silencio ante la mentada irregularidad. La c\u00e9dula debe ser girada al domicilio denunciado. Si la diligencia diere resultado negativo, el juez puede advertirle que manifieste, a tal fin, si existe otro domicilio o insiste en \u00e9l. En todos los casos, si el citado comparece y hace valer sus derechos, la cuesti\u00f3n queda concluida. Pero si, cumplida la misma, el citado guarda silencio, habr\u00e1 de considerar que los herederos a declarar como tales son los presentados como \u201c\u00fanicas personas que en ese estadio procesal se presentaron a fin de recoger la herencia\u201d. Si el resultado es negativo y no se conoce otro domicilio a denunciar, puede entenderse que la publicaci\u00f3n de edictos alcanza a cumplir los mismos efectos. Ello por cuanto la citaci\u00f3n por edictos procede cuando se tratase de personas cuyo domicilio se ignorase.<\/p>\n<p>En el caso planteado, el nombre y domicilio de los otros herederos del causante fueron denunciados, el juez orden\u00f3 su citaci\u00f3n por c\u00e9dula, y obran agregadas en el expediente las c\u00e9dulas cursadas y el resultado negativo de las mismas, las cuales fueron fijadas en la puerta de los domicilios denunciados; y se ha cumplido con la citaci\u00f3n por medio de edictos; todo ello sumado a que, transcurrido el plazo previsto, las personas notificadas no se presentaron a hacer valer sus derechos. Por lo tanto, cabe afirmar que los actos procesales llevados a cabo en el expediente a fin de notificar a los herederos denunciados, en este caso particular, han sido cumplidos en legal forma. Indudablemente, en el caso planteado, podemos concluir que los terceros que contraten con los herederos que han obtenido a su favor declaratoria de herederos son de buena fe, atento a que los pasos procesales y los actos obrantes en el expediente judicial a fin de notificar a los herederos denunciados fueron cumplidos con arreglo a lo dispuesto en el ordenamiento procesal.<\/p>\n<p>&nbsp;<\/p>\n<a class=\"mwm-aal-item\" name=\"35-inicio-del-proceso-sucesorio-transcurridos-veinte-anos-sin-que-se-presenten-herederos-aceptando-o-repudiando-la-herencia\"><\/a><h3>3.5. Inicio del proceso sucesorio transcurridos veinte a\u00f1os sin que se presenten herederos aceptando o repudiando la herencia<\/h3>\n<p>El hecho de que los coherederos que aceptaron la herencia hayan iniciado la sucesi\u00f3n luego de transcurridos veinte a\u00f1os del fallecimiento del causante no invalida la soluci\u00f3n del caso planteado. Ello por cuanto, y siguiendo la postura mayoritaria \u2013en la que nos enrolamos\u2013, el principio general es considerarlos aceptantes al no haberse presentado otros coherederos con anterioridad aceptando la herencia. Y, en relaci\u00f3n a los dem\u00e1s herederos que fueron notificados y se abstuvieron, el hecho de que la sucesi\u00f3n se haya iniciado luego de transcurridos veinte a\u00f1os del fallecimiento del causante sin que nadie acepte o repudie la herencia no les otorga autom\u00e1ticamente calidad de aceptantes. Hasta tanto no se presenten en forma efectiva y concreta a manifestar su intenci\u00f3n de aceptar, su calidad de aceptantes queda en estado latente y pierde virtualidad ante la presencia de otros herederos que aceptaron.<\/p>\n<p>El texto de la nota al ar\u00adt\u00edcu\u00adlo 3313 en su parte pertinente dispone:<\/p>\n<blockquote><p>Despu\u00e9s de veinte a\u00f1os de silencio no tiene esta elecci\u00f3n: queda en el statu quo, es decir heredero sin que en adelante le sea posible renunciar. Lo contrario sucede en el caso en que el heredero que se ha abstenido, se encuentre en presencia de otros herederos que han aceptado la sucesi\u00f3n\u2026<\/p><\/blockquote>\n<p>En resumen, luego de transcurridos veinte a\u00f1os de la apertura de la sucesi\u00f3n, es suficiente que el heredero que se abstuvo y no acept\u00f3 la herencia est\u00e9 en presencia de otros herederos que la aceptaron para tenerlo por renunciante.<\/p>\n<p>El hecho de que hayan pasado veinte a\u00f1os sin que nadie se presente a aceptar la herencia no otorga autom\u00e1ticamente la calidad de heredero a quien con su actitud indiferente no se ha presentado en el proceso sucesorio durante m\u00e1s de treinta a\u00f1os. M\u00e1xime cuando hay herederos que s\u00ed se han presentado a aceptar la herencia. Y es por eso que no compartimos la opini\u00f3n del consultante en el sentido de que el juez tenga que incluir en la declaratoria de herederos a los herederos que no se presentaron.<\/p>\n<p>No pueden ser comprendidas en la declaratoria de herederos las personas que en ning\u00fan momento expresaron por v\u00eda de comparecencia concreta su voluntad de ser reconocidas como tales. Ello es as\u00ed por cuanto la inclusi\u00f3n en la declaratoria de herederos implica no solo los derechos de tal sino tambi\u00e9n las obligaciones, por lo que \u00fanicamente debe declararse a los legitimados que as\u00ed lo han solicitado expresamente, para lo cual se requiere una expresi\u00f3n categ\u00f3rica de voluntad en ese sentido, que la justicia no puede suplir. Esta soluci\u00f3n es la que se impone y ofrece la ventaja axiol\u00f3gica de realzar el valor seguridad al proteger a los aceptantes frente a los indiferentes.<\/p>\n<p>&nbsp;<\/p>\n<a class=\"mwm-aal-item\" name=\"36-normativa-actual\"><\/a><h3>3.6. Normativa actual<\/h3>\n<p>El <a href=\"http:\/\/servicios.infoleg.gob.ar\/infolegInternet\/verNorma.do?id=235975\" target=\"_blank\" rel=\"noopener\">C\u00f3digo Civil y Comercial<\/a> vigente a partir del 1 de agosto de 2015 (en adelante, \u201cCCCN\u201d), en su ar\u00adt\u00edcu\u00adlo 2288, dispone: \u201cEl derecho de aceptar la herencia caduca a los diez a\u00f1os de la apertura de la sucesi\u00f3n. El heredero que no la haya aceptado en ese plazo es tenido por renunciante\u201d. En tal sentido, el codificador sigui\u00f3 la soluci\u00f3n italiana, que parte del <a href=\"https:\/\/www.normattiva.it\/uri-res\/N2Ls?urn:nir:stato:regio.decreto:1942-03-16;262\" target=\"_blank\" rel=\"noopener\">C\u00f3digo Civil italiano de 1942<\/a>, donde, por la dificultad causada por el texto del <a href=\"https:\/\/it.wikisource.org\/wiki\/Codice_civile_(1865)\" target=\"_blank\" rel=\"noopener\">C\u00f3digo Civil del a\u00f1o 1865<\/a>, se introdujo una nueva disposici\u00f3n, la del ar\u00adt\u00edcu\u00adlo 480 que dispone: \u201cel derecho de aceptar la herencia se prescribe en diez a\u00f1os\u201d. Esta soluci\u00f3n fue seguida por los C\u00f3digos Civiles de <a href=\"https:\/\/www.oas.org\/dil\/esp\/codigo_civil_Venezuela.pdf\" class=\"mtli_attachment mtli_pdf\" target=\"_blank\" rel=\"noopener\">Venezuela<\/a>, <a href=\"https:\/\/dre.pt\/web\/guest\/legislacao-consolidada\/-\/lc\/34509075\/view\" target=\"_blank\" rel=\"noopener\">Portugal<\/a>, y <a href=\"https:\/\/www.oas.org\/dil\/esp\/codigo_civil_Bolivia.pdf\" class=\"mtli_attachment mtli_pdf\" target=\"_blank\" rel=\"noopener\">Bolivia<\/a>, con la sola diferencia de que el portugu\u00e9s, al igual que el actual argentino, considera que se trata de un caso de caducidad en lugar de prescripci\u00f3n. Y fue la doctrina seguida en el anteproyecto de 1954 y el <a href=\"http:\/\/campus.usal.es\/~derepriv\/refccarg\/proyecto\/\" target=\"_blank\" rel=\"noopener\">proyecto de 1998<\/a>, que siguieron la soluci\u00f3n italiana. Por lo tanto, para el CCCN, que rige a partir del 1 de agosto de 2015, en aquellas sucesiones cuya apertura haya operado con posterioridad a la fecha indicada, operada la caducidad, se reputar\u00e1 al heredero como extra\u00f1o a la sucesi\u00f3n.<\/p>\n<p>La caducidad es la extinci\u00f3n de un derecho por su no ejercicio durante el plazo fijado por la ley, mientras que la prescripci\u00f3n es la modificaci\u00f3n de ese derecho, consistente en la facultad del sujeto pasivo de obtener el rechazo de la acci\u00f3n tard\u00edamente entablada, sin entrar a considerar las condiciones de fondo para el progreso de tal acci\u00f3n. Con este criterio, la caducidad implicar\u00eda que el plazo no se suspender\u00eda ni interrumpir\u00eda; podr\u00eda ser declarada de oficio y solo la impedir\u00eda el cumplimiento del acto previsto por la ley; vale decir en este caso, la aceptaci\u00f3n expresa o t\u00e1cita de la herencia. No obstante, el ar\u00adt\u00edcu\u00adlo 2289 CCCN dispone:<\/p>\n<blockquote><p>Cualquier interesado puede solicitar judicialmente que el heredero sea intimado a aceptar o renunciar la herencia en un plazo no menor de un mes ni mayor de tres meses, renovable una vez por justa causa. Transcurrido el plazo sin haber respondido la intimaci\u00f3n, se lo tiene por aceptante.<\/p><\/blockquote>\n<p>Ello parecer\u00eda indicar que, mientras no hubiese transcurrido el plazo de diez a\u00f1os, el heredero puede ser intimado en forma fehaciente dentro del plazo indicado por el ar\u00adt\u00edcu\u00adlo 2289, a fin de ejercer su derecho de opci\u00f3n. Si no responde la intimaci\u00f3n, su silencio se interpreta como aceptaci\u00f3n.<\/p>\n<p>Y es importante destacar la contradicci\u00f3n entre el sentido que se le da al silencio en el caso de la se\u00f1alada intimaci\u00f3n, en los t\u00e9rminos del ar\u00adt\u00edcu\u00adlo 2289, en el cual es reputado aceptante, y la conferida al silencio en el contexto del mencionado ar\u00adt\u00edcu\u00adlo 2288.<\/p>\n<p>Si bien en el caso de consulta no resultan de aplicaci\u00f3n los preceptos del CCCN, dejamos esbozado un peque\u00f1o an\u00e1lisis de la normativa vigente, a fin de advertir del cambio de doctrina en la materia.<\/p>\n<p>&nbsp;<\/p>\n<a class=\"mwm-aal-item\" name=\"4-conclusion\"><\/a><h2>4. Conclusi\u00f3n<\/h2>\n<p>\u2022 Fallecido el causante con anterioridad al 1 de agosto de 2015, el derecho a elegir entre la aceptaci\u00f3n y la renuncia a la herencia se pierde por el transcurso de veinte a\u00f1os desde que la sucesi\u00f3n se abri\u00f3.<\/p>\n<p>\u2022 Habiendo transcurrido el plazo mencionado, el heredero que no hubiese ejercido su derecho de opci\u00f3n, dejando transcurrir el plazo sin pronunciarse, gozar\u00e1 o no del derecho de opci\u00f3n seg\u00fan cu\u00e1l haya sido la actitud que guardaron los restantes herederos llamados a suceder.<\/p>\n<p>\u2022 En principio, ser\u00e1 considerado aceptante, salvo que haya otros coherederos que hayan aceptado la herencia con anterioridad, supuesto en el cual el heredero que guard\u00f3 silencio por m\u00e1s de veinte a\u00f1os ser\u00e1 tenido como renunciante.<\/p>\n<p>\u2022 En consecuencia, no resulta observable el t\u00edtulo tra\u00eddo a consulta, por entender que los herederos denunciados que no se presentaron a aceptar la herencia deben ser tenidos por renunciantes, en virtud de existir otros herederos que la aceptaron, habiendo transcurrido m\u00e1s de veinte a\u00f1os desde la apertura de la sucesi\u00f3n.<\/p>\n<p>&nbsp;<\/p>\n<p>&nbsp;<\/p>\n<p>&nbsp;<\/p>\n<p>&nbsp;<\/p>\n<a class=\"mwm-aal-item\" name=\"notas\"><\/a><h2>Notas<\/h2>\n<div class=\"footnotes\">\n<div>\n<p><a id=\"footnote-567-*\" class=\"footnote\" href=\"#footnote-567-*-backlink\"> *<\/a><strong>. <\/strong>Dictamen aprobado en forma un\u00e1nime por los miembros de la Comisi\u00f3n de Consultas Jur\u00eddicas del Colegio de Escribanos de la Ciudad de Buenos Aires en su sesi\u00f3n del 31\/8\/2018 (expediente interno N\u00ba 16-02129-17).<\/p>\n<\/div>\n<div>\n<p><a id=\"footnote-567-1\" class=\"footnote\" href=\"#footnote-567-1-backlink\"> 1<\/a><strong>. <\/strong>Medina, Graciela, \u201cAceptaci\u00f3n o renuncia de la herencia despu\u00e9s de 20 a\u00f1os. Efectos en la sucesi\u00f3n\u00a0vacan\u00adte\u201d, en <em>Revista de Derecho de Familia y de las Personas<\/em>, Buenos Aires, La Ley, mayo 2011, cita online AR\/DOC\/965\/2011.<\/p>\n<\/div>\n<div>\n<p><a id=\"footnote-567-2\" class=\"footnote\" href=\"#footnote-567-2-backlink\"> 2<\/a><strong>. <\/strong>Belluscio, Augusto C., \u201cEl derecho de opci\u00f3n del llamado a la herencia\u201d, en <em>La Ley<\/em>, Buenos Aires, La Ley, suplemento especial 60\u00ba aniversario, 15\/11\/1995 (t.\u00a01995-E, cita online AR\/DOC\/9749\/2001).<\/p>\n<\/div>\n<div>\n<p><a id=\"footnote-567-3\" class=\"footnote\" href=\"#footnote-567-3-backlink\"> 3<\/a><strong>.<\/strong> \u00cddem.<\/p>\n<\/div>\n<div>\n<p><a id=\"footnote-567-4\" class=\"footnote\" href=\"#footnote-567-4-backlink\"> 4<\/a><strong>.<\/strong> \u00cddem.<\/p>\n<\/div>\n<div>\n<p><a id=\"footnote-567-5\" class=\"footnote\" href=\"#footnote-567-5-backlink\"> 5<\/a><strong>. <\/strong>\u00cddem; Caton, L., \u201cEl silencio del heredero que se ha abstenido acerca de la herencia\u201d, en <em>La Ley<\/em>, Buenos Aires, La Ley, t.\u00a098, p.\u00a0308.<\/p>\n<\/div>\n<div>\n<p><a id=\"footnote-567-6\" class=\"footnote\" href=\"#footnote-567-6-backlink\"> 6<\/a><strong>. <\/strong>[<em>N.\u00a0del E.<\/em>: ver V\u00e9lez Sarsfield, Dalmacio, <em>Notas del C\u00f3digo Civil de la Rep\u00fablica Argentina<\/em>, Buenos Aires, Pablo Coni Editor, 1872, p.\u00a0201, <a href=\"https:\/\/archive.org\/stream\/notasdelcdigoci00argegoog#page\/n196\/mode\/2up\" target=\"_blank\" rel=\"noopener\">aqu\u00ed<\/a>; fuente: <a href=\"https:\/\/bit.ly\/1lgt92Q\" target=\"_blank\" rel=\"noopener\">https:\/\/archive.org\/<\/a>; \u00faltima consulta: 29\/1\/2020].<\/p>\n<\/div>\n<div>\n<p><a id=\"footnote-567-7\" class=\"footnote\" href=\"#footnote-567-7-backlink\"> 7<\/a><strong>. <\/strong>CNCiv., Sala J, 24\/8\/2020, \u201cSimonelli, Olga Teresa s\/ sucesi\u00f3n ab-intestato\u201d (<em>La Ley<\/em>, AR\/JUR\/55191\/2010)<\/p>\n<\/div>\n<div>\n<p><a id=\"footnote-567-8\" class=\"footnote\" href=\"#footnote-567-8-backlink\"> 8<\/a><strong>. <\/strong>Maff\u00eda, Jorge O., \u201cDerecho de opci\u00f3n\u201d, en <em>La Ley<\/em>, Buenos Aires, La Ley, t.\u00a01981-B, p.\u00a0748 (cita online AR\/DOC\/2850\/2001).<\/p>\n<\/div>\n<div>\n<p><a id=\"footnote-567-9\" class=\"footnote\" href=\"#footnote-567-9-backlink\"> 9<\/a><strong>. <\/strong>Causse, Federico J., \u201cLa constituci\u00f3n procesal del heredero aparente\u201d, en AA. VV., <em>LII Seminario Te\u00f3rico Pr\u00e1ctico Laureano Arturo Moreira<\/em>, Buenos Aires, Academia Nacional del Notariado, 2006, pp.\u00a021-25 [<em>N.\u00a0del E.<\/em>: ver <a href=\"http:\/\/www.colescba.org.ar\/ics-wpd\/revista\/Textos\/RN955-2007-ann-causse.pdf\" class=\"mtli_attachment mtli_pdf\" target=\"_blank\" rel=\"noopener\">aqu\u00ed<\/a>; fuente: <em>Revista Notarial<\/em>; \u00faltima consulta: 30\/1\/2020].<\/p>\n<\/div>\n<\/div>\n<div>\n<p>&nbsp;<\/p>\n<\/div>\n","protected":false},"excerpt":{"rendered":"<p>Herencia; aceptaci\u00f3n de herencia; renuncia de herencia; derecho de opci\u00f3n; p\u00e9rdida del derecho de opci\u00f3n; declaratoria de herederos; coherederos.<\/p>\n","protected":false},"author":13,"featured_media":8640,"comment_status":"closed","ping_status":"open","sticky":false,"template":"","format":"standard","meta":{"_et_pb_use_builder":"","_et_pb_old_content":"","_et_gb_content_width":"","spay_email":"","footnotes":"","jetpack_publicize_message":"","jetpack_is_tweetstorm":false},"categories":[1],"tags":[2932,2933,2469,595,2931,778,1529,1516,1439,2936,2938,2935,376,2927,2929,2930,2928,1530,2934,2254,2937,351,2602],"class_list":["post-8639","post","type-post","status-publish","format-standard","has-post-thumbnail","hentry","category-uncategorized","tag-articulo-3313-cciv","tag-articulo-3315-cciv","tag-articulo-3430-cciv","tag-buena-fe","tag-coherederos","tag-codigo-civil-italia","tag-codigo-procesal-civil-y-comercial","tag-declaratoria-de-herederos","tag-derecho-aplicable","tag-heredero-aceptante","tag-heredero-aparente","tag-heredero-renunciante","tag-herencia","tag-herencia-aceptacion","tag-herencia-derecho-de-opcion","tag-herencia-plazo-para-aceptar","tag-herencia-renuncia","tag-juicio-sucesorio","tag-llamado-a-la-herencia","tag-procedimientos-sucesorios","tag-silencio-del-heredero","tag-sucesiones-2","tag-terceros-de-buena-fe","revista-936-abr-jun-2019","seccion-dictamenes","autor-sassone-romina-natalia","ao-2544","tema-aceptacion-de-herencia","tema-derecho-de-opcion-herencia","rama-derecho-procesal","rama-derecho-de-las-sucesiones"],"yoast_head":"<!-- This site is optimized with the Yoast SEO plugin v23.6 - https:\/\/yoast.com\/wordpress\/plugins\/seo\/ -->\n<title>Falta de aceptaci\u00f3n de herencia. Plazo para el ejercicio del derecho de opci\u00f3n - Revista del Notariado<\/title>\n<meta name=\"robots\" content=\"index, follow, max-snippet:-1, max-image-preview:large, max-video-preview:-1\" \/>\n<link rel=\"canonical\" href=\"https:\/\/www.revista-notariado.org.ar\/index.php\/2020\/03\/falta-de-aceptacion-de-herencia-plazo-para-el-ejercicio-del-derecho-de-opcion\/\" \/>\n<meta property=\"og:locale\" content=\"es_ES\" \/>\n<meta property=\"og:type\" content=\"article\" \/>\n<meta property=\"og:title\" content=\"Falta de aceptaci\u00f3n de herencia. Plazo para el ejercicio del derecho de opci\u00f3n - Revista del Notariado\" \/>\n<meta property=\"og:description\" content=\"Herencia; aceptaci\u00f3n de herencia; renuncia de herencia; derecho de opci\u00f3n; p\u00e9rdida del derecho de opci\u00f3n; declaratoria de herederos; coherederos.\" \/>\n<meta property=\"og:url\" content=\"https:\/\/www.revista-notariado.org.ar\/index.php\/2020\/03\/falta-de-aceptacion-de-herencia-plazo-para-el-ejercicio-del-derecho-de-opcion\/\" \/>\n<meta property=\"og:site_name\" content=\"Revista del Notariado\" \/>\n<meta property=\"article:publisher\" content=\"https:\/\/www.facebook.com\/revistadelnotariado\/\" \/>\n<meta property=\"article:published_time\" content=\"2020-03-06T19:17:55+00:00\" \/>\n<meta property=\"article:modified_time\" content=\"2021-09-24T17:27:11+00:00\" \/>\n<meta property=\"og:image\" content=\"https:\/\/www.revista-notariado.org.ar\/\/wp-content\/uploads\/2020\/02\/casita-amarilla_700x300.jpg\" \/>\n\t<meta property=\"og:image:width\" content=\"700\" \/>\n\t<meta property=\"og:image:height\" content=\"300\" \/>\n\t<meta property=\"og:image:type\" content=\"image\/jpeg\" \/>\n<meta name=\"author\" content=\"Ramiro Chanes\" \/>\n<meta name=\"twitter:card\" content=\"summary_large_image\" \/>\n<meta name=\"twitter:label1\" content=\"Escrito por\" \/>\n\t<meta name=\"twitter:data1\" content=\"Ramiro Chanes\" \/>\n\t<meta name=\"twitter:label2\" content=\"Tiempo de lectura\" \/>\n\t<meta name=\"twitter:data2\" content=\"26 minutos\" \/>\n<script type=\"application\/ld+json\" class=\"yoast-schema-graph\">{\"@context\":\"https:\/\/schema.org\",\"@graph\":[{\"@type\":\"Article\",\"@id\":\"https:\/\/www.revista-notariado.org.ar\/index.php\/2020\/03\/falta-de-aceptacion-de-herencia-plazo-para-el-ejercicio-del-derecho-de-opcion\/#article\",\"isPartOf\":{\"@id\":\"https:\/\/www.revista-notariado.org.ar\/index.php\/2020\/03\/falta-de-aceptacion-de-herencia-plazo-para-el-ejercicio-del-derecho-de-opcion\/\"},\"author\":{\"name\":\"Ramiro Chanes\",\"@id\":\"https:\/\/www.revista-notariado.org.ar\/#\/schema\/person\/69650fd2dba0e7da6aa342cb8508a6c3\"},\"headline\":\"Falta de aceptaci\u00f3n de herencia. Plazo para el ejercicio del derecho de opci\u00f3n\",\"datePublished\":\"2020-03-06T19:17:55+00:00\",\"dateModified\":\"2021-09-24T17:27:11+00:00\",\"mainEntityOfPage\":{\"@id\":\"https:\/\/www.revista-notariado.org.ar\/index.php\/2020\/03\/falta-de-aceptacion-de-herencia-plazo-para-el-ejercicio-del-derecho-de-opcion\/\"},\"wordCount\":5150,\"publisher\":{\"@id\":\"https:\/\/www.revista-notariado.org.ar\/#organization\"},\"image\":{\"@id\":\"https:\/\/www.revista-notariado.org.ar\/index.php\/2020\/03\/falta-de-aceptacion-de-herencia-plazo-para-el-ejercicio-del-derecho-de-opcion\/#primaryimage\"},\"thumbnailUrl\":\"https:\/\/www.revista-notariado.org.ar\/\/wp-content\/uploads\/2020\/02\/casita-amarilla_700x300.jpg\",\"keywords\":[\"Art\u00edculo 3313 CCIV\",\"Art\u00edculo 3315 CCIV\",\"Art\u00edculo 3430 CCIV\",\"buena fe\",\"Coherederos\",\"C\u00f3digo Civil Italia\",\"C\u00f3digo Procesal Civil y Comercial\",\"Declaratoria de herederos\",\"derecho aplicable\",\"Heredero aceptante\",\"Heredero aparente\",\"Heredero renunciante\",\"herencia\",\"Herencia - aceptaci\u00f3n\",\"Herencia - derecho de opci\u00f3n\",\"Herencia - plazo para aceptar\",\"Herencia - renuncia\",\"Juicio sucesorio\",\"Llamado a la herencia\",\"Procedimientos sucesorios\",\"Silencio del heredero\",\"Sucesiones\",\"Terceros de buena fe\"],\"articleSection\":[\"Varias\"],\"inLanguage\":\"es\"},{\"@type\":\"WebPage\",\"@id\":\"https:\/\/www.revista-notariado.org.ar\/index.php\/2020\/03\/falta-de-aceptacion-de-herencia-plazo-para-el-ejercicio-del-derecho-de-opcion\/\",\"url\":\"https:\/\/www.revista-notariado.org.ar\/index.php\/2020\/03\/falta-de-aceptacion-de-herencia-plazo-para-el-ejercicio-del-derecho-de-opcion\/\",\"name\":\"Falta de aceptaci\u00f3n de herencia. Plazo para el ejercicio del derecho de opci\u00f3n - Revista del Notariado\",\"isPartOf\":{\"@id\":\"https:\/\/www.revista-notariado.org.ar\/#website\"},\"primaryImageOfPage\":{\"@id\":\"https:\/\/www.revista-notariado.org.ar\/index.php\/2020\/03\/falta-de-aceptacion-de-herencia-plazo-para-el-ejercicio-del-derecho-de-opcion\/#primaryimage\"},\"image\":{\"@id\":\"https:\/\/www.revista-notariado.org.ar\/index.php\/2020\/03\/falta-de-aceptacion-de-herencia-plazo-para-el-ejercicio-del-derecho-de-opcion\/#primaryimage\"},\"thumbnailUrl\":\"https:\/\/www.revista-notariado.org.ar\/\/wp-content\/uploads\/2020\/02\/casita-amarilla_700x300.jpg\",\"datePublished\":\"2020-03-06T19:17:55+00:00\",\"dateModified\":\"2021-09-24T17:27:11+00:00\",\"breadcrumb\":{\"@id\":\"https:\/\/www.revista-notariado.org.ar\/index.php\/2020\/03\/falta-de-aceptacion-de-herencia-plazo-para-el-ejercicio-del-derecho-de-opcion\/#breadcrumb\"},\"inLanguage\":\"es\",\"potentialAction\":[{\"@type\":\"ReadAction\",\"target\":[\"https:\/\/www.revista-notariado.org.ar\/index.php\/2020\/03\/falta-de-aceptacion-de-herencia-plazo-para-el-ejercicio-del-derecho-de-opcion\/\"]}]},{\"@type\":\"ImageObject\",\"inLanguage\":\"es\",\"@id\":\"https:\/\/www.revista-notariado.org.ar\/index.php\/2020\/03\/falta-de-aceptacion-de-herencia-plazo-para-el-ejercicio-del-derecho-de-opcion\/#primaryimage\",\"url\":\"https:\/\/www.revista-notariado.org.ar\/\/wp-content\/uploads\/2020\/02\/casita-amarilla_700x300.jpg\",\"contentUrl\":\"https:\/\/www.revista-notariado.org.ar\/\/wp-content\/uploads\/2020\/02\/casita-amarilla_700x300.jpg\",\"width\":700,\"height\":300},{\"@type\":\"BreadcrumbList\",\"@id\":\"https:\/\/www.revista-notariado.org.ar\/index.php\/2020\/03\/falta-de-aceptacion-de-herencia-plazo-para-el-ejercicio-del-derecho-de-opcion\/#breadcrumb\",\"itemListElement\":[{\"@type\":\"ListItem\",\"position\":1,\"name\":\"Portada\",\"item\":\"https:\/\/www.revista-notariado.org.ar\/\"},{\"@type\":\"ListItem\",\"position\":2,\"name\":\"Falta de aceptaci\u00f3n de herencia. Plazo para el ejercicio del derecho de opci\u00f3n\"}]},{\"@type\":\"WebSite\",\"@id\":\"https:\/\/www.revista-notariado.org.ar\/#website\",\"url\":\"https:\/\/www.revista-notariado.org.ar\/\",\"name\":\"Revista del Notariado\",\"description\":\"Director: Carlos Marcelo D&#039;Alessio\",\"publisher\":{\"@id\":\"https:\/\/www.revista-notariado.org.ar\/#organization\"},\"potentialAction\":[{\"@type\":\"SearchAction\",\"target\":{\"@type\":\"EntryPoint\",\"urlTemplate\":\"https:\/\/www.revista-notariado.org.ar\/?s={search_term_string}\"},\"query-input\":{\"@type\":\"PropertyValueSpecification\",\"valueRequired\":true,\"valueName\":\"search_term_string\"}}],\"inLanguage\":\"es\"},{\"@type\":\"Organization\",\"@id\":\"https:\/\/www.revista-notariado.org.ar\/#organization\",\"name\":\"Revista del Notariado\",\"url\":\"https:\/\/www.revista-notariado.org.ar\/\",\"logo\":{\"@type\":\"ImageObject\",\"inLanguage\":\"es\",\"@id\":\"https:\/\/www.revista-notariado.org.ar\/#\/schema\/logo\/image\/\",\"url\":\"https:\/\/www.revista-notariado.org.ar\/\/wp-content\/uploads\/2020\/06\/Logo-para.mail_.png\",\"contentUrl\":\"https:\/\/www.revista-notariado.org.ar\/\/wp-content\/uploads\/2020\/06\/Logo-para.mail_.png\",\"width\":642,\"height\":80,\"caption\":\"Revista del Notariado\"},\"image\":{\"@id\":\"https:\/\/www.revista-notariado.org.ar\/#\/schema\/logo\/image\/\"},\"sameAs\":[\"https:\/\/www.facebook.com\/revistadelnotariado\/\"]},{\"@type\":\"Person\",\"@id\":\"https:\/\/www.revista-notariado.org.ar\/#\/schema\/person\/69650fd2dba0e7da6aa342cb8508a6c3\",\"name\":\"Ramiro Chanes\",\"image\":{\"@type\":\"ImageObject\",\"inLanguage\":\"es\",\"@id\":\"https:\/\/www.revista-notariado.org.ar\/#\/schema\/person\/image\/\",\"url\":\"https:\/\/secure.gravatar.com\/avatar\/08553b3e3ffdc7781f000c217c213fdb?s=96&d=mm&r=g\",\"contentUrl\":\"https:\/\/secure.gravatar.com\/avatar\/08553b3e3ffdc7781f000c217c213fdb?s=96&d=mm&r=g\",\"caption\":\"Ramiro Chanes\"},\"url\":\"https:\/\/www.revista-notariado.org.ar\/index.php\/author\/nadacomoelnotariado\/\"}]}<\/script>\n<!-- \/ Yoast SEO plugin. -->","yoast_head_json":{"title":"Falta de aceptaci\u00f3n de herencia. Plazo para el ejercicio del derecho de opci\u00f3n - Revista del Notariado","robots":{"index":"index","follow":"follow","max-snippet":"max-snippet:-1","max-image-preview":"max-image-preview:large","max-video-preview":"max-video-preview:-1"},"canonical":"https:\/\/www.revista-notariado.org.ar\/index.php\/2020\/03\/falta-de-aceptacion-de-herencia-plazo-para-el-ejercicio-del-derecho-de-opcion\/","og_locale":"es_ES","og_type":"article","og_title":"Falta de aceptaci\u00f3n de herencia. Plazo para el ejercicio del derecho de opci\u00f3n - Revista del Notariado","og_description":"Herencia; aceptaci\u00f3n de herencia; renuncia de herencia; derecho de opci\u00f3n; p\u00e9rdida del derecho de opci\u00f3n; declaratoria de herederos; coherederos.","og_url":"https:\/\/www.revista-notariado.org.ar\/index.php\/2020\/03\/falta-de-aceptacion-de-herencia-plazo-para-el-ejercicio-del-derecho-de-opcion\/","og_site_name":"Revista del Notariado","article_publisher":"https:\/\/www.facebook.com\/revistadelnotariado\/","article_published_time":"2020-03-06T19:17:55+00:00","article_modified_time":"2021-09-24T17:27:11+00:00","og_image":[{"width":700,"height":300,"url":"https:\/\/www.revista-notariado.org.ar\/\/wp-content\/uploads\/2020\/02\/casita-amarilla_700x300.jpg","type":"image\/jpeg"}],"author":"Ramiro Chanes","twitter_card":"summary_large_image","twitter_misc":{"Escrito por":"Ramiro Chanes","Tiempo de lectura":"26 minutos"},"schema":{"@context":"https:\/\/schema.org","@graph":[{"@type":"Article","@id":"https:\/\/www.revista-notariado.org.ar\/index.php\/2020\/03\/falta-de-aceptacion-de-herencia-plazo-para-el-ejercicio-del-derecho-de-opcion\/#article","isPartOf":{"@id":"https:\/\/www.revista-notariado.org.ar\/index.php\/2020\/03\/falta-de-aceptacion-de-herencia-plazo-para-el-ejercicio-del-derecho-de-opcion\/"},"author":{"name":"Ramiro Chanes","@id":"https:\/\/www.revista-notariado.org.ar\/#\/schema\/person\/69650fd2dba0e7da6aa342cb8508a6c3"},"headline":"Falta de aceptaci\u00f3n de herencia. Plazo para el ejercicio del derecho de opci\u00f3n","datePublished":"2020-03-06T19:17:55+00:00","dateModified":"2021-09-24T17:27:11+00:00","mainEntityOfPage":{"@id":"https:\/\/www.revista-notariado.org.ar\/index.php\/2020\/03\/falta-de-aceptacion-de-herencia-plazo-para-el-ejercicio-del-derecho-de-opcion\/"},"wordCount":5150,"publisher":{"@id":"https:\/\/www.revista-notariado.org.ar\/#organization"},"image":{"@id":"https:\/\/www.revista-notariado.org.ar\/index.php\/2020\/03\/falta-de-aceptacion-de-herencia-plazo-para-el-ejercicio-del-derecho-de-opcion\/#primaryimage"},"thumbnailUrl":"https:\/\/www.revista-notariado.org.ar\/\/wp-content\/uploads\/2020\/02\/casita-amarilla_700x300.jpg","keywords":["Art\u00edculo 3313 CCIV","Art\u00edculo 3315 CCIV","Art\u00edculo 3430 CCIV","buena fe","Coherederos","C\u00f3digo Civil Italia","C\u00f3digo Procesal Civil y Comercial","Declaratoria de herederos","derecho aplicable","Heredero aceptante","Heredero aparente","Heredero renunciante","herencia","Herencia - aceptaci\u00f3n","Herencia - derecho de opci\u00f3n","Herencia - plazo para aceptar","Herencia - renuncia","Juicio sucesorio","Llamado a la herencia","Procedimientos sucesorios","Silencio del heredero","Sucesiones","Terceros de buena fe"],"articleSection":["Varias"],"inLanguage":"es"},{"@type":"WebPage","@id":"https:\/\/www.revista-notariado.org.ar\/index.php\/2020\/03\/falta-de-aceptacion-de-herencia-plazo-para-el-ejercicio-del-derecho-de-opcion\/","url":"https:\/\/www.revista-notariado.org.ar\/index.php\/2020\/03\/falta-de-aceptacion-de-herencia-plazo-para-el-ejercicio-del-derecho-de-opcion\/","name":"Falta de aceptaci\u00f3n de herencia. Plazo para el ejercicio del derecho de opci\u00f3n - Revista del Notariado","isPartOf":{"@id":"https:\/\/www.revista-notariado.org.ar\/#website"},"primaryImageOfPage":{"@id":"https:\/\/www.revista-notariado.org.ar\/index.php\/2020\/03\/falta-de-aceptacion-de-herencia-plazo-para-el-ejercicio-del-derecho-de-opcion\/#primaryimage"},"image":{"@id":"https:\/\/www.revista-notariado.org.ar\/index.php\/2020\/03\/falta-de-aceptacion-de-herencia-plazo-para-el-ejercicio-del-derecho-de-opcion\/#primaryimage"},"thumbnailUrl":"https:\/\/www.revista-notariado.org.ar\/\/wp-content\/uploads\/2020\/02\/casita-amarilla_700x300.jpg","datePublished":"2020-03-06T19:17:55+00:00","dateModified":"2021-09-24T17:27:11+00:00","breadcrumb":{"@id":"https:\/\/www.revista-notariado.org.ar\/index.php\/2020\/03\/falta-de-aceptacion-de-herencia-plazo-para-el-ejercicio-del-derecho-de-opcion\/#breadcrumb"},"inLanguage":"es","potentialAction":[{"@type":"ReadAction","target":["https:\/\/www.revista-notariado.org.ar\/index.php\/2020\/03\/falta-de-aceptacion-de-herencia-plazo-para-el-ejercicio-del-derecho-de-opcion\/"]}]},{"@type":"ImageObject","inLanguage":"es","@id":"https:\/\/www.revista-notariado.org.ar\/index.php\/2020\/03\/falta-de-aceptacion-de-herencia-plazo-para-el-ejercicio-del-derecho-de-opcion\/#primaryimage","url":"https:\/\/www.revista-notariado.org.ar\/\/wp-content\/uploads\/2020\/02\/casita-amarilla_700x300.jpg","contentUrl":"https:\/\/www.revista-notariado.org.ar\/\/wp-content\/uploads\/2020\/02\/casita-amarilla_700x300.jpg","width":700,"height":300},{"@type":"BreadcrumbList","@id":"https:\/\/www.revista-notariado.org.ar\/index.php\/2020\/03\/falta-de-aceptacion-de-herencia-plazo-para-el-ejercicio-del-derecho-de-opcion\/#breadcrumb","itemListElement":[{"@type":"ListItem","position":1,"name":"Portada","item":"https:\/\/www.revista-notariado.org.ar\/"},{"@type":"ListItem","position":2,"name":"Falta de aceptaci\u00f3n de herencia. Plazo para el ejercicio del derecho de opci\u00f3n"}]},{"@type":"WebSite","@id":"https:\/\/www.revista-notariado.org.ar\/#website","url":"https:\/\/www.revista-notariado.org.ar\/","name":"Revista del Notariado","description":"Director: Carlos Marcelo D&#039;Alessio","publisher":{"@id":"https:\/\/www.revista-notariado.org.ar\/#organization"},"potentialAction":[{"@type":"SearchAction","target":{"@type":"EntryPoint","urlTemplate":"https:\/\/www.revista-notariado.org.ar\/?s={search_term_string}"},"query-input":{"@type":"PropertyValueSpecification","valueRequired":true,"valueName":"search_term_string"}}],"inLanguage":"es"},{"@type":"Organization","@id":"https:\/\/www.revista-notariado.org.ar\/#organization","name":"Revista del Notariado","url":"https:\/\/www.revista-notariado.org.ar\/","logo":{"@type":"ImageObject","inLanguage":"es","@id":"https:\/\/www.revista-notariado.org.ar\/#\/schema\/logo\/image\/","url":"https:\/\/www.revista-notariado.org.ar\/\/wp-content\/uploads\/2020\/06\/Logo-para.mail_.png","contentUrl":"https:\/\/www.revista-notariado.org.ar\/\/wp-content\/uploads\/2020\/06\/Logo-para.mail_.png","width":642,"height":80,"caption":"Revista del Notariado"},"image":{"@id":"https:\/\/www.revista-notariado.org.ar\/#\/schema\/logo\/image\/"},"sameAs":["https:\/\/www.facebook.com\/revistadelnotariado\/"]},{"@type":"Person","@id":"https:\/\/www.revista-notariado.org.ar\/#\/schema\/person\/69650fd2dba0e7da6aa342cb8508a6c3","name":"Ramiro Chanes","image":{"@type":"ImageObject","inLanguage":"es","@id":"https:\/\/www.revista-notariado.org.ar\/#\/schema\/person\/image\/","url":"https:\/\/secure.gravatar.com\/avatar\/08553b3e3ffdc7781f000c217c213fdb?s=96&d=mm&r=g","contentUrl":"https:\/\/secure.gravatar.com\/avatar\/08553b3e3ffdc7781f000c217c213fdb?s=96&d=mm&r=g","caption":"Ramiro Chanes"},"url":"https:\/\/www.revista-notariado.org.ar\/index.php\/author\/nadacomoelnotariado\/"}]}},"jetpack_featured_media_url":"https:\/\/www.revista-notariado.org.ar\/\/wp-content\/uploads\/2020\/02\/casita-amarilla_700x300.jpg","jetpack_publicize_connections":[],"jetpack_sharing_enabled":true,"jetpack_shortlink":"https:\/\/wp.me\/p50Sui-2fl","jetpack-related-posts":[],"_links":{"self":[{"href":"https:\/\/www.revista-notariado.org.ar\/index.php\/wp-json\/wp\/v2\/posts\/8639"}],"collection":[{"href":"https:\/\/www.revista-notariado.org.ar\/index.php\/wp-json\/wp\/v2\/posts"}],"about":[{"href":"https:\/\/www.revista-notariado.org.ar\/index.php\/wp-json\/wp\/v2\/types\/post"}],"author":[{"embeddable":true,"href":"https:\/\/www.revista-notariado.org.ar\/index.php\/wp-json\/wp\/v2\/users\/13"}],"replies":[{"embeddable":true,"href":"https:\/\/www.revista-notariado.org.ar\/index.php\/wp-json\/wp\/v2\/comments?post=8639"}],"version-history":[{"count":8,"href":"https:\/\/www.revista-notariado.org.ar\/index.php\/wp-json\/wp\/v2\/posts\/8639\/revisions"}],"predecessor-version":[{"id":11873,"href":"https:\/\/www.revista-notariado.org.ar\/index.php\/wp-json\/wp\/v2\/posts\/8639\/revisions\/11873"}],"wp:featuredmedia":[{"embeddable":true,"href":"https:\/\/www.revista-notariado.org.ar\/index.php\/wp-json\/wp\/v2\/media\/8640"}],"wp:attachment":[{"href":"https:\/\/www.revista-notariado.org.ar\/index.php\/wp-json\/wp\/v2\/media?parent=8639"}],"wp:term":[{"taxonomy":"category","embeddable":true,"href":"https:\/\/www.revista-notariado.org.ar\/index.php\/wp-json\/wp\/v2\/categories?post=8639"},{"taxonomy":"post_tag","embeddable":true,"href":"https:\/\/www.revista-notariado.org.ar\/index.php\/wp-json\/wp\/v2\/tags?post=8639"}],"curies":[{"name":"wp","href":"https:\/\/api.w.org\/{rel}","templated":true}]}}