{"id":6188,"date":"2018-03-15T16:38:20","date_gmt":"2018-03-15T19:38:20","guid":{"rendered":"http:\/\/www.revista-notariado.org.ar\/?p=6188"},"modified":"2022-01-26T12:14:34","modified_gmt":"2022-01-26T15:14:34","slug":"guillermo-brown-en-el-bicentenario-de-nuestra-independencia","status":"publish","type":"post","link":"https:\/\/www.revista-notariado.org.ar\/index.php\/2018\/03\/guillermo-brown-en-el-bicentenario-de-nuestra-independencia\/","title":{"rendered":"Guillermo Brown, en el bicentenario de nuestra independencia"},"content":{"rendered":"<p><a href=\"http:\/\/www.diasdehistoria.com.ar\/userfiles\/image\/almirante-brown.jpg\" target=\"_blank\" rel=\"noopener\"><img loading=\"lazy\" decoding=\"async\" class=\"aligncenter wp-image-5525 size-full\" src=\"https:\/\/www.revista-notariado.org.ar\/wp-content\/uploads\/2018\/02\/almirante-brown_700x300.jpg\" alt=\"almirante-brown_700x300\" width=\"700\" height=\"300\" \/><\/a><\/p>\n<p style=\"text-align: right;\"><sup><em>Imagen: <a href=\"http:\/\/www.diasdehistoria.com.ar\/content\/el-eco-tr\u00e1gico-de-aquellos-ca\u00f1ones\" target=\"_blank\" rel=\"noopener\">Web D\u00edas de Historia<\/a><\/em><\/sup><\/p>\n<p>&nbsp;<\/p>\n<p style=\"background-color: #f8e0e0; padding: 10px;\">Autora:<strong> Emilia E. Menotti<\/strong>\u00a0 <strong>|<\/strong>\u00a0 (<a href=\"https:\/\/www.revista-notariado.org.ar\/biografia\/emilia-edda-menotti\/\" target=\"_blank\" rel=\"noopener\">ver bio<\/a>)<\/p>\n<p style=\"background-color: #f2f2f2; padding: 10px;\"><strong><span style=\"color: #000080;\">Resumen<\/span>:<\/strong> El almirante Guillermo Brown, con autoridad y energ\u00eda, cumpli\u00f3 un magisterio heroico de amplia resonancia en nuestro pa\u00eds. Irland\u00e9s de origen, honr\u00f3 y am\u00f3 a esta, su patria de adopci\u00f3n, a la que dedic\u00f3 un extenso lapso de su vida. Fue esencialmente un marino, un conductor que brind\u00f3 a nuestra Naci\u00f3n la iniciativa sobre el mar. En el R\u00edo de la Plata, le cupo la gloria de defender la causa patriota y vencer a los realistas en Mart\u00edn Garc\u00eda y Montevideo (1814): \u201clo m\u00e1s grande que hasta el presente ha realizado la revoluci\u00f3n\u201d, como dijera el general San Mart\u00edn. Para defender la soberan\u00eda del Estado, se apel\u00f3 a un sistema utilizado en la \u00e9poca, la guerra de corso, y, en septiembre de 1815, el director supremo, \u00c1lvarez Thomas, le otorg\u00f3 a Brown su conducci\u00f3n. Con la H\u00e9rcules, la Sant\u00edsima Trinidad y la Halc\u00f3n con Hip\u00f3lito Bouchard, realiz\u00f3 la Campa\u00f1a al Pac\u00edfico de 1815, con la que, en coincidencia con el Plan Continental de San Mart\u00edn, llev\u00f3 los ideales americanistas. Uni\u00f3 el Atl\u00e1ntico con el Pac\u00edfico a trav\u00e9s del Cabo de Hornos; recort\u00f3 las costas chilenas; bloque\u00f3 El Callao; lleg\u00f3 a Guayaquil, ciudad que no pudo tomar al bajar las aguas del r\u00edo Guayas, pero sus principios fueron comprendidos por la poblaci\u00f3n, que el 9 de octubre declar\u00f3 su independencia adoptando para su pabell\u00f3n los colores de la bandera que enarbolaron sus naves. En Buenaventura (Nueva Granada), su presencia fue un positivo aporte para los defensores de la libertad. A m\u00e1s de veinte a\u00f1os de esta gesta, Brown manifestaba que \u201cas\u00ed en los tiempos presentes como en los venideros\u201d nada le resultaba m\u00e1s agradable \u201cque saber que yo haya contribuido en algo [&#8230;] a un objeto tan deseable como en la eterna independencia de la Am\u00e9rica del Sur\u201d. Los valiosos aportes de Brown lo ubican dentro de los arquetipos que bregaron por la consolidaci\u00f3n de la Gran Patria Americana.<a id=\"footnote-179008-*-backlink\" class=\"footnote\" href=\"#footnote-179008-*\">*<\/a><\/p>\n<p style=\"background-color: #f2f2f2; padding: 10px;\"><sup><span style=\"color: #000080;\">Recibido: <\/span>8\/9\/2017 \u00a0<strong><span style=\"color: #000080;\">| \u00a0<\/span><\/strong><span style=\"color: #000080;\">Aceptado: <\/span>20\/12\/2017<\/sup><\/p>\n<p>&nbsp;<\/p>\n<p>&nbsp;<\/p>\n<a class=\"mwm-aal-item\" name=\"desarrollo\"><\/a><h2>Desarrollo<\/h2>\n<p>En el bicentenario de la Declaraci\u00f3n de la Independencia, recordarnos hechos y personajes vinculados con el magno acontecimiento, en observancia de una actividad c\u00edvica, patri\u00f3tica y educativa que debe constituir una fuente de acci\u00f3n estimuladora. El acto conmemorativo, m\u00e1s all\u00e1 de su contexto emocional, no se agota en el cumplimiento de una meta, ya que es un punto de partida para seguir inspir\u00e1ndonos en esas horas de alumbramiento que modificaron el panorama hist\u00f3rico y pol\u00edtico del\u00a0<em>novus orbis<\/em>.<\/p>\n<p>Am\u00e9rica era el \u201cmundo nuevo\u201d, la posibilidad para el Antiguo Continente de convertir la utop\u00eda y, con el descubrimiento, alimentar el mito y la leyenda. El hombre de Am\u00e9rica debi\u00f3 promover sus rasgos fundamentales; labrar una manera propia y organizarse para introducir en la zona de la universalidad, su estilo particular y diferente. Dir\u00e1 de \u00e9l Sarmiento: \u201ccriado en la lucha por la existencia, m\u00e1s que m\u00eda, de mi patria\u201d. Las f\u00e9rreas disposiciones coloniales no pudieron impedir que un sentimiento de libertad y autonom\u00eda generase una voluntad revolucionaria aleccionada por las mentes precursoras e ilustradas y llevada a su concreci\u00f3n definitiva por los grandes jefes libertadores y un pueblo rebelde que asumi\u00f3 su responsabilidad hist\u00f3rica.<\/p>\n<p>Recordamos que, ya en 1792, el jesuita Juan Pablo Viscardo y Guzm\u00e1n, en la\u00a0<em>Carta a los espa\u00f1oles americanos<\/em>, consideraba que hab\u00eda llegado el momento de la \u201cverdadera proclama de la independencia americana\u201d, y as\u00ed dec\u00eda:<\/p>\n<blockquote><p>\u2026\u00a0la sabia libertad, don precioso del cielo, acompa\u00f1ada de todas las virtudes y seguida de prosperidad, comenzar\u00e1 su reino en el Nuevo Mundo y la tiran\u00eda ser\u00e1 inmediatamente exterminada [\u2026] Plugiese a Dios que este d\u00eda, el m\u00e1s dichoso que habr\u00e1 amanecido jam\u00e1s no digo para la Am\u00e9rica sino para el mundo entero, llegue sin dilaci\u00f3n [\u2026] De esta manera la Am\u00e9rica reunir\u00e1 las extremidades de la tierra y sus habitantes ser\u00e1n atados al inter\u00e9s com\u00fan de una sola grande familia de hermanos. <a id=\"footnote-179008-1-backlink\" class=\"footnote\" href=\"#footnote-179008-1\">1<\/a><\/p><\/blockquote>\n<p>Son palabras prof\u00e9ticas que invocan la independencia y la interrelaci\u00f3n fraterna de los pueblos y tendr\u00e1n su ratificaci\u00f3n por obra de los congresales de Tucum\u00e1n, ya que esas premisas anidaban en el esp\u00edritu de todos ellos.<\/p>\n<p>Y en Am\u00e9rica, nuestra Am\u00e9rica seg\u00fan la denomin\u00f3 por primera vez el poeta santafere\u00f1o Hernando Dom\u00ednguez Camargo en 1650, el movimiento independentista fue sincr\u00f3nico, a pesar de las distancias, y engendr\u00f3 en sus pr\u00f3ceres una corriente ideol\u00f3gica que auspiciaba la unidad como recurso indispensable para la libertad. <a id=\"footnote-179008-2-backlink\" class=\"footnote\" href=\"#footnote-179008-2\">2<\/a>\u00a0Hispanoam\u00e9rica no tard\u00f3 en expresarse al forjar el camino hacia la existencia de la gran naci\u00f3n y de un destino que los calendarios de la historia determinan con precisi\u00f3n. Y, a trav\u00e9s de la historia, componente fundamental de la memoria colectiva que nos permite interpretar e interpelar el pasado, se proyecta la presencia de los referentes que han contribuido a modelar una identidad nacional, afirmando las bases fundadoras del Estado y transfiriendo a las generaciones futuras la herencia invalorable de sus virtudes, entrega al deber y recta moral ciudadana.<\/p>\n<p>En este contexto, sobresale la sombra gigante del almirante Guillermo Brown, quien no pas\u00f3 en vano por esta tierra y cuyo accionar, el papel que le toc\u00f3 representar y el \u00e9xito que obtuvo lo convierten en figura ejemplar y en h\u00e9roe no con dimensi\u00f3n legendaria sino como la recta personificaci\u00f3n del hombre capaz, id\u00f3neo, del capit\u00e1n que asume el mando impulsado hacia un fin, hacia un ideal. Irland\u00e9s, heredero de la tradici\u00f3n ancestral de libertad de los celtas, su hom\u00e9rica epopeya abri\u00f3 la iniciativa en el mar y, como manifest\u00f3 Tom\u00e1s Guido: \u201csemejante al Pampero, alegraba el oc\u00e9ano del sud con los ca\u00f1onazos de la libertad\u201d. La ingente tarea de Brown y sus consecuencias en el devenir del pa\u00eds no deben examinarse con criterio reduccionista o esquem\u00e1tico. Su verdadera importancia trasciende el contexto general en el cual se desenvolvi\u00f3 su misi\u00f3n y el entramado hist\u00f3rico que determinaron la consumaci\u00f3n de su proeza.<\/p>\n<p>En el R\u00edo de la Plata, hace m\u00e1s de doscientos a\u00f1os, concret\u00f3 su verdadero y gran destino. A \u00e9l cupo la gloria de utilizar el arma decisiva del poder naval en la lucha por la independencia, en la que comprometi\u00f3 sus convicciones m\u00e1s profundas. La superioridad realista de Montevideo sobre las aguas rioplatenses oblig\u00f3 al Director Supremo Gervasio Antonio Posadas a formar una escuadra y, superando las dificultades del proyecto, ofreci\u00f3 a Brown \u201cel empleo de Teniente Coronel del ex\u00e9rcito y Comandante de la Marina del Estado\u201d el 1\u00ba de marzo de 1814. Brown asumi\u00f3 esa responsabilidad en coincidencia con las palabras del poeta Virgilio: \u201c<em>labor omnia vincit improbus<\/em>\u201d (el trabajo tenaz todo lo vence). Con excepcional capacidad de mando, esp\u00edritu organizativo e indomable energ\u00eda, convirti\u00f3 en marinos a biso\u00f1os criollos que jam\u00e1s hab\u00edan navegado. Con barcos de mediana envergadura y en una campa\u00f1a que dur\u00f3 poco m\u00e1s de dos meses, asumi\u00f3 la defensa del Plata y los r\u00edos interiores.<\/p>\n<p>El 15 de marzo, obtuvo el rotundo triunfo de Mart\u00edn Garc\u00eda<\/p>\n<blockquote><p>Ese d\u00eda \u2013seg\u00fan narra Brown en su Memoria\u2013, a las cuatro de la ma\u00f1ana, la tropa y marineros, sumando unos ciento cincuenta, desembarcaron bajo un vivo fuego que part\u00eda de los bosques de la isla. Como era el d\u00eda de San Patricio, el tambor y el p\u00edfano (irlandeses ambos) ejecutaron el aire nacional y a sus acordes los asaltantes se treparon a la colina, adue\u00f1\u00e1ndose prontamente de la isla. Los espa\u00f1oles se reembarcaron en sus buques y huyeron en la mayor confusi\u00f3n, abandonando a los vencedores todas sus provisiones, bagajes y algunos inv\u00e1lidos y mujeres. <a id=\"footnote-179008-3-backlink\" class=\"footnote\" href=\"#footnote-179008-3\">3<\/a><\/p><\/blockquote>\n<p>Mart\u00edn Garc\u00eda abri\u00f3 el camino a la victoria naval de Montevideo. Con valent\u00eda e ingenio, bloque\u00f3 el apostadero naval, impidiendo el reabastecimiento de los pobladores de Montevideo.<\/p>\n<p>Brown, como Tem\u00edstocles en Salamina, aplicando la t\u00e1ctica, que consiste en la disposici\u00f3n y direcci\u00f3n de los combates, y la estrategia, que es el arte de ligarlos para obtener el fin de la guerra, puso en pr\u00e1ctica un plan de acci\u00f3n para el logro de un objetivo concreto: tomar la ciudad y poner fin a la presencia realista en el Plata. El 17 de mayo, se defini\u00f3 la victoria y Brown bien pudo decir \u201cy as\u00ed se salv\u00f3 el R\u00edo de la Plata\u201d. El 23 de junio, la fortaleza fue ocupada por el ej\u00e9rcito sitiador al mando de Alvear y la gesta rioplatense mereci\u00f3 el expresivo juicio de San Mart\u00edn: \u201cla victoria naval de Montevideo es lo m\u00e1s grande que hasta el presente ha realizado la revoluci\u00f3n\u201d. <a id=\"footnote-179008-4-backlink\" class=\"footnote\" href=\"#footnote-179008-4\">4<\/a><\/p>\n<p>Se avanzaba hacia la consolidaci\u00f3n del Estado de derecho, porque las Provincias del R\u00edo de la Plata, libres de la presencia del pacificador Pablo Morillo \u2013quien, por esa acci\u00f3n, deriv\u00f3 su rumbo hacia Venezuela\u2013, pudieron encauzar sus energ\u00edas hacia planes de apoyo bien sistematizados para consolidar la independencia continental. La \u00e9pica campa\u00f1a no solo asegur\u00f3 la vigencia de los principios proclamados en 1810, sino que se convirti\u00f3 en un punto clave porque comenz\u00f3 a forjarse con caracteres bien definidos la mentalidad naval expresada por San Mart\u00edn en su Plan Continental: uni\u00f3n de las fuerzas de tierra y mar para afirmar la libertad de los pueblos americanos.<\/p>\n<p>Con el retorno de Fernando VII al trono espa\u00f1ol en 1814 y el fusilamiento de Morelos, l\u00edder mexicano continuador de la lucha de Miguel Hidalgo en San Crist\u00f3bal de Ecatepec el 22 de diciembre de 1815, este a\u00f1o aport\u00f3, frente al predominio absolutista, un inestimable material desde la concepci\u00f3n americanista que urg\u00eda la uni\u00f3n de los pueblos para lograr su independencia. Ese panorama cr\u00edtico, que surgi\u00f3 con la represi\u00f3n realista, en especial con la que aplic\u00f3 Morillo al poner en vigencia aquella terrible sentencia de Breno \u201c<em>vae victis<\/em>\u201d (\u201c\u00a1Ay de los vencidos!\u201d), no fue obs\u00adt\u00e1cu\u00adlo para que San Mart\u00edn y Bol\u00edvar, dos mentes l\u00facidas, emitieran sendos documentos.<\/p>\n<p>En Jamaica, Sim\u00f3n Bol\u00edvar, el exiliado presidente de la 2\u00aa Rep\u00fablica de Venezuela, derrotado en La Puerta por las fuerzas montoneras de Boves, explicaba en un documento que conocemos como\u00a0<a href=\"https:\/\/es.wikipedia.org\/wiki\/Carta_de_Jamaica\" target=\"_blank\" rel=\"noopener\">Carta de Jamaica<\/a>, el 6 de septiembre de 1815, el sentido de las revoluciones que ocurr\u00edan en Hispanoam\u00e9rica, con miras a obtener su independencia. Analizaba regi\u00f3n por regi\u00f3n y, con respecto al R\u00edo de la Plata dec\u00eda:<\/p>\n<blockquote><p>El belicoso Estado de las Provincias del R\u00edo de la Plata ha purgado su territorio y conducido sus armas vencedoras al Alto Per\u00fa, conmoviendo a Arequipa e inquietando a los realistas de Lima. Cerca de un mill\u00f3n de habitantes disfruta all\u00ed de la libertad. <a id=\"footnote-179008-5-backlink\" class=\"footnote\" href=\"#footnote-179008-5\">5<\/a><\/p><\/blockquote>\n<p>Bol\u00edvar estaba absolutamente convencido, pese a esa situaci\u00f3n, de que lo \u00fanico que pod\u00eda garantizar el futuro del continente era la unidad: \u201cYo deseo m\u00e1s que otro alguno ver formar en Am\u00e9rica la m\u00e1s grande naci\u00f3n del mundo, menos por su extensi\u00f3n y riquezas que por su libertad y gloria\u201d. Para lograrlo \u2013se\u00f1alaba\u2013, era necesaria la uni\u00f3n, mas esta uni\u00f3n \u2013dec\u00eda\u2013 \u201cno nos vendr\u00e1 por prodigios divinos sino por efectos sensibles y esfuerzos bien dirigidos\u201d. <a id=\"footnote-179008-6-backlink\" class=\"footnote\" href=\"#footnote-179008-6\">6<\/a><\/p>\n<p>San Mart\u00edn en el oficio al Cabildo de Mendoza, el 19 de octubre del mismo a\u00f1o, expresaba que era urgente la reuni\u00f3n de la Asamblea Nacional \u201cque ha de fixar la suerte de la Am\u00e9rica del Sur\u201d y reitera la m\u00e1s especial recomendaci\u00f3n \u201cde que inste [\u2026] al fin de equipar cuanto antes dicha escuadra\u201d. Se refer\u00eda a lo ya solicitado al Director Supremo: \u201cque s\u00f3lo esperaba la decisiva declaraci\u00f3n de la independencia y la necesidad de una acci\u00f3n naval en apoyo de sus planes\u201d.<\/p>\n<p>La situaci\u00f3n econ\u00f3mica del Estado imped\u00eda concretar ese intento. Y as\u00ed consta en la carta del director \u00c1lvarez Thomas a San Mart\u00edn del 1\u00ba de septiembre de 1815:<\/p>\n<blockquote><p>La esquadra hubiera hecho prodigios en la Mar del Sur pero la falta de argent nos ha puesto en la precisi\u00f3n de desistir aunque no les desean poco que hacer los corsarios que han salido y saldr\u00e1n. <a id=\"footnote-179008-7-backlink\" class=\"footnote\" href=\"#footnote-179008-7\">7<\/a><\/p><\/blockquote>\n<p>Se apel\u00f3 entonces a una metodolog\u00eda mar\u00edtima cuya acci\u00f3n se hab\u00eda hecho sentir en nuestras costas desde los primeros a\u00f1os del siglo XVII, la de la guerra de corso. Es por ello que, en carta del 9 de octubre, \u00c1lvarez Thomas pudo comunicar a San Mart\u00edn que \u201ciban a salir cuatro nav\u00edos excelentemente aparejados para los mares del sur\u201d. Seg\u00fan la opini\u00f3n del almirante Laurio Dest\u00e9fani, la guerra de corso se inici\u00f3 en forma notable hacia 1814 en el Atl\u00e1ntico y el Caribe y alcanz\u00f3 su apogeo a partir de 1818 hasta 1823 aproximadamente. <a id=\"footnote-179008-8-backlink\" class=\"footnote\" href=\"#footnote-179008-8\">8<\/a><\/p>\n<p>Sim\u00f3n Bol\u00edvar destac\u00f3 la aplicabilidad de esta guerra y en carta al almirante Luis Brion del 22 de febrero de 1819, aseveraba que<\/p>\n<blockquote><p>\u2026\u00a0la experiencia nos ha probado la utilidad de los corsarios particularmente en nuestra lucha con la Espa\u00f1a. El gobierno de Buenos Aires que es el que m\u00e1s los ha utilizado, es tambi\u00e9n el m\u00e1s conocido, respetado y temido. Si nosotros hubi\u00e9ramos adoptado su conducta [\u2026] habr\u00edamos obtenido tantas ventajas sin costo alguno de parte del gobierno, en lugar de que por habernos opuesto a este sistema y adoptado el de los buques de guerra, no tenemos escuadra por falta de medios ni molestamos el comercio. <a id=\"footnote-179008-9-backlink\" class=\"footnote\" href=\"#footnote-179008-9\">9<\/a><\/p><\/blockquote>\n<p>El 1\u00ba de septiembre de 1815, se firm\u00f3 un convenio entre el Director Supremo \u00c1lvarez Thomas y Guillermo Brown, que ratificaron con su firma Marcos Balcarce e Irigoyen. El Estado conced\u00eda, para ser dedicado al corso, el bergant\u00edn de guerra Sant\u00edsima Trinidad y prove\u00eda a igual fin \u201c25 soldados a embarcarse en la Fragata H\u00e9rcules y 15 para el bergant\u00edn y el aprovisionamiento de ambas naves\u201d. <a id=\"footnote-179008-10-backlink\" class=\"footnote\" href=\"#footnote-179008-10\">10<\/a><\/p>\n<p>El corso se har\u00eda conforme al reglamento espa\u00f1ol de 1801, que reiteraban las instrucciones reservadas:<\/p>\n<ol>\n<li>Hostilizar, apresar o incendiar buques de bandera espa\u00f1ola.<\/li>\n<li>Se respetar\u00eda a los neutrales.<\/li>\n<li>En caso de trabar combate se tremolar\u00eda el pabell\u00f3n de las Provincias Unidas, blanco en su centro y celeste en sus extremos al largo.<\/li>\n<li>Obtener informaciones de los patriotas sobre fuerzas enemigas de mar y tierra; expediciones en la pen\u00ednsula; partidas patri\u00f3ticas e introducir proclamas en puertos chilenos y peruanos.<\/li>\n<li>Recibir a bordo de las naves a patriotas desterrados en las islas de San Pedro y Juan Fern\u00e1ndez.<\/li>\n<li>No extender el corso m\u00e1s all\u00e1 de 11\u00ba norte de latitud (aunque lo extender\u00edan si sal\u00edan tropas espa\u00f1olas de Panam\u00e1 o Trujillo en auxilio de Lima).<\/li>\n<\/ol>\n<p>En las instrucciones reservadas que el Directorio entreg\u00f3 a Miguel Brown el 2 de septiembre de 1815, se hab\u00eda proyectado el americanismo unitivo que guiar\u00eda el accionar de Brown en esta campa\u00f1a corsaria de 1815, rescatando aquel pensamiento de Mariano Moreno que defin\u00eda el ideal de mayo al entender por patria la vasta extensi\u00f3n de las Am\u00e9ricas. En carta al Cabildo Gobernativo de la Provincia Oriental del 30 de junio, Brown certifica ese ideal:<\/p>\n<blockquote><p>\u2026\u00a0mucho me interesar\u00eda poder persuadir a los sudamericanos para que se unieran, cultivaren y estudiasen sus mutuos intereses [\u2026] Ahora, en este momento promisorio en que el ej\u00e9rcito en combinaci\u00f3n con la Escuadra prometen todos los bienes imaginables en las costas de Chile y Lima [\u2026] estoy firmemente persuadido que cuando Sud Am\u00e9rica est\u00e9 as\u00ed tan bien unida como los del norte, los viejos espa\u00f1oles nunca intentar\u00e1n imponer sus b\u00e1rbaras leyes y costumbres en un pueblo igualmente merecedor de libertad. <a id=\"footnote-179008-11-backlink\" class=\"footnote\" href=\"#footnote-179008-11\">11<\/a><\/p><\/blockquote>\n<p>Se desprende de estas palabras que la historia de Am\u00e9rica no est\u00e1 hecha de acontecimientos aislados de los cuales elegimos arbitrariamente aquellos que concuerdan con nuestros anhelos para edificar una interpretaci\u00f3n parcial, sino que los sucesos solo se explican y aclaran si se los enfoca como momentos de un proceso hist\u00f3rico. Y en la actuaci\u00f3n de Guillermo Brown en su campa\u00f1a corsaria en el Oc\u00e9ano Pac\u00edfico encontramos la clave de etapas vitales para el futuro de Am\u00e9rica, de una Am\u00e9rica que atravesaba uno de los tiempos cruciales de su liberaci\u00f3n.<\/p>\n<p>Brown cumpli\u00f3 con los prop\u00f3sitos de \u201cadelantar por todos los medios posibles la grande obra de la Revoluci\u00f3n Americana\u201d, puesto que su campa\u00f1a preanunci\u00f3 los objetivos fijados por San Mart\u00edn en su plan continental: la declaraci\u00f3n de la independencia y el cruce de los Andes no como un\u00a0<em>jefe insurgente<\/em>\u00a0sino como comandante de un estado nacional. Al respecto, Ricardo Levene dijo: \u201cBrown invoc\u00f3 siempre la raz\u00f3n y la justicia en la lucha contra el enemigo com\u00fan por la causa de la Rep\u00fablica en Am\u00e9rica\u201d.<\/p>\n<p>La fragata H\u00e9rcules, con el comando directo de Brown y Walter Chitty, su cu\u00f1ado, como segundo comandante, y el bergant\u00edn La Sant\u00edsima Trinidad, con la jefatura de Miguel Brown, conformaron la primera divisi\u00f3n patriota destinada a hostigar el comercio espa\u00f1ol en el Pac\u00edfico y cumplir las disposiciones del convenio oficial. A ellas se sumar\u00edan la corbeta Halc\u00f3n, con la comandancia de Hip\u00f3lito Bouchard, y la goleta Constituci\u00f3n, al mando del escoc\u00e9s Oliverio Russell, conocida como goleta Uribe porque su alistamiento estuvo a cargo del patriota chileno Juli\u00e1n Uribe, con la ayuda de compatriotas emigrados.<\/p>\n<p>La \u201csutil escuadra\u201d que menciona Brown en su solicitud al gobierno el 31 de enero de 1815, armada en apenas cuarenta y cinco d\u00edas, esperaba la orden de partida. El 15 de octubre, la fuerza corsaria zarp\u00f3 de Buenos Aires para terminar en Colonia su reequipamiento. Cambios imprevistos en el Directorio obligaban a Brown a regresar, en su car\u00e1cter de comandante general de la Marina. Al considerar que los intereses de la Naci\u00f3n estaban por sobre las disposiciones del Directorio, Brown desobedeci\u00f3 la medida, como San Mart\u00edn en otro momento hist\u00f3rico. Invocando \u201cla causa de los americanos del sur\u201d, el 24 de octubre, comenz\u00f3 su crucero de corso en aguas del Atl\u00e1ntico rumbo al sur hasta el cabo de Hornos, \u201csoportando fuertes tormentas que los arrastraron hasta [\u2026] las que son hoy aguas ant\u00e1rticas argentinas\u201d.<\/p>\n<p>Reunidos en la isla de La Mocha con la Halc\u00f3n de Bouchard, ya que la Constituci\u00f3n se hab\u00eda hundido como consecuencia de un fuerte temporal al doblar el cabo de Hornos, y ante la imposibilidad de llegar hasta la isla de Juan Fern\u00e1ndez y recoger \u201ca los patriotas desterrados\u201d, recortaron las costas chilenas. Su presencia caus\u00f3 \u201cl\u00f3gica preocupaci\u00f3n en las autoridades realistas, que comprendieron el trastorno que ocasionar\u00edan al comercio espa\u00f1ol\u201d. <a id=\"footnote-179008-12-backlink\" class=\"footnote\" href=\"#footnote-179008-12\">12<\/a><\/p>\n<p>El Callao fue el siguiente objetivo. El bloqueo y ataques al puerto, \u201cataques temerarios que rayaban en la insensatez\u201d si solo se consideraba la impenetrable muralla con ca\u00f1ones que lo proteg\u00eda, no acobard\u00f3 a los tripulantes de la escuadrilla patriota. Las maniobras de guerra le permitieron capturar importantes presas, como la fragata Candelaria y, sobre todo, la Consecuencia, con un valioso cargamento e importantes pasajeros, como el brigadier Juan Manuel de Mendiburu, designado gobernador de Guayaquil. <a id=\"footnote-179008-13-backlink\" class=\"footnote\" href=\"#footnote-179008-13\">13<\/a>\u00a0La audacia de los corsarios rioplatenses les permiti\u00f3 espor\u00e1dicos bombardeos sobre la ciudad, eventuales desembarcos y valiosas presas que representaban un gratificante bot\u00edn de guerra.<\/p>\n<p>Tras un bloqueo de quince d\u00edas, Brown resolvi\u00f3 \u201cllevar a cabo [\u2026] un desembarco en alguna parte de la costa donde hubiera la posibilidad de procurarse provisiones\u201d y, como dice en sus memorias, \u201cse pens\u00f3 en Guayaquil, una peque\u00f1a ciudad floreciente\u201d, centro comercial de primer orden y asentamiento del principal astillero de la Corona en esas costas oce\u00e1nicas. Las naves, que en su palo mayor luc\u00edan el pabell\u00f3n celeste y blanco, s\u00edmbolo de los principios de libertad de las Provincias Unidas del R\u00edo de la Plata, el 7 de febrero de 1816 entraron al golfo de Guayaquil, confiando en el apoyo de los habitantes para vengar la dura represi\u00f3n de las tropas virreinales a los protagonistas del movimiento revolucionario de 1809.<\/p>\n<p>Brown tom\u00f3 el mando de la Trinidad por considerarla m\u00e1s adecuada para remontar el r\u00edo Guayas. Una bajante de las aguas provoc\u00f3 la varadura de la nave frente a la ciudad, que los recibi\u00f3 con un nutrido fuego de sus bater\u00edas y el abordaje al nav\u00edo lo que produjo bajas significativas. La actitud negativa de la poblaci\u00f3n se debi\u00f3 a que consideraron que eran naves piratas intentando por s\u00e9ptima vez atacar la ciudad. Con la intenci\u00f3n de buscar apoyo en la poleta Carmen, Brown se lanz\u00f3 al agua \u201ca pesar de estar infectado el r\u00edo de cocodrilos\u201d, pero, \u201cante la imposibilidad de remontar las aguas\u201d, abord\u00f3 nuevamente la Trinidad.<\/p>\n<p>Seg\u00fan sus memorias, la escena que lo recibi\u00f3 fue \u201chorrible, m\u00e1s all\u00e1 de toda descripci\u00f3n\u201d: hombres heridos, apu\u00f1alados o desollados lo llevaron a tomar una mecha encendida y amenazar con volar al buque prendiendo fuego a la santab\u00e1rbara. Se sab\u00eda que no solo volar\u00eda la Sant\u00edsima Trinidad sino la ciudad con sus casas de madera. Se orden\u00f3 el cese del fuego y de la matanza, y Brown, cuya c\u00e1mara hab\u00eda sido saqueada, cubierto su cuerpo con la bandera de la nave y al frente de sus cuarenta y dos hombres, \u201cque mostraban en su cuerpo las se\u00f1ales del combate\u201d, fueron conducidos hasta los cuarteles.<\/p>\n<p>Seg\u00fan describe la escena Gabriel Pino Roca,<\/p>\n<blockquote><p>\u2026\u00a0el fiero almirante marchaba con la cabeza erguida, los cabellos y la barba desgre\u00f1ados, sin ropa, as\u00ed como fue apresado, envuelto el pecho para abajo con una bandera azul y blanca, la de su desgraciado bergant\u00edn. Parec\u00eda un Neptuno. Paseaba su mirada con dignidad sobre la multitud api\u00f1ada a su paso que no profiri\u00f3 un solo denuesto, tal el respeto que inspiraba; tal la hidalgu\u00eda del pueblo que le redujera. <a id=\"footnote-179008-14-backlink\" class=\"footnote\" href=\"#footnote-179008-14\">14<\/a><\/p><\/blockquote>\n<p>A Brown se le destin\u00f3 el palacio gubernativo como prisi\u00f3n y el gobernador Juan Vasco y Pascual lo invit\u00f3 a compartir su mesa con el arzobispo, opositor cerrado del almirante, y miembros del gobierno. Se iniciaron tratativas y, al firmarse un acuerdo, se estableci\u00f3 la libertad de Brown y los tripulantes con canje de los prisioneros que se hab\u00edan tomado durante la traves\u00eda.<\/p>\n<p>Mucho se habl\u00f3 de la presencia de Brown con naves que no eran piratas y la poblaci\u00f3n comenz\u00f3 a considerar a la bandera celeste y blanca como un pabell\u00f3n insurgente. Al reflexionar sobre ese momento hist\u00f3rico, consideramos que no fue in\u00fatil el arribo a Guayaquil: demostr\u00f3 que la misi\u00f3n de Brown de acercar a los americanos teniendo como garant\u00eda de los ideales el l\u00e1baro identificatorio de la libertad tuvo sus frutos. En 1820, el desembarco de San Mart\u00edn en las costas peruanas alent\u00f3 a los guayaquile\u00f1os, que, con la divisa \u201cGuayaquil por la patria\u201d, proclamaron el 9 de octubre su independencia y conformaron su bandera libertaria con los colores de aquel pabell\u00f3n insurgente que portaba Guillermo Brown.<\/p>\n<p>Desde Gal\u00e1pagos, Brown continu\u00f3 su gesta mar\u00edtima. Con la H\u00e9rcules y la Halc\u00f3n se dirigi\u00f3 a San Buenaventura, puerto de Nueva Granada \u2013hoy Colombia\u2013 el 26 de abril de 1816, para reparar las naves, reabastecerse y apoyar a quienes heroicamente enfrentaban a las poderosas fuerzas de S\u00e1mano, lugarteniente de Morillo, que hab\u00eda sojuzgado a la gloriosa Cundinamarca. Brown curs\u00f3 oficios al presidente de las Provincias Unidas de Nueva Granada, Jos\u00e9 Fern\u00e1ndez Madrid, y al gobernador de Popay\u00e1n, Jos\u00e9 V\u00e1zquez Figueroa, manifestando que nada le resultaba m\u00e1s agradable<\/p>\n<blockquote><p>\u2026\u00a0as\u00ed en los tiempos presentes como en los venideros que saber que yo haya contribuido en algo [\u2026] a un objeto tan deseable como la entera independencia de la Am\u00e9rica del Sur [\u2026] Si V.E. tiene a bien comunicarme algunos planes de operaciones contra el enemigo a donde mi fuerza pueda obrar, ruego a V.E. tenga a bien no perder tiempo en comunicarlos, como que la mucha dilaci\u00f3n podr\u00eda ser perjudicial a la seguridad de los buques. <a id=\"footnote-179008-15-backlink\" class=\"footnote\" href=\"#footnote-179008-15\">15<\/a><\/p><\/blockquote>\n<p>El hundimiento de la Halc\u00f3n, debido a deterioros insalvables, oblig\u00f3 a Brown a anticipar su partida, pero su presencia en Buenaventura fue un aporte para apuntalar los pilares de la ansiada Patria Grande, puesto que<\/p>\n<blockquote><p>\u2026\u00a0algo m\u00e1s de un centenar de sus hombres, antes de enfrentar nuevamente los peligros del mar sin r\u00e9dito manifiesto, prefirieron quedarse en tierra firme e incorporarse a las fuerzas rebeldes de los ej\u00e9rcitos de Nueva Granada. <a id=\"footnote-179008-16-backlink\" class=\"footnote\" href=\"#footnote-179008-16\">16<\/a><\/p><\/blockquote>\n<p>Esta campa\u00f1a americanista del corso del Pac\u00edfico fue efectuada por Brown, seg\u00fan sus palabras, \u201cpara sostener la expedici\u00f3n que intentaban hacer los patriotas\u201d. Se refer\u00eda a la gesta de San Mart\u00edn que se demor\u00f3 hasta 1817 por no contar con la declaraci\u00f3n de la independencia. Quiz\u00e1 este magno acontecimiento pudo quedar en los l\u00edmites de la utop\u00eda sin la apasionada impaciencia de San Mart\u00edn y la precursora trayectoria mar\u00edtima de Brown.<\/p>\n<p>El tiempo hist\u00f3rico de ambos fue coincidente. Su vinculaci\u00f3n converg\u00eda en los planes estrat\u00e9gicos que auspiciaban la libertad y la uni\u00f3n de los estados tras las heridas del per\u00edodo b\u00e9lico. La independencia era el respaldo jur\u00eddico indispensable para emprender el riesgoso camino de la autonom\u00eda y tanto San Mart\u00edn como Brown lo sab\u00edan. Protagonistas del plan continental, no llegaron a conocerse, si bien actuaron de consuno en la gesta emancipadora.<\/p>\n<p>El 6 de febrero de 1829, tras su exilio voluntario, San Mart\u00edn arrib\u00f3 desde Montevideo a la rada de Buenos Aires. Brown, como gobernador delegado de la provincia, encomend\u00f3 a Tom\u00e1s Espora, a quien hab\u00eda designado comandante del puerto, presentara los saludos oficiales al distinguido viajero. Pero San Mart\u00edn, ante la situaci\u00f3n de la Naci\u00f3n, dividida en pasiones irreconciliables, sin desembarcar, retom\u00f3 a Montevideo para continuar su rumbo a Europa. Cabe destacar que, en carta a D\u00edaz V\u00e9lez, as\u00ed se hab\u00eda referido a Brown: \u201cyo no tengo el honor de conocerlo, pero como hijo del pa\u00eds me merecer\u00e1 siempre un eterno reconocimiento por los servicios tan se\u00f1alados que le ha prestado\u201d. <a id=\"footnote-179008-17-backlink\" class=\"footnote\" href=\"#footnote-179008-17\">17<\/a><\/p>\n<p>Este desencuentro fue comentado por Pastor Obligado con las siguientes palabras:<\/p>\n<blockquote><p>\u2026\u00a0los argentinos no pudieron contemplar en estrecho abrazo al m\u00e1s grande de los criollos con el m\u00e1s querido de los extranjeros vinculado a la Patria por sus victorias [\u2026] Fraternidad de glorias que no nos fue dado aplaudir por nuestras continuas discordias.<\/p><\/blockquote>\n<p>Y en su hora final, sugestivamente, los uni\u00f3 la definitiva apelaci\u00f3n marina. Dec\u00eda San Mart\u00edn: \u201ces la tempestad que lleva al puerto\u201d; y el almirante Brown, en el instante crucial, pudo expresar: \u201ccomprendo que pronto cambiaremos de fondeadero, ya tengo pr\u00e1ctico a bordo\u201d.<\/p>\n<p>Los fallos justos de la historia han consagrado los valores del capit\u00e1n de los Andes y del forjador de nuestra fuerza naval, protagonistas indiscutibles de la etapa bicentenaria, grabando en el bronce el ejemplo de su decisi\u00f3n, arrojo, honradez e inmutable adhesi\u00f3n al deber.<\/p>\n<p>&nbsp;<\/p>\n<a class=\"mwm-aal-item\" name=\"bibliografia\"><\/a><h2>Bibliograf\u00eda<\/h2>\n<p style=\"padding-left: 30px;\">ARGUINDEGUY, Pablo E. y RODR\u00cdGUEZ, Horacio,\u00a0<em>Guillermo Brown. Apostillas de su vida<\/em>, Buenos Aires, Instituto Nacional Browniano, 1994.<\/p>\n<p style=\"padding-left: 30px;\">BOL\u00cdVAR, Sim\u00f3n, \u201cCarta de Jamaica\u201d, en\u00a0<em>Correos del Sur<\/em>, Buenos Aires, Embajada de la Rep\u00fablica Bolivariana de Venezuela en Argentina, N\u00ba Especial Bicentenario, 2015.<\/p>\n<p style=\"padding-left: 30px;\">BROWN, Guillermo [autor institucional: Comisi\u00f3n Nacional de Homenaje al Almirante Guillermo Brown en el Centenario de su Muerte],\u00a0<em>Memorias del almirante Brown<\/em>, Buenos Aires, Academia Nacional de la Historia, 1957.<\/p>\n<p style=\"padding-left: 30px;\">CASTILLO, Roberto P.,\u00a0<em>Guillermo Brown en la Banda Oriental, 1809-1813<\/em>, Montevideo, Prosa, 2017.<\/p>\n<p style=\"padding-left: 30px;\">CASTELLANOS, Rafael R. (comp.),\u00a0<em>Almirante Luis Bri\u00f3n. Bicentenario de su nacimiento. Homenaje<\/em>, Caracas, Presidencia de la Rep\u00fablica, 1982.<\/p>\n<p style=\"padding-left: 30px;\">DEST\u00c9FANI, Laurio, \u201cCampa\u00f1as corsarias de 1818 a 1825\u201d, en AA. VV.,\u00a0<em>Historia mar\u00edtima argentina<\/em>, t.\u00a05, Buenos Aires, Departamento de Estudios Hist\u00f3ricos Navales de la Armada Argentina, 1986.<\/p>\n<p style=\"padding-left: 30px;\">INSTITUTO NACIONAL SANMARTINIANO,\u00a0<em>Documentos para la historia del libertador general San Mart\u00edn<\/em>, t.\u00a02, Buenos Aires, Comisi\u00f3n Nacional de Museos, de Monumentos y Lugares Hist\u00f3ricos, 1954.<\/p>\n<p style=\"padding-left: 30px;\">OCAMPO L\u00d3PEZ, Javier,\u00a0<em>Historia de las ideas de integraci\u00f3n de Am\u00e9rica Latina<\/em>, Bogot\u00e1, Ed. Bolivariana Internacional, 1981.<\/p>\n<p style=\"padding-left: 30px;\">OYARZ\u00c1BAL, Guillermo A.,\u00a0<em>Guillermo Brown<\/em>, Buenos Aires, Librer\u00eda Hist\u00f3rica, 2006.<\/p>\n<p style=\"padding-left: 30px;\">RATTO, H\u00e9ctor R.,\u00a0<em>Historia del Almirante Brown<\/em>, Buenos Aires, Instituto de Publicaciones Navales, 1985.<\/p>\n<p>&nbsp;<\/p>\n<a class=\"mwm-aal-item\" name=\"bibliografia-complementaria\"><\/a><h3><strong>Bibliograf\u00eda complementaria<\/strong><\/h3>\n<p style=\"padding-left: 30px;\">ACADEMIA ARGENTINA DE LA HISTORIA,\u00a0<em>Historia de la Naci\u00f3n Argentina<\/em>, t.\u00a06, Buenos Aires, El Ateneo, 1962.<\/p>\n<p style=\"padding-left: 30px;\">ARGUINDEGUY, Pablo E. y RODR\u00cdGUEZ, Horacio,\u00a0<em>El corso rioplatense<\/em>, Buenos Aires, Instituto Nacional Browniano, 1996.<\/p>\n<p style=\"padding-left: 60px;\">\u2014 \u201cLas fuerzas navales argentinas\u201d, en AA. VV.,\u00a0<em>Historia de la flota de mar<\/em>, Buenos Aires, Instituto Nacional Browniano, 1995.<\/p>\n<p style=\"padding-left: 30px;\">BUSANICHE, Jos\u00e9 L.,\u00a0<em>Historia argentina<\/em>, Buenos Aires, Solar Hachette, 1965.<\/p>\n<p style=\"padding-left: 30px;\">CAILLET-BOIS, Ricardo,\u00a0<em>Nuestros corsarios. Brown y Bouchard en el Pac\u00edfico (1815-1816)<\/em>, Buenos Aires, Universidad de Buenos Aires, 1930.<\/p>\n<p style=\"padding-left: 30px;\">DE ALVEAR, Carlos, \u201cNarraciones\u201d, en Rodr\u00edguez, Gregorio,\u00a0<em>Historia del general Alvear<\/em>, t.\u00a01, Buenos Aires, 1911.<\/p>\n<p style=\"padding-left: 30px;\">DE MARCO, Miguel \u00c1.,\u00a0<em>Corsarios argentinos. H\u00e9roes del mar en la independencia y la guerra con el Brasil<\/em>, Buenos Aires, Planeta, 2002.<\/p>\n<p style=\"padding-left: 30px;\">QUARTARUOLO, V. Mario, \u201cPopularidad del almirante Guillermo Brown\u201d, en\u00a0<em>Revista del Mar<\/em>, Buenos Aires, Instituto Nacional Browniano, N\u00ba 110, 1979.<\/p>\n<p style=\"padding-left: 30px;\">REYES, Oscar E.,\u00a0<em>Breve historia general del Ecuador<\/em>, ts.\u00a01-3, Quito, 1967.<\/p>\n<p style=\"padding-left: 30px;\">RIVADENEIRA VARGAS, Antonio J., \u201cEl panamericanismo, ant\u00edtesis de la integraci\u00f3n bolivariana\u201d, en\u00a0<em>Nuestra Am\u00e9rica. Revista del Instituto de Estudios para el Desarrollo y la Integraci\u00f3n de Am\u00e9rica Latina<\/em>, Tunja, Editorial Bolivariana Internacional, N\u00ba\u00a01, 1982.<\/p>\n<p style=\"padding-left: 30px;\">ROSA, Jos\u00e9 M.,\u00a0<em>Historia argentina<\/em>, Buenos Aires, Oriente, 1979.<\/p>\n<p style=\"padding-left: 30px;\">SPINELLI, Guillermo (dir.),\u00a0<em>Argentina desde el mar. Introducci\u00f3n de la historia naval argentina (1776-1852)<\/em>, Buenos Aires, Armada Argentina, 2014.<\/p>\n<p style=\"padding-left: 30px;\">YABEN, Jacinto,\u00a0<em>Biograf\u00edas argentinas y sudamericanas<\/em>, t.\u00a05, Buenos Aires, Metr\u00f3polis, 1940.<\/p>\n<p>&nbsp;<\/p>\n<p>&nbsp;<\/p>\n<p>&nbsp;<\/p>\n<p>&nbsp;<\/p>\n<a class=\"mwm-aal-item\" name=\"notas\"><\/a><h2>Notas<\/h2>\n<div class=\"footnotes\">\n<div>\n<p><a id=\"footnote-179008-*\" class=\"footnote\" href=\"#footnote-179008-*-backlink\">*<\/a><strong>.<\/strong>\u00a0Este ensayo se elabor\u00f3 a partir de la disertaci\u00f3n ofrecida en el marco de la sesi\u00f3n p\u00fablica organizada por el Instituto de Investigaciones Hist\u00f3ricas Notariales del Colegio de Escribanos de la Ciudad de Buenos Aires y el Instituto Nacional Browniano, llevada a cabo el 22 de septiembre de 2016.<\/p>\n<\/div>\n<div>\n<p><a id=\"footnote-179008-1\" class=\"footnote\" href=\"#footnote-179008-1-backlink\">1<\/a><strong>.<\/strong>\u00a0Ocampo L\u00f3pez, Javier,\u00a0<em>Historia de las ideas de integraci\u00f3n de Am\u00e9rica Latina<\/em>, Bogot\u00e1, Ed. Bolivariana Internacional, 1981, pp.\u00a076-79.<\/p>\n<\/div>\n<div>\n<p><a id=\"footnote-179008-2\" class=\"footnote\" href=\"#footnote-179008-2-backlink\">2<\/a><strong>.<\/strong>\u00a0Rivadeneira Vargas, Antonio J., \u201cEl panamericanismo, ant\u00edtesis de la integraci\u00f3n bolivariana\u201d, en\u00a0<em>Nuestra Am\u00e9rica. Revista del Instituto de Estudios para el Desarrollo y la Integraci\u00f3n de Am\u00e9rica Latina<\/em>, Tunja, Editorial Bolivariana Internacional, N\u00ba\u00a01, 1982, p.\u00a09.<\/p>\n<\/div>\n<div>\n<p><a id=\"footnote-179008-3\" class=\"footnote\" href=\"#footnote-179008-3-backlink\">3<\/a><strong>.\u00a0<\/strong>Brown, Guillermo [autor institucional: Comisi\u00f3n Nacional de Homenaje al Almirante Guillermo Brown en el Centenario de su Muerte],\u00a0<em>Memorias del almirante Brown<\/em>, Buenos Aires, Academia Nacional de la Historia, 1957, p.\u00a032.<\/p>\n<\/div>\n<div>\n<p><a id=\"footnote-179008-4\" class=\"footnote\" href=\"#footnote-179008-4-backlink\">4<\/a><strong>.<\/strong>\u00a0Ratto, H\u00e9ctor R.,\u00a0<em>Historia del Almirante Brown<\/em>, Buenos Aires, Instituto de Publicaciones Navales, 1985, p.\u00a071.<\/p>\n<\/div>\n<div>\n<p><a id=\"footnote-179008-5\" class=\"footnote\" href=\"#footnote-179008-5-backlink\">5<\/a><strong>.<\/strong><strong>\u00a0<\/strong>Bol\u00edvar, Sim\u00f3n, \u201cCarta de Jamaica\u201d, en\u00a0<em>Correos del Sur<\/em>, Buenos Aires, Embajada de la Rep\u00fablica Bolivariana de Venezuela en Argentina, N\u00ba Especial Bicentenario, 2015, p.\u00a013. [N. del E.: el lector podr\u00e1 acceder a una versi\u00f3n digital de la carta\u00a0<a href=\"http:\/\/adhilac.com.ar\/wp-content\/uploads\/2010\/03\/Carta-de-Jamaica.pdf\" class=\"mtli_attachment mtli_pdf\" target=\"_blank\" rel=\"noopener\">aqu\u00ed<\/a>\u00a0{fuente:\u00a0<a href=\"http:\/\/adhilac.com.ar\" target=\"_blank\" rel=\"noopener\">web<\/a>\u00a0de la Asociaci\u00f3n de Historiadores Latinoamericanos y del Caribe; \u00faltima consulta: 30\/1\/2018}].<\/p>\n<\/div>\n<div>\n<p><a id=\"footnote-179008-6\" class=\"footnote\" href=\"#footnote-179008-6-backlink\">6<\/a><strong>.<\/strong>\u00a0\u00cddem.<\/p>\n<\/div>\n<div>\n<p><a id=\"footnote-179008-7\" class=\"footnote\" href=\"#footnote-179008-7-backlink\">7<\/a><strong>.<\/strong>\u00a0Instituto Nacional Sanmartiniano,\u00a0<em>Documentos para la historia del libertador general San Mart\u00edn<\/em>, t.\u00a02, Buenos Aires, Comisi\u00f3n Nacional de Museos, de Monumentos y Lugares Hist\u00f3ricos, 1954, p.\u00a054.<\/p>\n<\/div>\n<div>\n<p><a id=\"footnote-179008-8\" class=\"footnote\" href=\"#footnote-179008-8-backlink\">8<\/a><strong>.\u00a0<\/strong>Dest\u00e9fani, Laurio, \u201cCampa\u00f1as corsarias de 1818 a 1825\u201d, en AA. VV.,\u00a0<em>Historia mar\u00edtima argentina<\/em>, t.\u00a05, Buenos Aires, Departamento de Estudios Hist\u00f3ricos Navales de la Armada Argentina, 1986, p.\u00a0464.<\/p>\n<\/div>\n<div>\n<p><a id=\"footnote-179008-9\" class=\"footnote\" href=\"#footnote-179008-9-backlink\">9<\/a><strong>.<\/strong>\u00a0Castellanos, Rafael R. (comp.),\u00a0<em>Almirante Luis Bri\u00f3n. Bicentenario de su nacimiento. Homenaje<\/em>, Caracas, Presidencia de la Rep\u00fablica, 1982, p.\u00a0118.<\/p>\n<\/div>\n<div>\n<p><a id=\"footnote-179008-10\" class=\"footnote\" href=\"#footnote-179008-10-backlink\">10<\/a><strong>.<\/strong>\u00a0Brown, Guillermo, ob.\u00a0cit. (cfr. nota 3), p.\u00a0233.<\/p>\n<\/div>\n<div>\n<p><a id=\"footnote-179008-11\" class=\"footnote\" href=\"#footnote-179008-11-backlink\">11<\/a><strong>.\u00a0<\/strong>Castillo, Roberto P.,\u00a0<em>Guillermo Brown en la Banda Oriental, 1809-1813<\/em>, Montevideo, Prosa, 2017, p.\u00a0141.<\/p>\n<\/div>\n<div>\n<p><a id=\"footnote-179008-12\" class=\"footnote\" href=\"#footnote-179008-12-backlink\">12<\/a><strong>.<\/strong>\u00a0Seg\u00fan Guillermo A. Oyarz\u00e1bal en su biograf\u00eda de Brown,\u00a0<em>Guillermo Brown<\/em>, Buenos Aires, Librer\u00eda Hist\u00f3rica, 2006, p.\u00a0109.<\/p>\n<\/div>\n<div>\n<p><a id=\"footnote-179008-13\" class=\"footnote\" href=\"#footnote-179008-13-backlink\">13<\/a><strong>.<\/strong>\u00a0La Consecuencia, bautizada como La Argentina, inici\u00f3 el 9 de julio de 1817 la famosa campa\u00f1a corsaria trans\u00adoce\u00e1nica (1817-1819), al mando del capit\u00e1n Hip\u00f3lito Bouchard.<\/p>\n<\/div>\n<div>\n<p><a id=\"footnote-179008-14\" class=\"footnote\" href=\"#footnote-179008-14-backlink\">14<\/a><strong>.<\/strong>\u00a0Ratto, H\u00e9ctor R., ob.\u00a0cit. (cfr. nota 4), p.\u00a099.<\/p>\n<\/div>\n<div>\n<p><a id=\"footnote-179008-15\" class=\"footnote\" href=\"#footnote-179008-15-backlink\">15<\/a><strong>.<\/strong>\u00a0Arguindeguy, Pablo E. y Rodr\u00edguez, Horacio,\u00a0<em>Guillermo Brown. Apostillas de su vida<\/em>, Buenos Aires, Instituto Nacional Browniano, 1994, p.\u00a0113.<\/p>\n<\/div>\n<div>\n<p><a id=\"footnote-179008-16\" class=\"footnote\" href=\"#footnote-179008-16-backlink\">16<\/a><strong>.<\/strong>\u00a0Oyarz\u00e1bal, Guillermo A., ob.\u00a0cit. (cfr. nota 12), p.\u00a0133.<\/p>\n<\/div>\n<div>\n<p><a id=\"footnote-179008-17\" class=\"footnote\" href=\"#footnote-179008-17-backlink\">17<\/a><strong>.<\/strong>\u00a0Quartaruolo, V. Mario, \u201cFrustrado retorno del Libertador\u201d, en\u00a0<em>Revista Militar del C\u00edrculo Militar Argentino<\/em>, N\u00ba 658, octubre-noviembre-diciembre de 1960, p.\u00a063.<\/p>\n<\/div>\n<\/div>\n","protected":false},"excerpt":{"rendered":"<p>El almirante Guillermo Brown, con autoridad y energ\u00eda, cumpli\u00f3 un magisterio heroico de amplia resonancia en nuestro pa\u00eds&#8230;<\/p>\n","protected":false},"author":13,"featured_media":6187,"comment_status":"closed","ping_status":"open","sticky":false,"template":"","format":"standard","meta":{"_et_pb_use_builder":"","_et_pb_old_content":"","_et_gb_content_width":"","spay_email":"","footnotes":"","jetpack_publicize_message":"","jetpack_is_tweetstorm":false},"categories":[1],"tags":[2076,2068,2071,2074,2080,2075,2078,879,2069,2072,2081,2070,2073,2077,2082,2079],"class_list":["post-6188","post","type-post","status-publish","format-standard","has-post-thumbnail","hentry","category-uncategorized","tag-academia-nacional-de-la-historia","tag-almirante-guillermo-brown","tag-armada-argentina","tag-bicentenario","tag-carta-de-jamaica","tag-directorio-argentino","tag-fernando-vii","tag-gervasio-posadas","tag-independencia-argentina","tag-instituto-de-investigaciones-historicas-notariales","tag-instituto-nacional-sanmartiniano","tag-jose-de-san-martin","tag-nuevo-mundo","tag-provincias-del-rio-de-la-plata","tag-puerto-de-buenos-aires","tag-simon-bolivar","revista-930-oct-dic-2017","seccion-historia","autor-menotti-emilia-edda","ao-2169","tema-historia-argentina"],"yoast_head":"<!-- This site is optimized with the Yoast SEO plugin v23.6 - https:\/\/yoast.com\/wordpress\/plugins\/seo\/ -->\n<title>Guillermo Brown, en el bicentenario de nuestra independencia - Revista del Notariado<\/title>\n<meta name=\"robots\" content=\"index, follow, max-snippet:-1, max-image-preview:large, max-video-preview:-1\" \/>\n<link rel=\"canonical\" href=\"https:\/\/www.revista-notariado.org.ar\/index.php\/2018\/03\/guillermo-brown-en-el-bicentenario-de-nuestra-independencia\/\" \/>\n<meta property=\"og:locale\" content=\"es_ES\" \/>\n<meta property=\"og:type\" content=\"article\" \/>\n<meta property=\"og:title\" content=\"Guillermo Brown, en el bicentenario de nuestra independencia - Revista del Notariado\" \/>\n<meta property=\"og:description\" content=\"El almirante Guillermo Brown, con autoridad y energ\u00eda, cumpli\u00f3 un magisterio heroico de amplia resonancia en nuestro pa\u00eds...\" \/>\n<meta property=\"og:url\" content=\"https:\/\/www.revista-notariado.org.ar\/index.php\/2018\/03\/guillermo-brown-en-el-bicentenario-de-nuestra-independencia\/\" \/>\n<meta property=\"og:site_name\" content=\"Revista del Notariado\" \/>\n<meta property=\"article:publisher\" content=\"https:\/\/www.facebook.com\/revistadelnotariado\/\" \/>\n<meta property=\"article:published_time\" content=\"2018-03-15T19:38:20+00:00\" \/>\n<meta property=\"article:modified_time\" content=\"2022-01-26T15:14:34+00:00\" \/>\n<meta property=\"og:image\" content=\"https:\/\/www.revista-notariado.org.ar\/\/wp-content\/uploads\/2018\/02\/almirante-brown_700x300.jpg\" \/>\n\t<meta property=\"og:image:width\" content=\"700\" \/>\n\t<meta property=\"og:image:height\" content=\"300\" \/>\n\t<meta property=\"og:image:type\" content=\"image\/jpeg\" \/>\n<meta name=\"author\" content=\"Ramiro Chanes\" \/>\n<meta name=\"twitter:card\" content=\"summary_large_image\" \/>\n<meta name=\"twitter:label1\" content=\"Escrito por\" \/>\n\t<meta name=\"twitter:data1\" content=\"Ramiro Chanes\" \/>\n\t<meta name=\"twitter:label2\" content=\"Tiempo de lectura\" \/>\n\t<meta name=\"twitter:data2\" content=\"27 minutos\" \/>\n<script type=\"application\/ld+json\" class=\"yoast-schema-graph\">{\"@context\":\"https:\/\/schema.org\",\"@graph\":[{\"@type\":\"Article\",\"@id\":\"https:\/\/www.revista-notariado.org.ar\/index.php\/2018\/03\/guillermo-brown-en-el-bicentenario-de-nuestra-independencia\/#article\",\"isPartOf\":{\"@id\":\"https:\/\/www.revista-notariado.org.ar\/index.php\/2018\/03\/guillermo-brown-en-el-bicentenario-de-nuestra-independencia\/\"},\"author\":{\"name\":\"Ramiro Chanes\",\"@id\":\"https:\/\/www.revista-notariado.org.ar\/#\/schema\/person\/69650fd2dba0e7da6aa342cb8508a6c3\"},\"headline\":\"Guillermo Brown, en el bicentenario de nuestra independencia\",\"datePublished\":\"2018-03-15T19:38:20+00:00\",\"dateModified\":\"2022-01-26T15:14:34+00:00\",\"mainEntityOfPage\":{\"@id\":\"https:\/\/www.revista-notariado.org.ar\/index.php\/2018\/03\/guillermo-brown-en-el-bicentenario-de-nuestra-independencia\/\"},\"wordCount\":5483,\"publisher\":{\"@id\":\"https:\/\/www.revista-notariado.org.ar\/#organization\"},\"image\":{\"@id\":\"https:\/\/www.revista-notariado.org.ar\/index.php\/2018\/03\/guillermo-brown-en-el-bicentenario-de-nuestra-independencia\/#primaryimage\"},\"thumbnailUrl\":\"https:\/\/www.revista-notariado.org.ar\/\/wp-content\/uploads\/2018\/02\/almirante-brown_700x300.jpg\",\"keywords\":[\"Academia Nacional de la Historia\",\"Almirante Guillermo Brown\",\"Armada Argentina\",\"Bicentenario\",\"Carta de Jamaica\",\"Directorio argentino\",\"Fernando VII\",\"Gervasio Posadas\",\"Independencia argentina\",\"Instituto de Investigaciones Hist\u00f3ricas Notariales\",\"Instituto Nacional Sanmartiniano\",\"Jos\u00e9 de San Mart\u00edn\",\"Nuevo mundo\",\"Provincias del R\u00edo de la Plata\",\"Puerto de Buenos Aires\",\"Sim\u00f3n Bol\u00edvar\"],\"articleSection\":[\"Varias\"],\"inLanguage\":\"es\"},{\"@type\":\"WebPage\",\"@id\":\"https:\/\/www.revista-notariado.org.ar\/index.php\/2018\/03\/guillermo-brown-en-el-bicentenario-de-nuestra-independencia\/\",\"url\":\"https:\/\/www.revista-notariado.org.ar\/index.php\/2018\/03\/guillermo-brown-en-el-bicentenario-de-nuestra-independencia\/\",\"name\":\"Guillermo Brown, en el bicentenario de nuestra independencia - Revista del Notariado\",\"isPartOf\":{\"@id\":\"https:\/\/www.revista-notariado.org.ar\/#website\"},\"primaryImageOfPage\":{\"@id\":\"https:\/\/www.revista-notariado.org.ar\/index.php\/2018\/03\/guillermo-brown-en-el-bicentenario-de-nuestra-independencia\/#primaryimage\"},\"image\":{\"@id\":\"https:\/\/www.revista-notariado.org.ar\/index.php\/2018\/03\/guillermo-brown-en-el-bicentenario-de-nuestra-independencia\/#primaryimage\"},\"thumbnailUrl\":\"https:\/\/www.revista-notariado.org.ar\/\/wp-content\/uploads\/2018\/02\/almirante-brown_700x300.jpg\",\"datePublished\":\"2018-03-15T19:38:20+00:00\",\"dateModified\":\"2022-01-26T15:14:34+00:00\",\"breadcrumb\":{\"@id\":\"https:\/\/www.revista-notariado.org.ar\/index.php\/2018\/03\/guillermo-brown-en-el-bicentenario-de-nuestra-independencia\/#breadcrumb\"},\"inLanguage\":\"es\",\"potentialAction\":[{\"@type\":\"ReadAction\",\"target\":[\"https:\/\/www.revista-notariado.org.ar\/index.php\/2018\/03\/guillermo-brown-en-el-bicentenario-de-nuestra-independencia\/\"]}]},{\"@type\":\"ImageObject\",\"inLanguage\":\"es\",\"@id\":\"https:\/\/www.revista-notariado.org.ar\/index.php\/2018\/03\/guillermo-brown-en-el-bicentenario-de-nuestra-independencia\/#primaryimage\",\"url\":\"https:\/\/www.revista-notariado.org.ar\/\/wp-content\/uploads\/2018\/02\/almirante-brown_700x300.jpg\",\"contentUrl\":\"https:\/\/www.revista-notariado.org.ar\/\/wp-content\/uploads\/2018\/02\/almirante-brown_700x300.jpg\",\"width\":700,\"height\":300},{\"@type\":\"BreadcrumbList\",\"@id\":\"https:\/\/www.revista-notariado.org.ar\/index.php\/2018\/03\/guillermo-brown-en-el-bicentenario-de-nuestra-independencia\/#breadcrumb\",\"itemListElement\":[{\"@type\":\"ListItem\",\"position\":1,\"name\":\"Portada\",\"item\":\"https:\/\/www.revista-notariado.org.ar\/\"},{\"@type\":\"ListItem\",\"position\":2,\"name\":\"Guillermo Brown, en el bicentenario de nuestra independencia\"}]},{\"@type\":\"WebSite\",\"@id\":\"https:\/\/www.revista-notariado.org.ar\/#website\",\"url\":\"https:\/\/www.revista-notariado.org.ar\/\",\"name\":\"Revista del Notariado\",\"description\":\"Director: Carlos Marcelo D&#039;Alessio\",\"publisher\":{\"@id\":\"https:\/\/www.revista-notariado.org.ar\/#organization\"},\"potentialAction\":[{\"@type\":\"SearchAction\",\"target\":{\"@type\":\"EntryPoint\",\"urlTemplate\":\"https:\/\/www.revista-notariado.org.ar\/?s={search_term_string}\"},\"query-input\":{\"@type\":\"PropertyValueSpecification\",\"valueRequired\":true,\"valueName\":\"search_term_string\"}}],\"inLanguage\":\"es\"},{\"@type\":\"Organization\",\"@id\":\"https:\/\/www.revista-notariado.org.ar\/#organization\",\"name\":\"Revista del Notariado\",\"url\":\"https:\/\/www.revista-notariado.org.ar\/\",\"logo\":{\"@type\":\"ImageObject\",\"inLanguage\":\"es\",\"@id\":\"https:\/\/www.revista-notariado.org.ar\/#\/schema\/logo\/image\/\",\"url\":\"https:\/\/www.revista-notariado.org.ar\/\/wp-content\/uploads\/2020\/06\/Logo-para.mail_.png\",\"contentUrl\":\"https:\/\/www.revista-notariado.org.ar\/\/wp-content\/uploads\/2020\/06\/Logo-para.mail_.png\",\"width\":642,\"height\":80,\"caption\":\"Revista del Notariado\"},\"image\":{\"@id\":\"https:\/\/www.revista-notariado.org.ar\/#\/schema\/logo\/image\/\"},\"sameAs\":[\"https:\/\/www.facebook.com\/revistadelnotariado\/\"]},{\"@type\":\"Person\",\"@id\":\"https:\/\/www.revista-notariado.org.ar\/#\/schema\/person\/69650fd2dba0e7da6aa342cb8508a6c3\",\"name\":\"Ramiro Chanes\",\"image\":{\"@type\":\"ImageObject\",\"inLanguage\":\"es\",\"@id\":\"https:\/\/www.revista-notariado.org.ar\/#\/schema\/person\/image\/\",\"url\":\"https:\/\/secure.gravatar.com\/avatar\/08553b3e3ffdc7781f000c217c213fdb?s=96&d=mm&r=g\",\"contentUrl\":\"https:\/\/secure.gravatar.com\/avatar\/08553b3e3ffdc7781f000c217c213fdb?s=96&d=mm&r=g\",\"caption\":\"Ramiro Chanes\"},\"url\":\"https:\/\/www.revista-notariado.org.ar\/index.php\/author\/nadacomoelnotariado\/\"}]}<\/script>\n<!-- \/ Yoast SEO plugin. -->","yoast_head_json":{"title":"Guillermo Brown, en el bicentenario de nuestra independencia - Revista del Notariado","robots":{"index":"index","follow":"follow","max-snippet":"max-snippet:-1","max-image-preview":"max-image-preview:large","max-video-preview":"max-video-preview:-1"},"canonical":"https:\/\/www.revista-notariado.org.ar\/index.php\/2018\/03\/guillermo-brown-en-el-bicentenario-de-nuestra-independencia\/","og_locale":"es_ES","og_type":"article","og_title":"Guillermo Brown, en el bicentenario de nuestra independencia - Revista del Notariado","og_description":"El almirante Guillermo Brown, con autoridad y energ\u00eda, cumpli\u00f3 un magisterio heroico de amplia resonancia en nuestro pa\u00eds...","og_url":"https:\/\/www.revista-notariado.org.ar\/index.php\/2018\/03\/guillermo-brown-en-el-bicentenario-de-nuestra-independencia\/","og_site_name":"Revista del Notariado","article_publisher":"https:\/\/www.facebook.com\/revistadelnotariado\/","article_published_time":"2018-03-15T19:38:20+00:00","article_modified_time":"2022-01-26T15:14:34+00:00","og_image":[{"width":700,"height":300,"url":"https:\/\/www.revista-notariado.org.ar\/\/wp-content\/uploads\/2018\/02\/almirante-brown_700x300.jpg","type":"image\/jpeg"}],"author":"Ramiro Chanes","twitter_card":"summary_large_image","twitter_misc":{"Escrito por":"Ramiro Chanes","Tiempo de lectura":"27 minutos"},"schema":{"@context":"https:\/\/schema.org","@graph":[{"@type":"Article","@id":"https:\/\/www.revista-notariado.org.ar\/index.php\/2018\/03\/guillermo-brown-en-el-bicentenario-de-nuestra-independencia\/#article","isPartOf":{"@id":"https:\/\/www.revista-notariado.org.ar\/index.php\/2018\/03\/guillermo-brown-en-el-bicentenario-de-nuestra-independencia\/"},"author":{"name":"Ramiro Chanes","@id":"https:\/\/www.revista-notariado.org.ar\/#\/schema\/person\/69650fd2dba0e7da6aa342cb8508a6c3"},"headline":"Guillermo Brown, en el bicentenario de nuestra independencia","datePublished":"2018-03-15T19:38:20+00:00","dateModified":"2022-01-26T15:14:34+00:00","mainEntityOfPage":{"@id":"https:\/\/www.revista-notariado.org.ar\/index.php\/2018\/03\/guillermo-brown-en-el-bicentenario-de-nuestra-independencia\/"},"wordCount":5483,"publisher":{"@id":"https:\/\/www.revista-notariado.org.ar\/#organization"},"image":{"@id":"https:\/\/www.revista-notariado.org.ar\/index.php\/2018\/03\/guillermo-brown-en-el-bicentenario-de-nuestra-independencia\/#primaryimage"},"thumbnailUrl":"https:\/\/www.revista-notariado.org.ar\/\/wp-content\/uploads\/2018\/02\/almirante-brown_700x300.jpg","keywords":["Academia Nacional de la Historia","Almirante Guillermo Brown","Armada Argentina","Bicentenario","Carta de Jamaica","Directorio argentino","Fernando VII","Gervasio Posadas","Independencia argentina","Instituto de Investigaciones Hist\u00f3ricas Notariales","Instituto Nacional Sanmartiniano","Jos\u00e9 de San Mart\u00edn","Nuevo mundo","Provincias del R\u00edo de la Plata","Puerto de Buenos Aires","Sim\u00f3n Bol\u00edvar"],"articleSection":["Varias"],"inLanguage":"es"},{"@type":"WebPage","@id":"https:\/\/www.revista-notariado.org.ar\/index.php\/2018\/03\/guillermo-brown-en-el-bicentenario-de-nuestra-independencia\/","url":"https:\/\/www.revista-notariado.org.ar\/index.php\/2018\/03\/guillermo-brown-en-el-bicentenario-de-nuestra-independencia\/","name":"Guillermo Brown, en el bicentenario de nuestra independencia - Revista del Notariado","isPartOf":{"@id":"https:\/\/www.revista-notariado.org.ar\/#website"},"primaryImageOfPage":{"@id":"https:\/\/www.revista-notariado.org.ar\/index.php\/2018\/03\/guillermo-brown-en-el-bicentenario-de-nuestra-independencia\/#primaryimage"},"image":{"@id":"https:\/\/www.revista-notariado.org.ar\/index.php\/2018\/03\/guillermo-brown-en-el-bicentenario-de-nuestra-independencia\/#primaryimage"},"thumbnailUrl":"https:\/\/www.revista-notariado.org.ar\/\/wp-content\/uploads\/2018\/02\/almirante-brown_700x300.jpg","datePublished":"2018-03-15T19:38:20+00:00","dateModified":"2022-01-26T15:14:34+00:00","breadcrumb":{"@id":"https:\/\/www.revista-notariado.org.ar\/index.php\/2018\/03\/guillermo-brown-en-el-bicentenario-de-nuestra-independencia\/#breadcrumb"},"inLanguage":"es","potentialAction":[{"@type":"ReadAction","target":["https:\/\/www.revista-notariado.org.ar\/index.php\/2018\/03\/guillermo-brown-en-el-bicentenario-de-nuestra-independencia\/"]}]},{"@type":"ImageObject","inLanguage":"es","@id":"https:\/\/www.revista-notariado.org.ar\/index.php\/2018\/03\/guillermo-brown-en-el-bicentenario-de-nuestra-independencia\/#primaryimage","url":"https:\/\/www.revista-notariado.org.ar\/\/wp-content\/uploads\/2018\/02\/almirante-brown_700x300.jpg","contentUrl":"https:\/\/www.revista-notariado.org.ar\/\/wp-content\/uploads\/2018\/02\/almirante-brown_700x300.jpg","width":700,"height":300},{"@type":"BreadcrumbList","@id":"https:\/\/www.revista-notariado.org.ar\/index.php\/2018\/03\/guillermo-brown-en-el-bicentenario-de-nuestra-independencia\/#breadcrumb","itemListElement":[{"@type":"ListItem","position":1,"name":"Portada","item":"https:\/\/www.revista-notariado.org.ar\/"},{"@type":"ListItem","position":2,"name":"Guillermo Brown, en el bicentenario de nuestra independencia"}]},{"@type":"WebSite","@id":"https:\/\/www.revista-notariado.org.ar\/#website","url":"https:\/\/www.revista-notariado.org.ar\/","name":"Revista del Notariado","description":"Director: Carlos Marcelo D&#039;Alessio","publisher":{"@id":"https:\/\/www.revista-notariado.org.ar\/#organization"},"potentialAction":[{"@type":"SearchAction","target":{"@type":"EntryPoint","urlTemplate":"https:\/\/www.revista-notariado.org.ar\/?s={search_term_string}"},"query-input":{"@type":"PropertyValueSpecification","valueRequired":true,"valueName":"search_term_string"}}],"inLanguage":"es"},{"@type":"Organization","@id":"https:\/\/www.revista-notariado.org.ar\/#organization","name":"Revista del Notariado","url":"https:\/\/www.revista-notariado.org.ar\/","logo":{"@type":"ImageObject","inLanguage":"es","@id":"https:\/\/www.revista-notariado.org.ar\/#\/schema\/logo\/image\/","url":"https:\/\/www.revista-notariado.org.ar\/\/wp-content\/uploads\/2020\/06\/Logo-para.mail_.png","contentUrl":"https:\/\/www.revista-notariado.org.ar\/\/wp-content\/uploads\/2020\/06\/Logo-para.mail_.png","width":642,"height":80,"caption":"Revista del Notariado"},"image":{"@id":"https:\/\/www.revista-notariado.org.ar\/#\/schema\/logo\/image\/"},"sameAs":["https:\/\/www.facebook.com\/revistadelnotariado\/"]},{"@type":"Person","@id":"https:\/\/www.revista-notariado.org.ar\/#\/schema\/person\/69650fd2dba0e7da6aa342cb8508a6c3","name":"Ramiro Chanes","image":{"@type":"ImageObject","inLanguage":"es","@id":"https:\/\/www.revista-notariado.org.ar\/#\/schema\/person\/image\/","url":"https:\/\/secure.gravatar.com\/avatar\/08553b3e3ffdc7781f000c217c213fdb?s=96&d=mm&r=g","contentUrl":"https:\/\/secure.gravatar.com\/avatar\/08553b3e3ffdc7781f000c217c213fdb?s=96&d=mm&r=g","caption":"Ramiro Chanes"},"url":"https:\/\/www.revista-notariado.org.ar\/index.php\/author\/nadacomoelnotariado\/"}]}},"jetpack_featured_media_url":"https:\/\/www.revista-notariado.org.ar\/\/wp-content\/uploads\/2018\/02\/almirante-brown_700x300.jpg","jetpack_publicize_connections":[],"jetpack_sharing_enabled":true,"jetpack_shortlink":"https:\/\/wp.me\/p50Sui-1BO","jetpack-related-posts":[],"_links":{"self":[{"href":"https:\/\/www.revista-notariado.org.ar\/index.php\/wp-json\/wp\/v2\/posts\/6188"}],"collection":[{"href":"https:\/\/www.revista-notariado.org.ar\/index.php\/wp-json\/wp\/v2\/posts"}],"about":[{"href":"https:\/\/www.revista-notariado.org.ar\/index.php\/wp-json\/wp\/v2\/types\/post"}],"author":[{"embeddable":true,"href":"https:\/\/www.revista-notariado.org.ar\/index.php\/wp-json\/wp\/v2\/users\/13"}],"replies":[{"embeddable":true,"href":"https:\/\/www.revista-notariado.org.ar\/index.php\/wp-json\/wp\/v2\/comments?post=6188"}],"version-history":[{"count":7,"href":"https:\/\/www.revista-notariado.org.ar\/index.php\/wp-json\/wp\/v2\/posts\/6188\/revisions"}],"predecessor-version":[{"id":13499,"href":"https:\/\/www.revista-notariado.org.ar\/index.php\/wp-json\/wp\/v2\/posts\/6188\/revisions\/13499"}],"wp:featuredmedia":[{"embeddable":true,"href":"https:\/\/www.revista-notariado.org.ar\/index.php\/wp-json\/wp\/v2\/media\/6187"}],"wp:attachment":[{"href":"https:\/\/www.revista-notariado.org.ar\/index.php\/wp-json\/wp\/v2\/media?parent=6188"}],"wp:term":[{"taxonomy":"category","embeddable":true,"href":"https:\/\/www.revista-notariado.org.ar\/index.php\/wp-json\/wp\/v2\/categories?post=6188"},{"taxonomy":"post_tag","embeddable":true,"href":"https:\/\/www.revista-notariado.org.ar\/index.php\/wp-json\/wp\/v2\/tags?post=6188"}],"curies":[{"name":"wp","href":"https:\/\/api.w.org\/{rel}","templated":true}]}}