{"id":5441,"date":"2017-09-18T11:26:24","date_gmt":"2017-09-18T14:26:24","guid":{"rendered":"http:\/\/www.revista-notariado.org.ar\/?p=5441"},"modified":"2022-01-26T12:26:56","modified_gmt":"2022-01-26T15:26:56","slug":"temporalidad-de-la-ley-incidencia-en-las-situaciones-juridicas-en-curso","status":"publish","type":"post","link":"https:\/\/www.revista-notariado.org.ar\/index.php\/2017\/09\/temporalidad-de-la-ley-incidencia-en-las-situaciones-juridicas-en-curso\/","title":{"rendered":"Temporalidad de la ley. Incidencia en las situaciones jur\u00eddicas en curso"},"content":{"rendered":"<p><a href=\"http:\/\/www.istockphoto.com\/es\/foto\/metal-wheel-concept-gm682183146-125087981\" target=\"_blank\" rel=\"noopener\"><img loading=\"lazy\" decoding=\"async\" class=\"aligncenter wp-image-5471 size-full\" src=\"https:\/\/www.revista-notariado.org.ar\/wp-content\/uploads\/2017\/09\/engranajes-a\u00f1os_700x300.jpg\" alt=\"engranajes-a\u00f1os_700x300\" width=\"700\" height=\"300\" \/><\/a><\/p>\n<p style=\"text-align: right;\"><em><sup>Imagen: <a href=\"http:\/\/www.istockphoto.com\/es\/portfolio\/EtiAmmos?mediatype=photography\" target=\"_blank\" rel=\"noopener\">EtiAmmos<\/a>, todos los derechos reservados.<\/sup><\/em><\/p>\n<p>&nbsp;<\/p>\n<p style=\"background-color: #f8e0e0; padding: 10px;\">Autor:\u00a0<strong>\u00a0Gast\u00f3n A. Zavala<\/strong>\u00a0\u00a0<strong>|<\/strong>\u00a0 (<a href=\"https:\/\/www.revista-notariado.org.ar\/biografia\/gaston-augusto-zavala\/\" target=\"_blank\" rel=\"noopener\">ver bio<\/a>)<\/p>\n<p style=\"background-color: #f2f2f2; padding: 10px;\"><strong><span style=\"color: #000080;\">Resumen<\/span>:<\/strong> La incidencia de los cambios legislativos conlleva en ocasiones un complejo an\u00e1lisis interpretativo, que demanda analizar tanto las variables sustanciales sancionadas como las indeterminaciones en las que se incurre. Esos vac\u00edos legislativos a su vez generan una hermen\u00e9utica judicial a partir de principios legales pre establecidos, entre los que se destacan los usos, pr\u00e1cticas y costumbres.<\/p>\n<p style=\"background-color: #f2f2f2; padding: 10px;\"><strong><span style=\"color: #000080;\">Palabras clave<\/span>:<\/strong>\u00a0Art\u00edculo 7, temporalidad, interpretaci\u00f3n, retroactividad, vac\u00edo normativo.<\/p>\n<p style=\"background-color: #f2f2f2; padding: 10px;\"><sup><span style=\"color: #000080;\">Recibido:<\/span>\u00a017\/2\/2017 \u00a0<strong><span style=\"color: #000080;\">| \u00a0<\/span><\/strong><span style=\"color: #000080;\">A<\/span><\/sup><sup><span style=\"color: #000080;\">ceptado: <\/span>10\/3\/2017<\/sup><\/p>\n<p>&nbsp;<\/p>\n<p>&nbsp;<\/p>\n<a class=\"mwm-aal-item\" name=\"1-introduccion\"><\/a><h2>1. Introducci\u00f3n<\/h2>\n<p>El tiempo es, sin lugar a dudas, un valor de medida imposible de circunscribir en toda su extensi\u00f3n, que de manera constante la humanidad trata de prever e incluso sobre el que trata de incursionar, pero cuyos resultados, por la propia esencia de la naturaleza, no dejan de ser inevitablemente fortuitos. Por ejemplo, en el cine es habitual encontrar films que sin ser de ciencia ficci\u00f3n tratan de remontar a los personajes en el tiempo, pretendiendo encontrar respuestas futuras o tratando de torcer los acontecimientos pasados para moldear las circunstancias contempor\u00e1neas. En el plano jur\u00eddico, estas previsiones van \u00edntimamente ligadas a un caro elemento social como es la seguridad jur\u00eddica. Es as\u00ed como se origina y fortalece la estructura normativa de un pa\u00eds, de una sociedad, donde la ley no es sino un medio t\u00e9cnico de realizar el verdadero derecho y la misi\u00f3n primaria del derecho no reside en impartir pautas a los jueces para resolver los casos \u2013sin perjuicio de su conveniencia\u2013, sino en generar reglas claras y constantes destinadas a ordenar las conductas de los ciudadanos, a fin de evitar que el resultado de esas conductas se judicialice.<\/p>\n<p>La temporalidad de una ley, en especial de la nueva ley, nos interesa desde un doble punto de vista. En primer lugar, por su entrada en vigencia, la que puede ser inmediata a su publicaci\u00f3n o diferida cuando entra a regir luego de cierto tiempo (d\u00edas, meses, a\u00f1os). Para el\u00a0<a href=\"http:\/\/www.infoleg.gob.ar\/infolegInternet\/verNorma.do?id=235975\" target=\"_blank\" rel=\"noopener\">C\u00f3digo Civil y Comercial de la Naci\u00f3n<\/a>\u00a0(en adelante, CCCN) \u2013congruente con lo previsto en el\u00a0<a href=\"http:\/\/www.infoleg.gob.ar\/infolegInternet\/verNorma.do?id=109481\" target=\"_blank\" rel=\"noopener\">C\u00f3digo Civil<\/a>\u00a0(en adelante, CCIV)\u2013, las leyes rigen como principio general despu\u00e9s del octavo d\u00eda de su publicaci\u00f3n oficial, salvo que se determine una fecha espec\u00edfica. Fue as\u00ed como la Ley\u00a0<a href=\"http:\/\/www.infoleg.gob.ar\/infolegInternet\/verNorma.do?id=235975\" target=\"_blank\" rel=\"noopener\">26994<\/a>\u00a0estableci\u00f3 que el CCCN entrar\u00eda a regir el 1 de enero de 2016, pero mediante Ley\u00a0<a href=\"http:\/\/servicios.infoleg.gob.ar\/infolegInternet\/verNorma.do?id=239773\" target=\"_blank\" rel=\"noopener\">27077<\/a>se anticip\u00f3 su vigencia y se estableci\u00f3 a partir del 1 de agosto de 2015. <a id=\"footnote-161507-1-backlink\" class=\"footnote\" href=\"#footnote-161507-1\">1<\/a><\/p>\n<p>Pero es el segundo aspecto de incidencia de la ley en el tiempo el que nos interesa en esta oportunidad, porque las normas tienen indefectiblemente una vida finita en el tiempo. En ocasiones su vigencia queda circunscripta a una determinada finalidad y en otras su vigencia se prolonga por extensos per\u00edodos. Esta temporalidad hace que aquellas situaciones o relaciones jur\u00eddicas que no se agotan instant\u00e1neamente, sino que duran en el tiempo, o que para su realizaci\u00f3n demandan un per\u00edodo relativamente extenso, puedan verse eventualmente regidas por normas sucesivas. <a id=\"footnote-161507-2-backlink\" class=\"footnote\" href=\"#footnote-161507-2\">2<\/a>\u00a0Ese cambio legislativo pasar\u00e1 desapercibido cuando conlleve una continuidad sustantiva en la materia. Pero como la evoluci\u00f3n de toda sociedad implica cambios en los m\u00e1s variados \u00f3rdenes, ello se ver\u00e1 reflejado en el tratamiento normativo que, aunque se presuma mejor, podr\u00e1 llevar aparejada una colisi\u00f3n en la que no siempre ser\u00e1 la nueva ley la que habr\u00e1 de aplicarse frente a situaciones jur\u00eddicas existentes (seguridad jur\u00eddica). <a id=\"footnote-161507-3-backlink\" class=\"footnote\" href=\"#footnote-161507-3\">3<\/a>\u00a0Es en ese contexto donde cobran virtualidad las disposiciones de\u00a0<strong>derecho transitorio<\/strong>.<\/p>\n<p>&nbsp;<\/p>\n<a class=\"mwm-aal-item\" name=\"2-normas-de-derecho-transitorio\"><\/a><h2>2. Normas de derecho transitorio<\/h2>\n<p>Son normas de derecho formal cuya finalidad es prever qu\u00e9 norma habr\u00e1 de aplicarse ante la colisi\u00f3n de disposiciones derogadas y las que se incorporan al ordenamiento jur\u00eddico. Las personas no cuentan con la potestad de elegir qu\u00e9 ley regir\u00e1 la situaci\u00f3n jur\u00eddica \u2013excepto el supuesto de normas supletorias\u2013 porque se trata de una cuesti\u00f3n de derecho (<em>iura novit curia<\/em>). Ellas no regulan de manera directa la situaci\u00f3n concreta, sino que se limitan a remitir a la norma aplicable.<\/p>\n<p>La esencia de las disposiciones transitorias es interceder u operar de nexo entre las estructuras legislativas que se suceden. La vigencia de una ley puede extenderse por un breve interregno de tiempo o por un plazo de vigencia indeterminado, en base a las demandas de la sociedad contempor\u00e1nea. Tal como lo predica Acu\u00f1a Anzorena, en el com\u00fan sentir de los juristas, fil\u00f3sofos y soci\u00f3logos \u2013concepto que se acepta en la actualidad\u2013, las leyes no son sino reglas temporarias y tangibles, m\u00f3viles y variables, como es la propia vida social. <a id=\"footnote-161507-4-backlink\" class=\"footnote\" href=\"#footnote-161507-4\">4<\/a>\u00a0Sin importar cu\u00e1l fuere el caso, puede ser que durante su vigencia esa ley sea modificada o directamente reemplazada por otra que altere sus requisitos, condiciones, plazos, efectos, etc.<\/p>\n<p>Cuando los hechos o situaciones se consumaron de manera \u00edntegra durante la vigencia de una ley, la que la suceda pasar\u00e1 inadvertida, pero cuando las situaciones o relaciones jur\u00eddicas no se agotaron, no se terminaron de constituir o perduran generando consecuencias, hace que eventualmente puedan verse regidos por distintas normas (al nacer, al concertarse o al inicio caen bajo el imperio de una norma y al realizarse las prestaciones o agotarse las consecuencias de aquellas relaciones o situaciones jur\u00eddicas en otra o sucesivas normas). <a id=\"footnote-161507-5-backlink\" class=\"footnote\" href=\"#footnote-161507-5\">5<\/a><\/p>\n<p>Observamos en este \u00faltimo supuesto el rol trascendental que adquiere el tiempo conjugado con el tratamiento normativo. El contexto se vuelve a\u00fan m\u00e1s especial si a los factores tiempo y marco legal se le adiciona la voluntad.<\/p>\n<p>La autonom\u00eda privada es la potestad otorgada por el ordenamiento jur\u00eddico a la voluntad, para actuar como eficaz legislador de los intereses privados en las relaciones jur\u00eddicas, y soberana para evaluar los requisitos o elementos constitutivos y la conveniencia del acto por los efectos que habr\u00e1 de generar. Se conforma as\u00ed un tiempo espiritual o jur\u00eddico, en el que se considera al lapsus contractual desde su constituci\u00f3n o celebraci\u00f3n hasta la generaci\u00f3n de sus consecuencias como si todo hubiese acontecido en un \u00fanico tiempo. Todo ese per\u00edodo temporal conformar\u00e1 una unidad a la que denomino unidad de acto contractual.<\/p>\n<p>Esta unidad de acto contractual tiene en com\u00fan con la unidad de acto notarial (co-presencia, lectura, otorgamiento y autorizaci\u00f3n) <a id=\"footnote-161507-6-backlink\" class=\"footnote\" href=\"#footnote-161507-6\">6<\/a>\u00a0el\u00a0<em>factor\u00a0<\/em>tiempo. En ambas, la temporalidad de su desarrollo nos invita a circunscribirlas en una unidad. Se diferencian en que la unidad de acto notarial es ef\u00edmera, limitada entre la narraci\u00f3n y su conclusi\u00f3n en el documento otorgado y autorizado (unidad de acto formal o segunda audiencia). Si, a su vez, la asociamos con el principio de concentraci\u00f3n <a id=\"footnote-161507-7-backlink\" class=\"footnote\" href=\"#footnote-161507-7\">7<\/a>\u00a0adquiere relevancia la unidad de acto sustantiva (exigida por ejemplo para los testamentos por acto p\u00fablico), porque van inescindiblemente unidos la forma y su contenido. <a id=\"footnote-161507-8-backlink\" class=\"footnote\" href=\"#footnote-161507-8\">8<\/a>\u00a0En cambio, los elementos que integran la unidad de acto contractual son mucho m\u00e1s bastos y el tiempo que puede comprender su desarrollo mucho m\u00e1s extenso e incluso indefinido.<\/p>\n<p>L\u00f3pez de Zaval\u00eda clasifica el tiempo en material (es el pasado del mundo f\u00edsico y se mide por el calendario) y, por otro lado, en jur\u00eddico, moral o espiritual (abarca todo el pasado material, pero tambi\u00e9n lleva en s\u00ed parte del futuro f\u00edsico). <a id=\"footnote-161507-9-backlink\" class=\"footnote\" href=\"#footnote-161507-9\">9<\/a>\u00a0Seg\u00fan Moisset de Espan\u00e9s, Roubier no menciona de manera expresa la distinci\u00f3n del tiempo material y tiempo intelectual, pero sostiene que es viable interpretar que el autor franc\u00e9s la consider\u00f3. Para Roubier, \u201chay situaciones jur\u00eddicas sometidas a un \u00abestatuto legal\u00bb, que a su entender son situaciones que tienen una base material y concreta\u201d, <a id=\"footnote-161507-10-backlink\" class=\"footnote\" href=\"#footnote-161507-10\">10<\/a>\u00a0a las que les es aplicable<\/p>\n<blockquote><p>\u2026 la concepci\u00f3n del tiempo f\u00edsico y, por tanto, en ese campo el efecto inmediato de las leyes no resultar\u00eda contrario al principio de la irretroactividad. En cambio, cuando se trata de situaciones jur\u00eddicas contractuales opina Roubier que ellas tienen una base \u201cideal y abstracta\u201d y, en consecuencia, se ve obligado a aplicarles una concepci\u00f3n intelectual del tiempo. <a id=\"footnote-161507-11-backlink\" class=\"footnote\" href=\"#footnote-161507-11\">11<\/a><\/p><\/blockquote>\n<p>Esta unidad de acto contractual queda sometida a una \u00fanica ley, la que, seg\u00fan la norma transitoria prevista en el \u00faltimo p\u00e1rrafo del art\u00edculo 7\u00a0<a href=\"http:\/\/www.infoleg.gob.ar\/infolegInternet\/verNorma.do?id=235975\" target=\"_blank\" rel=\"noopener\">CCCN<\/a>, es la ley vigente al momento de su celebraci\u00f3n. Las leyes posteriores no pueden afectarla aunque el acto est\u00e9 en curso de ejecuci\u00f3n, por el principio de irretroactividad de la ley previsto tambi\u00e9n en el art\u00edculo 7, p\u00e1rrafo segundo, salvo que est\u00e9n dotadas de efecto retroactivo.<\/p>\n<p>Para una mayor comprensi\u00f3n del tema, me remitir\u00e9 a un ejemplo hist\u00f3rico en la materia: <a id=\"footnote-161507-12-backlink\" class=\"footnote\" href=\"#footnote-161507-12\">12<\/a>\u00a0se celebra un contrato de mutuo por cinco a\u00f1os, con una tasa de inter\u00e9s anual del 10 %; a los tres a\u00f1os, cuando ya se han pagado dos anualidades y devengada la tercera, se dicta una ley que proh\u00edbe toda tasa de inter\u00e9s superior al 6 % y que dispone para las que la superen su reducci\u00f3n a ese d\u00edgito. En relaci\u00f3n a esta nueva estructura normativa, caben cuatro respuestas:<\/p>\n<ul>\n<li>La nueva ley no se aplica a ninguna anualidad.<\/li>\n<li>La nueva ley impera sobre las dos que lleguen a devengarse despu\u00e9s.<\/li>\n<li>La nueva ley regula esas dos y tambi\u00e9n la que se adeudaba al entrar en vigencia.<\/li>\n<li>La nueva ley gobierna las cinco anualidades de tal modo que el acreedor no solo no cobrar\u00e1 m\u00e1s el 10 %, sino que deber\u00e1 devolver lo que ha percibido en exceso.<\/li>\n<\/ul>\n<p>Para la noci\u00f3n del tiempo espiritual, en las tres \u00faltimas variantes se estar\u00eda ante una ley retroactiva. Ser\u00e1 retroactiva en primer grado o atenuada si solo gravitase sobre las anualidades que se devenguen despu\u00e9s de la entrada en vigencia de la nueva ley (para la noci\u00f3n del tiempo material o pasado f\u00edsico, esto no es retroactividad sino \u201cefectos inmediatos\u201d de la ley); retroactiva en segundo grado o m\u00e1s intensa si incide sobre la anualidad devengada pero a\u00fan no percibida; y retroactiva en tercer grado o m\u00e1s radical si alcanza incluso las percibidas obligando a devolver.<\/p>\n<p>&nbsp;<\/p>\n<a class=\"mwm-aal-item\" name=\"3-el-derecho-transitorio-en-el-codigo-civil-y-comercial-de-la-nacion\"><\/a><h2>3. El derecho transitorio en el C\u00f3digo Civil y Comercial de la Naci\u00f3n<\/h2>\n<p>La Ley 26994, que entr\u00f3 en vigencia el 1 de agosto de 2015, <a id=\"footnote-161507-13-backlink\" class=\"footnote\" href=\"#footnote-161507-13\">13<\/a>\u00a0derog\u00f3, entre otras normas, el C\u00f3digo Civil (<a href=\"http:\/\/www.infoleg.gob.ar\/infolegInternet\/verNorma.do?id=109481\" target=\"_blank\" rel=\"noopener\">CCIV<\/a>) aprobado por la Ley 340 y el\u00a0<a href=\"http:\/\/www.infoleg.gov.ar\/infolegInternet\/verNorma.do?id=109500\" target=\"_blank\" rel=\"noopener\">C\u00f3digo de Comercio<\/a>\u00a0aprobado por las Leyes 15 y 2637 \u2013con excepci\u00f3n de algunos art\u00edculos\u2013. Asimismo, aprob\u00f3 el\u00a0<a href=\"http:\/\/www.infoleg.gob.ar\/infolegInternet\/verNorma.do?id=235975\" target=\"_blank\" rel=\"noopener\">CCCN<\/a>\u00a0elaborado por un cuerpo de juristas nucleado y dirigido por el presidente de la Corte Suprema de Justicia, doctor Ricardo Luis Lorenzetti, la ministra de la Corte doctora Elena Highton de Nolasco y la exmagistrada de la Suprema Corte de la provincia de Mendoza doctora A\u00edda Kemelmajer de Carlucci.<\/p>\n<p>Este nuevo cuerpo de derecho privado nacional contiene como norma general de derecho transitorio \u00fanicamente su art\u00edculo 7, que opera como nexo integrador con la estructura normativa derogada. Adem\u00e1s de esta pauta conciliadora gen\u00e9rica entre plataformas legislativas, el CCCN aporta a la tarea interpretativa algunas pocas herramientas espec\u00edficas relativas a distintas \u00e1reas, como lo son el art\u00edculo 2537 <a id=\"footnote-161507-14-backlink\" class=\"footnote\" href=\"#footnote-161507-14\">14<\/a>\u00a0(referido al modo de contar los plazos de prescripci\u00f3n en curso al momento de entrada en vigencia de la ley), el art\u00edculo 2472 (forma de los testamentos, en concordancia con el art.\u00a02645) y el art\u00edculo 2075 (relativo a los conjuntos inmobiliarios).<\/p>\n<p>El art\u00edculo 7 del C\u00f3digo del siglo XXI se nutre esencialmente del art\u00edculo 3 CCIV, seg\u00fan el tenor que le dio la reforma introducida por el Decreto-Ley 17711 de 1968 a la\u00a0obra de V\u00e9lez. M\u00e1s all\u00e1 de alg\u00fan apropiado maquillaje sem\u00e1ntico al art\u00edculo 3, el CCCN innova en el agregado al \u00faltimo p\u00e1rrafo al establecer la aplicabilidad de las nuevas leyes supletorias cuando fuesen m\u00e1s favorables al consumidor en las relaciones de consumo.<\/p>\n<p>&nbsp;<\/p>\n<a class=\"mwm-aal-item\" name=\"4-interpretacion-del-articulo-7-como-norma-transitoria\"><\/a><h2>4. Interpretaci\u00f3n del art\u00edculo 7 como norma transitoria<\/h2>\n<p>Lo parad\u00f3jico de esta disposici\u00f3n es que el com\u00fan denominador de los distintos int\u00e9rpretes, en su af\u00e1n de asociarlo a una situaci\u00f3n jur\u00eddica en curso \u2013en las m\u00faltiples disciplinas que se pueda imaginar\u2013, termina remont\u00e1ndose a uno de los principales expositores de la doctrina del derecho transitorio, el profesor de Lyon Paul Roubier. <a id=\"footnote-161507-15-backlink\" class=\"footnote\" href=\"#footnote-161507-15\">15<\/a>\u00a0Es cierto que fue la tesis del autor galo quien inspir\u00f3 a Guillermo Borda a elaborar el trabajo que present\u00f3 en el III Congreso Nacional de Derecho Civil (C\u00f3rdoba, 1961), ponencia que se vio sintetizada en las\u00a0<a href=\"http:\/\/jndcbahiablanca2015.com\/wp-content\/uploads\/2014\/01\/Ed-anteriores-03-1961.pdf\" class=\"mtli_attachment mtli_pdf\" target=\"_blank\" rel=\"noopener\">conclusiones<\/a>\u00a0del citado congreso y positivizada en la sustancial modificaci\u00f3n al derecho civil del a\u00f1o 1968. <a id=\"footnote-161507-16-backlink\" class=\"footnote\" href=\"#footnote-161507-16\">16<\/a><\/p>\n<p>Cabe reconocer la trascendental importancia que representa para los int\u00e9rpretes de la ley aquella doctrina for\u00e1nea de Roubier, pero resulta relevante destacar que de manera expl\u00edcita el art\u00edculo 2\u00a0<a href=\"http:\/\/www.infoleg.gob.ar\/infolegInternet\/verNorma.do?id=235975\" target=\"_blank\" rel=\"noopener\">CCCN<\/a>\u00a0establece que la ley debe ser interpretada teniendo en cuenta sus palabras, y a partir de ellas sus finalidades, los principios y los valores jur\u00eddicos. <a id=\"footnote-161507-17-backlink\" class=\"footnote\" href=\"#footnote-161507-17\">17<\/a>\u00a0Es por ello que no deja de sorprender c\u00f3mo no solo la doctrina sino tambi\u00e9n los distintos precedentes judiciales que se han pronunciado hasta el momento esgrimen entre sus fundamentos aquella tesis doctrinaria, asign\u00e1ndole una relevancia supra legal, cuando las discusiones de lo que dijo o se supone que dijo Roubier son interminables, ya sea porque lecturas parcializadas de su obra conlleven a interpretaciones dis\u00edmiles o porque la hermen\u00e9utica no sea lo suficientemente exhaustiva como para llegar a un resultado integrador o por los motivos que fueren.<\/p>\n<p>Lo cierto es que desde el a\u00f1o 1961, y en particular luego de la Ley 17711, se ha discutido sobre la adecuada o desacertada interpretaci\u00f3n de la obra del maestro franc\u00e9s respecto del derecho transitorio. <a id=\"footnote-161507-18-backlink\" class=\"footnote\" href=\"#footnote-161507-18\">18<\/a>\u00a0La necesidad de acudir al origen o doctrina de la que se nutri\u00f3 Borda evidencia tal vez la brecha que se ha formado entre la\u00a0<em>ratio legis<\/em>\u00a0o motivo de la norma del a\u00f1o 1968, la circunstancia hist\u00f3rica (ocasio legis) que determin\u00f3 la formulaci\u00f3n de la ponencia que se concret\u00f3 finalmente en la reforma al art\u00edculo 3 CCIV y la realidad actual. C\u00f3mo predica el maestro Llamb\u00edas \u2013siguiendo De Ruggiero\u2013,<\/p>\n<blockquote><p>\u2026 la\u00a0<em>ocasio legis<\/em>, como elemento transitorio y contingente, sirve para explicar la aparici\u00f3n de la norma nueva en el sistema, pero desaparece r\u00e1pidamente como factor intr\u00ednseco de la misma. <a id=\"footnote-161507-19-backlink\" class=\"footnote\" href=\"#footnote-161507-19\">19<\/a><\/p><\/blockquote>\n<p>&nbsp;<\/p>\n<a class=\"mwm-aal-item\" name=\"5-disposicion-transitoria-generica\"><\/a><h2>5. Disposici\u00f3n transitoria gen\u00e9rica<\/h2>\n<p>La realidad evidencia la complejidad del tema. Una escueta disposici\u00f3n normativa <a id=\"footnote-161507-20-backlink\" class=\"footnote\" href=\"#footnote-161507-20\">20<\/a>\u00a0parece no ser suficiente ante la magnitud del cometido de una ley que oscila entre la retroactividad y la irretroactividad, que va de los efectos inmediatos por una parte a la sobrevida de la ley anterior por otra, de la inaplicabilidad de la ley supletoria a los contratos en curso de ejecuci\u00f3n frente a la aplicabilidad de las mismas cuando son m\u00e1s favorables al consumidor en las relaciones de consumo. La alta expectativa que conlleva el art\u00edculo 7 CCCN colisiona con la carencia de pautas interpretativas s\u00f3lidas y un\u00e1nimes y la ausencia de normas procedimentales que coadyuven a su ensamble jur\u00eddico. Ello se agrava a\u00fan m\u00e1s si consideramos que el contexto en que se insert\u00f3 el art\u00edculo 3 CCIV en el a\u00f1o 1968 dista notablemente del espectro jur\u00eddico y social en el que entra a regir el CCCN. La Ley 17711 fue, sin lugar a hesitaciones, una de las grandes reformas a las que se someti\u00f3 la obra magna de Dalmacio V\u00e9lez Sarsfield. Ella se insert\u00f3 dentro de una plataforma legal y modific\u00f3 una serie determinada de art\u00edculos \u2013sustancialmente en algunos temas\u2013, pero implic\u00f3 cambios de ley a ley.<\/p>\n<p>La Ley 26994 representa un cambio rotundo, absoluto, donde se derogan dos c\u00f3digos nacionales y se aprueba un c\u00f3digo nuevo, unificando las materias civil y comercial, donde derechos que hab\u00edan sido reconocidos jurisprudencialmente ahora se ven receptados en la plataforma jur\u00eddica, pero otros no son regulados de una manera diferente, o sencillamente se registran lagunas o vac\u00edos normativos. Esto agrava la situaci\u00f3n en virtud de que los integrantes de la sociedad, ante la carencia de reglas de conducta espec\u00edficas o claras, no puedan anticipar con certeza si su conducta es o no eficaz, aun cuando pueda presumirse su permisividad (cfr. art.\u00a019\u00a0<a href=\"http:\/\/www.infoleg.gob.ar\/?page_id=63\" target=\"_blank\" rel=\"noopener\">Constituci\u00f3n Nacional<\/a>).<\/p>\n<p>El cambio estructural de la plataforma normativa es variado. En algunos aspectos es una mutaci\u00f3n de ley a ley, en otros la indeterminaci\u00f3n legal o las respuestas dadas por la justicia pas\u00f3 a estar contemplada en las disposiciones normativas pero en otros se pas\u00f3 del tratamiento legal o del derecho reconocido en los estrados judiciales al silencio de la ley. Y es aqu\u00ed donde el derecho transitorio y una adecuada hermen\u00e9utica legal y social cobran m\u00e1xima trascendencia, demandando de los operadores del derecho una apertura jur\u00eddica que logre allanar el camino hacia los nuevos paradigmas del derecho y las necesidades de una sociedad que oscila entre las costumbres y la innovaci\u00f3n cultural y econ\u00f3mica.<\/p>\n<p>Con meridiana claridad, Moisset de Espan\u00e9s sostiene que el conjunto de modificaciones introducidas por la Ley 17711 a las normas que deben solucionar los conflictos de leyes en el tiempo \u201ces el acierto m\u00e1s desacertado de la reforma\u201d. <a id=\"footnote-161507-21-backlink\" class=\"footnote\" href=\"#footnote-161507-21\">21<\/a>\u00a0Destaca tambi\u00e9n que el art\u00edculo 3<\/p>\n<blockquote><p>\u2026 es inobjetable, pues sintetiza de manera alambicada y abstracta la esencia de las conclusiones extra\u00eddas por Roubier para solucionar los conflictos de leyes en el tiempo. Pero los inconvenientes de incorporar esta norma a \u201cnuestro\u201d sistema jur\u00eddico aparecen a poco de andar, en cuanto los magistrados se ven obligados a resolver los casos concretos que se presentan en la pr\u00e1ctica diaria, y sus vacilaciones se reflejan en la jurisprudencia, que resulta contradictoria y, a veces, desacertada. <a id=\"footnote-161507-22-backlink\" class=\"footnote\" href=\"#footnote-161507-22\">22<\/a><\/p><\/blockquote>\n<p>&nbsp;<\/p>\n<a class=\"mwm-aal-item\" name=\"6-analisis\"><\/a><h2>6. An\u00e1lisis<\/h2>\n<p>El art\u00edculo 7\u00a0<a href=\"http:\/\/servicios.infoleg.gob.ar\/infolegInternet\/verNorma.do?id=235975\" target=\"_blank\" rel=\"noopener\">CCCN<\/a>, tal como estuvo previsto en el art\u00edculo 3 del CCIV, establece cuatro reglas interpretativas. La disposici\u00f3n se presenta con un claro mensaje: la\u00a0<strong>aplicaci\u00f3n inmediata<\/strong>\u00a0de las nuevas leyes a las situaciones y relaciones jur\u00eddicas en curso (p\u00e1rrafo 1\u00ba), aunque, a fin de resguardar la seguridad jur\u00eddica de las situaciones existentes, establece el\u00a0<strong>principio de irretroactividad<\/strong>, sin importar que las nuevas normas sean o no de orden p\u00fablico (p\u00e1rrafo 2\u00ba). Sin perjuicio de ello, esta segunda pauta transitoria (irretroactividad de la ley) puede ser morigerada cuando el propio legislador establece su retroactividad. Es decir, este principio no obliga al legislador sino que es una directiva para los jueces como int\u00e9rpretes de la ley. El precepto no establece si esta excepci\u00f3n debe ser fijada de manera expresa o si es suficiente con su consideraci\u00f3n t\u00e1cita. <a id=\"footnote-161507-23-backlink\" class=\"footnote\" href=\"#footnote-161507-23\">23<\/a>\u00a0Nos inclinamos por su previsi\u00f3n expresa, ya que si bien la interpretaci\u00f3n extensiva t\u00e1cita deber\u00e1 ser apreciada judicialmente, la seguridad jur\u00eddica de las relaciones requiere una previsi\u00f3n certera como principio rector para una sociedad que anhele considerarse evolucionada y estable jur\u00eddicamente. <a id=\"footnote-161507-24-backlink\" class=\"footnote\" href=\"#footnote-161507-24\">24<\/a>\u00a0Sea cual fuere el car\u00e1cter e intensidad de la retroactividad, no podr\u00e1 afectar los derechos amparados\u00a0<strong>por garant\u00edas constitucionales\u00a0<\/strong>(2\u00ba p\u00e1rrafo\u00a0<em>in fine<\/em>).<\/p>\n<p>El \u00faltimo p\u00e1rrafo del art\u00edculo 7 es el que presenta el cambio m\u00e1s acentuado respecto del concepto vertido en el art\u00edculo 3 CCIV (seg\u00fan redacci\u00f3n dada por la Ley 17711) y este, a su vez, respecto de la\u00a0<a href=\"http:\/\/jndcbahiablanca2015.com\/wp-content\/uploads\/2014\/01\/Ed-anteriores-03-1961.pdf\" class=\"mtli_attachment mtli_pdf\" target=\"_blank\" rel=\"noopener\">recomendaci\u00f3n<\/a>N\u00ba\u00a01 del III Congreso Nacional de Derecho Civil (C\u00f3rdoba, 1961). La reforma de 1968 al art\u00edculo 3 reflej\u00f3 literalmente la conclusi\u00f3n del congreso cordob\u00e9s, con el \u00fanico agregado del p\u00e1rrafo final, el cual formaba parte de la ponencia presentada por Borda a ese evento \u2013pero eliminado circunstancialmente por el plenario\u2013 <a id=\"footnote-161507-25-backlink\" class=\"footnote\" href=\"#footnote-161507-25\">25<\/a>\u00a0y que con el transcurso del tiempo revirti\u00f3 la opini\u00f3n originariamente negativa de importantes doctrinarios. <a id=\"footnote-161507-26-backlink\" class=\"footnote\" href=\"#footnote-161507-26\">26<\/a>Este p\u00e1rrafo final del art\u00edculo 7 implica respetar las normas supletorias vigentes al momento de la celebraci\u00f3n del contrato, aun cuando la relaci\u00f3n jur\u00eddica se encuentre en curso de ejecuci\u00f3n. Y vuelve a ser el p\u00e1rrafo innovador, porque el legislador de 2014 le incorpor\u00f3 una excepci\u00f3n: las nuevas normas supletorias ser\u00e1n ahora aplicables cuando sean m\u00e1s favorables al consumidor en las relaciones de consumo.<\/p>\n<p>&nbsp;<\/p>\n<a class=\"mwm-aal-item\" name=\"7-ejes-de-aplicacion\"><\/a><h2>7. Ejes de aplicaci\u00f3n<\/h2>\n<p>Las reglas estatuidas para dirimir el conflicto de las leyes en el tiempo giran indefectiblemente en relaci\u00f3n a dos ejes rectores, que son el efecto inmediato de la nueva ley o el efecto diferido de la ley que se deroga o modifica y que se habr\u00e1 de imponer sobre la vigencia de la nueva norma. Pero, como lo afirma Medina, a pesar de lo sistem\u00e1tico de la disposici\u00f3n normativa, de la distinci\u00f3n a partir de la diferenciaci\u00f3n entre la inmediatez o no de los efectos de la nueva ley que parecen tan claras en t\u00e9rminos generales, y de la aparente distinci\u00f3n entre situaciones o relaciones jur\u00eddicas y sus consecuencias consumadas y en curso, no resulta sencillo ponerlas en pr\u00e1ctica frente a situaciones concretas, como lo demuestra el debate doctrinario que se ha suscitado en torno a la cuesti\u00f3n. <a id=\"footnote-161507-27-backlink\" class=\"footnote\" href=\"#footnote-161507-27\">27<\/a>\u00a0Esta problem\u00e1tica no solo se presenta frente al an\u00e1lisis de saber si nos encontramos antes pautas de derecho transitorio, sino tambi\u00e9n al responder si se trata en otros supuestos de disposiciones supletorias o normas de orden p\u00fablico, cuesti\u00f3n de no menor importancia para saber si las partes pueden o no dejar de lado una disposici\u00f3n legal frente a sus convenciones.<\/p>\n<p>Otro de los interrogantes que genera el precepto es la aparente dicotom\u00eda que se suscita entre situaci\u00f3n jur\u00eddica y relaci\u00f3n jur\u00eddica. <a id=\"footnote-161507-28-backlink\" class=\"footnote\" href=\"#footnote-161507-28\">28<\/a>\u00a0Decimos\u00a0<em>aparente<\/em>\u00a0porque pese a la distinci\u00f3n que podr\u00eda encontrarse a cada uno de estos conceptos, la conjunci\u00f3n copulativa y del art\u00edculo los vincula y somete al mismo r\u00e9gimen, por lo que resulta ociosa toda distinci\u00f3n. <a id=\"footnote-161507-29-backlink\" class=\"footnote\" href=\"#footnote-161507-29\">29<\/a><\/p>\n<p>&nbsp;<\/p>\n<a class=\"mwm-aal-item\" name=\"8-efectos-inmediatos-de-la-ley\"><\/a><h2>8. Efectos inmediatos de la ley<\/h2>\n<p>La aplicaci\u00f3n inmediata de la ley <a id=\"footnote-161507-30-backlink\" class=\"footnote\" href=\"#footnote-161507-30\">30<\/a>\u00a0a las consecuencias generadas o producidas por situaciones jur\u00eddicas existentes es el efecto propio y normal luego de su sanci\u00f3n. Significa la aplicaci\u00f3n de las nuevas normas para el futuro, para las consecuencias a\u00fan no cumplidas (hechos en curso) como consecuencia necesaria de la naturaleza irreversible del tiempo. El sistema del efecto inmediato \u2013tomado de la doctrina de Roubier\u2013 es el que adopt\u00f3 de manera expresa el CCIV, luego de la Ley 17711, <a id=\"footnote-161507-31-backlink\" class=\"footnote\" href=\"#footnote-161507-31\">31<\/a>\u00a0y tambi\u00e9n el\u00a0<a href=\"http:\/\/servicios.infoleg.gob.ar\/infolegInternet\/verNorma.do?id=235975\" target=\"_blank\" rel=\"noopener\">CCCN<\/a>. Se erige sobre la presunci\u00f3n de que la ley nueva es mejor que la sustituida. <a id=\"footnote-161507-32-backlink\" class=\"footnote\" href=\"#footnote-161507-32\">32<\/a><\/p>\n<p>El efecto inmediato encuentra sus l\u00edmites en el principio de irretroactividad, que impide aplicar las nuevas leyes a situaciones o relaciones jur\u00eddicas ya constituidas (sea su creaci\u00f3n, modificaci\u00f3n o extinci\u00f3n), o a efectos ya producidos (hechos cumplidos o consumados), pero ninguna restricci\u00f3n existe cuando las consecuencias son posteriores a la vigencia de la nueva ley, aun cuando hayan sido generados por una situaci\u00f3n jur\u00eddica existente. El efecto inmediato de la ley se presenta l\u00f3gicamente ante hechos constitutivos o extintivos de situaciones o relaciones jur\u00eddicas, producidos con posterioridad a la vigencia de la nueva ley (por ejemplo, la uni\u00f3n en matrimonio entre personas del mismo g\u00e9nero, luego de la entrada en vigencia de la Ley\u00a0<a href=\"http:\/\/servicios.infoleg.gob.ar\/infolegInternet\/verNorma.do?id=169608\" target=\"_blank\" rel=\"noopener\">26618<\/a>).<\/p>\n<p>Cuando los hechos constitutivos o extintivos tienen un \u00fanico momento o si requieren actos continuos o sucesivos y estos est\u00e1n cumplidos bajo el amparo de una \u00fanica ley, es decir preceden a la entrada en vigencia de la nueva ley, no pueden, en principio, ser alcanzados por los efectos de la nueva ley. <a id=\"footnote-161507-33-backlink\" class=\"footnote\" href=\"#footnote-161507-33\">33<\/a>\u00a0En cambio, cuando durante una ley se han sucedido hechos aptos para comenzar la gestaci\u00f3n o extinci\u00f3n de una situaci\u00f3n jur\u00eddica y se modifica la ley que gobernaba la eficacia de esos hechos, corresponde sostener que al no haberse consumado \u00edntegramente la constituci\u00f3n o finalizaci\u00f3n, quedar\u00e1 regida por la nueva ley. <a id=\"footnote-161507-34-backlink\" class=\"footnote\" href=\"#footnote-161507-34\">34<\/a><\/p>\n<p>En un reciente fallo, la Corte Suprema de Justicia de la Naci\u00f3n estableci\u00f3 que<\/p>\n<blockquote><p>\u2026 deviene inoficioso pronunciarse sobre los alcances que se deb\u00edan asignar al escrito de contestaci\u00f3n a la reconvenci\u00f3n presentado por el actor reconvenido y su incidencia respecto de las causales subjetivas admitidas en la causa para decretar el divorcio, cuya existencia a los fines pretendidos ha fenecido por imperativo legal \u2013en virtud de que durante el iter procesal entr\u00f3 en vigencia el\u00a0<a href=\"http:\/\/servicios.infoleg.gob.ar\/infolegInternet\/verNorma.do?id=235975\" target=\"_blank\" rel=\"noopener\">CCCN<\/a>\u2013 <a id=\"footnote-161507-35-backlink\" class=\"footnote\" href=\"#footnote-161507-35\">35<\/a>, sin que se advierta inter\u00e9s econ\u00f3mico o jur\u00eddico actual que justifique un pronunciamiento sobre el punto al haber desaparecido uno de los requisitos que condicionan la jurisdicci\u00f3n del Tribunal.<\/p><\/blockquote>\n<p>Y concluy\u00f3 que<\/p>\n<blockquote><p>\u2026 las cuestiones atinentes a la disoluci\u00f3n del v\u00ednculo matrimonial [\u2026] se encuentran hoy reguladas en los arts.\u00a0435 y siguientes del C\u00f3digo Civil y Comercial de la Naci\u00f3n, normativa que, en virtud de la regla general estableci\u00adda\u00a0en el art.\u00a07 del mencionado c\u00f3digo, resulta de inmediata aplicaci\u00f3n al caso. <a id=\"footnote-161507-36-backlink\" class=\"footnote\" href=\"#footnote-161507-36\">36<\/a><\/p><\/blockquote>\n<p>Resta considerar las situaciones legales y las situaciones contractuales en curso. Los efectos ya producidos se rigen por la ley vigente al momento de su producci\u00f3n, mientras que a las consecuencias que nacen con posterioridad al momento en que comienza la vigencia de la nueva ley les ser\u00e1 aplicable el efecto inmediato de la nueva ley. Las soluciones jurisprudenciales o doctrinarias que ya integraban el sistema jur\u00eddico al momento de entrar a regir una nueva legislaci\u00f3n no conllevan un cambio real o sustancial en el derecho vigente cuando la nueva ley se limita a incorporar ese reconocimiento judicial a las demandas de la sociedad, por lo que nada impide su aplicaci\u00f3n inmediata.<\/p>\n<p>En un interesante caso, nutrido de m\u00faltiples elementos t\u00e9cnicos que hacen a la interpretaci\u00f3n de la aplicaci\u00f3n de la norma transitoria, se pronunci\u00f3 el Superior Tribunal de Justicia de R\u00edo Negro. <a id=\"footnote-161507-37-backlink\" class=\"footnote\" href=\"#footnote-161507-37\">37<\/a>\u00a0Los autos llegaron al m\u00e1ximo tribunal de R\u00edo Negro en virtud del recurso de casaci\u00f3n por el que se pretend\u00eda dejar sin efecto la sentencia de C\u00e1mara de fecha 6 de abril de 2015 que hab\u00eda hecho lugar al recurso de apelaci\u00f3n, ordenando la revocaci\u00f3n del levantamiento de un embargo dispuesto el 15 de diciembre de 2014. Pad\u00edn expuso ante el Superior Tribunal que los fondos embargados pose\u00edan car\u00e1cter alimentario, producto de una indemnizaci\u00f3n, y plante\u00f3 que, en virtud de lo previsto en el art\u00edculo 744\u00a0<a href=\"http:\/\/www.infoleg.gob.ar\/infolegInternet\/verNorma.do?id=235975\" target=\"_blank\" rel=\"noopener\">CCCN<\/a>\u00a0(inc.\u00a0f), <a id=\"footnote-161507-38-backlink\" class=\"footnote\" href=\"#footnote-161507-38\">38<\/a>\u00a0est\u00e1n excluidos de la garant\u00eda com\u00fan de los acreedores. Por su parte, la ejecutante, quien hab\u00eda sido su abogada en el reclamo de 2010, <a id=\"footnote-161507-39-backlink\" class=\"footnote\" href=\"#footnote-161507-39\">39<\/a>\u00a0sostuvo que el derecho alimentario que sostiene la ejecutada constituye una cuesti\u00f3n absolutamente inadmisible, ajena a las formalidades previstas en el ritual, y expuso la inaplicabilidad del c\u00f3digo de fondo sancionado pero no vigente. El Superior Tribunal advirti\u00f3 que la estructura jur\u00eddica al momento de su resoluci\u00f3n ya no era la misma que en las instancias anteriores, dado que el C\u00f3digo se encuentra vigente y que merece su decisi\u00f3n la cuesti\u00f3n de si el art\u00edculo 744 CCCN (inc.\u00a0f) es de aplicaci\u00f3n inmediata al supuesto de autos. El tribunal sintetiz\u00f3:<\/p>\n<blockquote><p>\u2026 el art\u00edculo en an\u00e1lisis dispone que \u201clas leyes se aplican a las consecuencias de las relaciones y situaciones jur\u00eddicas existentes\u201d; y las consecuencias son todos los efectos \u2013de hecho o de derecho\u2013 que reconocen como causa a una situaci\u00f3n o relaci\u00f3n jur\u00eddica existente. Las mismas resultan de los efectos, derivaciones o secuelas de la relaci\u00f3n o situaci\u00f3n jur\u00eddica, diferenci\u00e1ndose de lo que son los hechos constitutivos o extintivos de dichas relaciones.<\/p><\/blockquote>\n<p>Y concluy\u00f3 que<\/p>\n<blockquote><p>\u2026 no cabe duda alguna que, cualquiera sea la \u00f3ptica desde la que se analice la cuesti\u00f3n en debate (inembargabilidad de ciertos bienes), constituye un claro ejemplo de una consecuencia no agotada de una relaci\u00f3n o situaci\u00f3n jur\u00eddica existente (ejecuci\u00f3n de honorarios); y que por lo tanto resulta de aplicaci\u00f3n el nuevo C\u00f3digo Civil y Comercial de la Naci\u00f3n.<\/p><\/blockquote>\n<p>&nbsp;<\/p>\n<a class=\"mwm-aal-item\" name=\"9-el-efecto-diferido-de-la-ley\"><\/a><h2>9. El efecto diferido de la ley<\/h2>\n<p>El efecto diferido de la aplicaci\u00f3n de la ley en relaci\u00f3n con los contratos en curso de ejecuci\u00f3n que establece el \u00faltimo p\u00e1rrafo del art\u00edculo 7\u00a0<a href=\"http:\/\/www.infoleg.gob.ar\/infolegInternet\/verNorma.do?id=235975\" target=\"_blank\" rel=\"noopener\">CCCN<\/a>\u00a0participa a modo de correctivo del efecto inmediato de la nueva ley, para evitar que se vulnere el principio de la irretroactividad. El efecto diferido, tambi\u00e9n denominado prolongado, sobrevida o ultractividad de la ley, como contracara de la retroactividad, se produce cuando a pesar de ser derogada una norma \u2013y por ende sus preceptos volverse inaplicables\u2013, los mismos contin\u00faan vigentes respecto de determinadas relaciones o situaciones jur\u00eddicas tanto en cuanto a su constituci\u00f3n como alcanzando a las consecuencias cumplidas \u00edntegramente antes de la entrada en vigencia de la nueva ley como de las posteriores. <a id=\"footnote-161507-40-backlink\" class=\"footnote\" href=\"#footnote-161507-40\">40<\/a>\u00a0Regula la inaplicabilidad de una ley que modifica otra ley supletoria <a id=\"footnote-161507-41-backlink\" class=\"footnote\" href=\"#footnote-161507-41\">41<\/a>\u00a0que rige una relaci\u00f3n jur\u00eddica nacida de un contrato que se encuentra en curso de ejecuci\u00f3n.<\/p>\n<p>La ultraactividad de la ley no se produce cuando es modificada por normas imperativas. All\u00ed, su efecto ser\u00e1 inmediato tanto para situaciones jur\u00eddicas en general como para los acuerdos de voluntades en particular, porque estamos ante normas que tienen en cuenta intereses sociales, p\u00fablicos o colectivos. En consecuencia, si la ley derogada daba cabida a la autonom\u00eda de la voluntad y el nuevo marco legal le asigna car\u00e1cter imperativo, deber\u00e1 aplicarse la nueva norma tambi\u00e9n a los contratos en curso de ejecuci\u00f3n, aunque solo para los efectos futuros \u2013salvo disposici\u00f3n expresa que d\u00e9 mayor alcance a la retroactividad\u2013. Este nuevo estatuto legal que afecta la relaci\u00f3n contractual preexistente podr\u00eda considerarse que conlleva una retroactividad intelectual.<\/p>\n<p>Observamos aqu\u00ed la importancia de la previsi\u00f3n normativa sintetizada en el art\u00edculo 7, ya que si no se hubiese consagrado la excepci\u00f3n del efecto diferido para las leyes supletorias, las consecuencias que se produjesen con posterioridad a la sanci\u00f3n de la nueva ley quedar\u00edan atrapadas en esta. Lo que se respeta de esta manera no es la antigua norma, sino la voluntad de las partes; <a id=\"footnote-161507-42-backlink\" class=\"footnote\" href=\"#footnote-161507-42\">42<\/a>\u00a0y as\u00ed lo sostiene de manera expresa el nuevo ordenamiento al predicar en su art\u00edculo 962 que<\/p>\n<blockquote><p>Las normas legales relativas a los contratos son supletorias de la voluntad de las partes, a menos que de su modo de expresi\u00f3n, de su contenido, o de su contexto, resulte su car\u00e1cter indisponible.<\/p><\/blockquote>\n<p>Por ejemplo, el art\u00edculo 351 CCCN, a diferencia de lo previsto en el c\u00f3digo del siglo XIX, prev\u00e9 una norma supletoria en la que el plazo se presume establecido en beneficio del obligado a cumplir o a restituir a su vencimiento, disposici\u00f3n que no ser\u00e1 aplicable a los contratos celebrados con anterioridad.<\/p>\n<p>El Superior Tribunal de Justicia de R\u00edo Negro predica que el sistema previsto<\/p>\n<blockquote><p>\u2026 hace que exista una dualidad de r\u00e9gimen que opera contra la aplicaci\u00f3n inmediata de la nueva ley en materias tan extensas como lo son contratos y obligaciones, generalmente de \u00edndole supletoria, haciendo que a partir del 1 de agosto de 2015 reinen en el pa\u00eds dos c\u00f3digos distintos, uno para los contratos anteriores a dicha fecha, que deber\u00e1n seguir gobernados por el C\u00f3digo Civil de V\u00e9lez, y los contratos posteriores a ese d\u00eda, por el nuevo c\u00f3digo.<\/p><\/blockquote>\n<p>Aclara adem\u00e1s que<\/p>\n<blockquote><p>\u2026 el juez no puede modificar el contrato excepto que lo pida uno de los contratantes en los casos que lo autorice la ley, o de oficio cuando se est\u00e9 afectando el orden p\u00fablico. <a id=\"footnote-161507-43-backlink\" class=\"footnote\" href=\"#footnote-161507-43\">43<\/a><\/p><\/blockquote>\n<p>&nbsp;<\/p>\n<a class=\"mwm-aal-item\" name=\"10-las-normas-supletorias-y-el-consumidor\"><\/a><h2>10. Las normas supletorias y el consumidor<\/h2>\n<p>El \u00faltimo p\u00e1rrafo del art\u00edculo 7\u00a0<a href=\"http:\/\/www.infoleg.gob.ar\/infolegInternet\/verNorma.do?id=235975\" target=\"_blank\" rel=\"noopener\">CCCN<\/a>\u00a0se aparta de su norma fuente y consagra una excepci\u00f3n \u2013o nueva regla\u2013 a la aplicaci\u00f3n del efecto diferido de las normas supletorias cuando est\u00e1 comprometido el derecho del consumidor en las relaciones de consumo. La ley deja en manos del propio consumidor evaluar si la nueva disposici\u00f3n es m\u00e1s favorable a sus intereses. El legislador prioriza e impone la tutela del inter\u00e9s privado del consumidor en la relaci\u00f3n de consumo en curso de ejecuci\u00f3n. En los\u00a0<a href=\"https:\/\/www.revista-notariado.org.ar\/wp-content\/uploads\/2017\/02\/Anteproyecto_CCCN_2012_fundamentos.pdf\" class=\"mtli_attachment mtli_pdf\" target=\"_blank\" rel=\"noopener\">fundamentos<\/a>\u00a0del anteproyecto de CCCN se expone que trat\u00e1ndose de una relaci\u00f3n de consumo, particularmente cuando el contrato es de duraci\u00f3n, cabe descartar la presunci\u00f3n de una voluntariedad \u201ccom\u00fan\u201d sobre la remisi\u00f3n a las normas supletorias vigentes y prioriza, basado en el apego a los cambios sociales y de pr\u00e1cticas negociales, lo que hubieran pactado las partes siempre que ello sea m\u00e1s favorable al consumidor.<\/p>\n<p>El CCCN no solo recoge el principio protectorio del derecho del consumo (arts.\u00a01096 y 1122), sino que lo extiende por ejemplo a los contratos bancarios (arts.\u00a01384 y 1389), cementerios privados (art.\u00a02111) y tiempos compartidos (art.\u00a02100). Y, como complemento de lo dispuesto en el art\u00edculo 7\u00a0<em>in fine<\/em>, agrega en el art\u00edculo 1094 que las normas que regulan las relaciones de consumo deben ser aplicadas e interpretadas conforme con el principio de protecci\u00f3n del consumidor y el acceso al consumo sustentable, y concluye que en caso de duda sobre la interpretaci\u00f3n del C\u00f3digo o las leyes especiales, prevalece la m\u00e1s favorable al consumidor.<\/p>\n<p>Explica Kemelmajer que la norma no dispone la aplicaci\u00f3n retroactiva de la nueva ley sino su aplicaci\u00f3n inmediata (sean imperativas o supletorias), tanto porque as\u00ed lo dispone el p\u00e1rrafo tercero como el segundo, que impide la aplicaci\u00f3n retroactiva, sean o no de orden p\u00fablico, sin perjuicio de que eventualmente se establezca de manera expresa su retroactividad, siempre que no se violen garant\u00edas constitucionales. <a id=\"footnote-161507-44-backlink\" class=\"footnote\" href=\"#footnote-161507-44\">44<\/a><\/p>\n<p>&nbsp;<\/p>\n<a class=\"mwm-aal-item\" name=\"11-el-derecho-transitorio-y-el-desamparo-normativo\"><\/a><h2>11. El derecho transitorio y el desamparo normativo<\/h2>\n<p>Anticipamos al principio de este ensayo que la finalidad de toda disposici\u00f3n transitoria es prever qu\u00e9 pauta legal aplicar entre aquella ley que fue derogada y la que se incorpora al ordenamiento jur\u00eddico respecto de una misma tem\u00e1tica que es tratada de manera diferente.<\/p>\n<p>Una de las cr\u00edticas que se le hace al legislador es no haber previsto \u2013en el CCCN o normativa complementaria\u2013 en qu\u00e9 estado se encuentran aquellas situaciones o relaciones jur\u00eddicas que antes contaban con un tratamiento legal espec\u00edfico y ahora se hallan en un desamparo normativo; <a id=\"footnote-161507-45-backlink\" class=\"footnote\" href=\"#footnote-161507-45\">45<\/a>\u00a0tampoco se previ\u00f3 un esquema jur\u00eddico que contemple la transici\u00f3n de un espectro legal al que lo sucede. <a id=\"footnote-161507-46-backlink\" class=\"footnote\" href=\"#footnote-161507-46\">46<\/a>\u00a0Estos casos no previstos ameritan un examen exhaustivo no solo de la doctrina sino en particular del \u00f3rgano jurisdiccional a fin de determinar el derecho aplicable. El CCCN dispone: \u201cLos casos que este C\u00f3digo rige\u201d (art.\u00a01) ser\u00e1n resueltos \u2013interpretados\u2013 por el juez mediante \u201cdecisi\u00f3n razonablemente fundada\u201d (art.\u00a03).<\/p>\n<p>A partir de los\u00a0<a href=\"https:\/\/www.revista-notariado.org.ar\/wp-content\/uploads\/2017\/02\/Anteproyecto_CCCN_2012_fundamentos.pdf\" class=\"mtli_attachment mtli_pdf\" target=\"_blank\" rel=\"noopener\">fundamentos<\/a>\u00a0expuestos en la nota de elevaci\u00f3n del anteproyecto de c\u00f3digo, se sostiene que los magistrados podr\u00e1n encontrar respuesta y fundamento al desarrollo jurisprudencial a partir de un sistema que cuenta con un \u201cn\u00facleo que lo caracteriza y que sirve de marco de comprensi\u00f3n de una gran cantidad de cuestiones de interpretaci\u00f3n y de integraci\u00f3n de lagunas\u201d. <a id=\"footnote-161507-47-backlink\" class=\"footnote\" href=\"#footnote-161507-47\">47<\/a><\/p>\n<p>Por la indeterminaci\u00f3n involuntaria en la que incurre el nuevo ordenamiento, cobran importancia los usos, pr\u00e1cticas y costumbres para regir las situaciones jur\u00eddicas desamparadas de una regulaci\u00f3n expresa, porque adem\u00e1s as\u00ed lo impone el CCCN al considerarlos vinculantes cuando las leyes o los interesados se refieren a ellos o en situaciones no regladas legalmente, con la \u00fanica salvedad de que no sean contrarios a derecho (art.\u00a01). <a id=\"footnote-161507-48-backlink\" class=\"footnote\" href=\"#footnote-161507-48\">48<\/a>\u00a0En lo sucesivo ser\u00e1n las costumbres, los usos y las pr\u00e1cticas los que coadyuven a que la plataforma legislativa prevea las pautas y requisitos dentro de los cuales se deber\u00e1 desarrollar nuestra sociedad en las interrelaciones subjetivas. Y que, de conformidad a la previsi\u00f3n legal, quedar\u00e1 sujeta a una \u201cdecisi\u00f3n razonablemente fundada\u201d que se espera se produzca desde la funci\u00f3n judicial.<\/p>\n<p>No tenemos dudas de que hay excelentes magistrados que evidencian en sus sentencias su constante evoluci\u00f3n, capacitaci\u00f3n, conocimiento y actualizaci\u00f3n frente a las demandas de una sociedad cada vez m\u00e1s compleja. Pero se nos genera la inquietud de plantearnos si nuestro sistema judicial y principalmente nuestra sociedad est\u00e1n preparados para transitar por esa delgada l\u00ednea divisoria entre el derecho positivo y el derecho consuetudinario como el del\u00a0<em>common law<\/em>. <a id=\"footnote-161507-49-backlink\" class=\"footnote\" href=\"#footnote-161507-49\">49<\/a><\/p>\n<p>\u00bfNo habr\u00eda sido m\u00e1s conveniente prever un cuerpo de disposiciones transitorias m\u00e1s abarcador? Al considerar que, a diferencia del a\u00f1o 1968, en esta ocasi\u00f3n el cambio normativo fue estructural, <a id=\"footnote-161507-50-backlink\" class=\"footnote\" href=\"#footnote-161507-50\">50<\/a>\u00a0no se comprende por qu\u00e9, adem\u00e1s del art\u00edculo 7 como norma general de derecho transitorio, solo se limitaron a establecer contadas disposiciones transitorias espec\u00edficas, como las de los art\u00edculos 2537, 2472 (conc. con art.\u00a02645) y 2075 CCCN, adem\u00e1s de los art\u00edculos 8 y 9 de la Ley 26994.<\/p>\n<p>Apelar a los usos, pr\u00e1cticas y costumbres nos habilita para acudir \u2013por defecto\u2013 a la magistral obra de V\u00e9lez \u2013y sus leyes complementarias derogadas\u2013 no solo como doctrina sino como esbozo documental de estas fuentes. <a id=\"footnote-161507-51-backlink\" class=\"footnote\" href=\"#footnote-161507-51\">51<\/a><\/p>\n<p>&nbsp;<\/p>\n<a class=\"mwm-aal-item\" name=\"12-aplicacion-del-derecho-transitorio-a-un-caso-concreto\"><\/a><h2>12. Aplicaci\u00f3n del derecho transitorio a un caso concreto<\/h2>\n<p>Analicemos frente a un caso espec\u00edfico c\u00f3mo una situaci\u00f3n jur\u00eddica con sus aristas particulares, sus efectos y hechos modificatorios pretendidos puede quedar expuesta a la aplicaci\u00f3n inmediata de la nueva ley o producirse la sobrevida de la derogada, ya sea por la interpretaci\u00f3n directa de las reglas vertidas en el art\u00edculo 7 CCCN o por una necesaria construcci\u00f3n jur\u00eddica ante la vaguedad de las disposiciones transitorias. Pensemos en una persona que afect\u00f3 al r\u00e9gimen de bien de familia, el 18 de julio de 2008, un inmueble rural de su propiedad en el que desarrollaba por cuenta propia su explotaci\u00f3n y, as\u00ed, con el producido de la actividad, lograba el sustento familiar que inclu\u00eda a su madre como beneficiaria, supuesto concreto constituido bajo el amparo normativo de los art\u00edculos 34, 36, 41 y concordantes de la Ley\u00a0<a href=\"http:\/\/servicios.infoleg.gob.ar\/infolegInternet\/verNorma.do?id=103605\" target=\"_blank\" rel=\"noopener\">14394<\/a>. <a id=\"footnote-161507-52-backlink\" class=\"footnote\" href=\"#footnote-161507-52\">52<\/a>\u00a0Vigente el CCCN, fallece la madre del propietario y beneficiaria del bien de familia. El 19 de febrero de 2016, el propietario acude a un escribano de registro con la intenci\u00f3n de designar como beneficiario del \u201cbien de familia\u201d a la persona con quien vive (en un inmueble urbano) y comparte un proyecto de vida com\u00fan.<\/p>\n<p>Recordemos que la Ley 26994 derog\u00f3 expresamente la Ley 14394 y aprob\u00f3 el CCCN, en el que se incluye un nuevo r\u00e9gimen protector de la vivienda (arts.\u00a0244-256). Estas disposiciones establecen de manera precisa que<\/p>\n<ul>\n<li>puede afectarse al r\u00e9gimen un inmueble destinado a \u201cvivienda\u201d (art.\u00a0244);<\/li>\n<li>puede designarse como beneficiario, por ejemplo, al conviviente (art.\u00a0246 inc.\u00a0a);<\/li>\n<li>requiere que al menos uno de los beneficiarios \u201chabite\u201d el inmueble (art.\u00a0247);<\/li>\n<li>las disposiciones de ese cap\u00edtulo son aplicables al inmueble rural (art.\u00a0256).<\/li>\n<\/ul>\n<p>En primer t\u00e9rmino, debemos resaltar que no hay una norma transitoria que dilucide en qu\u00e9 situaci\u00f3n se encuentran los bienes afectados al r\u00e9gimen de bien de familia previsto en la ley de 1954. No hay precepto alguno que nos permita concluir o inferir de manera expresa la continuidad o reconocimiento de los derechos entablados con el r\u00e9gimen derogado. Adem\u00e1s, el r\u00e9gimen de \u201cvivienda\u201d recientemente sancionado queda circunscripto, seg\u00fan la ley, al inmueble destinado a vivienda, dato no menor para el supuesto en an\u00e1lisis, con lo cual, considerando la abrogaci\u00f3n de la Ley 14394 y la ausencia de un precepto similar al art\u00edculo 41 de la Ley 14394, debemos presumir que en el caso expuesto, si se pretendiese constituirlo hoy, no contar\u00eda con amparo legal.<\/p>\n<p>Sin perjuicio de sugerir su inclusi\u00f3n expresa en el nuevo articulado, hacemos votos para que una interpretaci\u00f3n jurisprudencial de los art\u00edculos 251 y 256 CCCN afirme la factibilidad de seguir brindando protecci\u00f3n no solo a la vivienda ubicada en predios rurales sino puntualmente a la explotaci\u00f3n de los mismos con la finalidad de producir en ellos los bienes necesarios para lograr el sustento familiar. <a id=\"footnote-161507-53-backlink\" class=\"footnote\" href=\"#footnote-161507-53\">53<\/a><\/p>\n<p>A partir del caso expuesto y el contexto normativo actual, debemos dar curso a una interesante y compleja tarea hermen\u00e9utica. Consideramos que las disposiciones previstas en la Ley 14394 \u2013en sus art\u00edculos 34 a 50\u2013 gozan de ultraactividad por el efecto diferido que reconoce el art\u00edculo 7 CCCN en su \u00faltimo p\u00e1rrafo, pero tambi\u00e9n por los derechos amparados por garant\u00edas constitucionales (2\u00ba p\u00e1rrafo) ante una situaci\u00f3n jur\u00eddica constituida. Sin embargo, si nos quedamos estancos con esta interpretaci\u00f3n, solo podr\u00edamos expresarle al requirente del servicio notarial que a\u00fan cuenta con la protecci\u00f3n dada por el r\u00e9gimen de bien de familia a su predio rural sin satisfacer su inquietud de designar a su conviviente como beneficiario por el solo hecho de tratarse de una parcela rural y cuyo destino no es el de habitaci\u00f3n sino el de explotaci\u00f3n para lograr el sustento familiar.<\/p>\n<p>Dos aspectos son los que conducen el an\u00e1lisis del caso. Por un lado, considerar la factibilidad de extender la aplicaci\u00f3n del r\u00e9gimen de vivienda a un inmueble que no est\u00e1 destinado a \u201cvivienda\u201d, y, por otro, admitir la designaci\u00f3n del conviviente como beneficiario, variable que no se encontraba prevista en la Ley 14394 \u2013ley que sustenta sus derechos\u2013 aunque s\u00ed admitido por precedentes jurisprudenciales <a id=\"footnote-161507-54-backlink\" class=\"footnote\" href=\"#footnote-161507-54\">54<\/a>\u00a0y por el nuevo ordenamiento civil y comercial.<\/p>\n<p>Respecto del primer planteo, consideramos que corresponde realizar, a modo de norma transitoria, una construcci\u00f3n jur\u00eddica que permita efectuar un encadenamiento legislativo y as\u00ed poder aplicar las disposiciones estatuidas en el CCCN a la situaci\u00f3n jur\u00eddica constituida con anterioridad. Esta construcci\u00f3n se habr\u00e1 de fundar esencialmente en un principio constitucional, de conformidad con el art\u00edculo 14 bis de la\u00a0<a href=\"http:\/\/www.infoleg.gob.ar\/?page_id=63\" target=\"_blank\" rel=\"noopener\">Carta Magna y los tratados<\/a>\u00a0internacionales con jerarqu\u00eda constitucional (art.\u00a031 CN), como:<\/p>\n<ul>\n<li>la\u00a0<a href=\"http:\/\/www.un.org\/es\/universal-declaration-human-rights\/\" target=\"_blank\" rel=\"noopener\">Declaraci\u00f3n Universal de los Derechos Humanos<\/a>\u00a0(Par\u00eds, 1948), en cuanto establece que \u201cToda persona tiene derecho a un nivel de vida adecuado que le asegure, as\u00ed como a su familia, la salud y el bienestar, y en especial la alimentaci\u00f3n, el vestido, la vivienda\u2026\u201d (art.\u00a025);<\/li>\n<li>el\u00a0<a href=\"http:\/\/www.ohchr.org\/SP\/ProfessionalInterest\/Pages\/CESCR.aspx\" target=\"_blank\" rel=\"noopener\">Pacto Internacional de Derechos Econ\u00f3micos, Sociales y Culturales<\/a>\u00a0(Nueva York, 1966 [aprobado en Argentina por Ley\u00a0<a href=\"http:\/\/servicios.infoleg.gob.ar\/infolegInternet\/verNorma.do?id=23782\" target=\"_blank\" rel=\"noopener\">23313<\/a>]), en cuanto establece que los estados partes \u201creconocen el derecho de toda persona a un nivel de vida adecuado para s\u00ed y su familia, incluso alimentaci\u00f3n, vestido y vivienda adecuados\u2026\u201d (art.\u00a011.1);<\/li>\n<li>la\u00a0<a href=\"http:\/\/www.ohchr.org\/SP\/ProfessionalInterest\/Pages\/CERD.aspx\" target=\"_blank\" rel=\"noopener\">Convenci\u00f3n Internacional sobre Eliminaci\u00f3n de Todas las Formas de Discriminaci\u00f3n Racial<\/a>\u00a0(Nueva York, 1967 [aprobado en Argentina por Ley\u00a0<a href=\"http:\/\/servicios.infoleg.gob.ar\/infolegInternet\/verNorma.do?id=122553\" target=\"_blank\" rel=\"noopener\">17722<\/a>]), en cuanto establece que los estados partes \u201cse comprometen a prohibir y eliminar la discriminaci\u00f3n racial en todas sus formas y a garantizar el derecho de toda persona a la igualdad ante la ley [\u2026] particularmente en el goce de: [\u2026] los derechos econ\u00f3micos, sociales y culturales, en particular: [\u2026] el derecho a la vivienda\u201d (art.\u00a05, inc.\u00a0e, ap.\u00a0iii).<\/li>\n<\/ul>\n<p>En segundo t\u00e9rmino, corresponde admitir la aplicaci\u00f3n inmediata del CCCN con respecto a la posibilidad de designar al conviviente como beneficiario. La justificaci\u00f3n aqu\u00ed se posiciona sobre el nuevo hecho o la nueva situaci\u00f3n jur\u00eddica que es modificatoria de la situaci\u00f3n originaria y, como tal, corresponde se rija por la nueva normativa.<\/p>\n<p>Como podemos apreciar en el caso expuesto, confluyen aqu\u00ed distintas situaciones que denotan la complejidad del an\u00e1lisis de las disposiciones transitorias. Se requiere un esfuerzo jur\u00eddico para solucionar los conflictos que se pueden suscitar, m\u00e1s a\u00fan cuando no se cuenta con pautas espec\u00edficas sino solo disposiciones gen\u00e9ricas frente a leyes que se contraponen.<\/p>\n<p>&nbsp;<\/p>\n<a class=\"mwm-aal-item\" name=\"13-bibliografia\"><\/a><h2>13. Bibliograf\u00eda<\/h2>\n<ul>\n<li>ACU\u00d1A ANZORENA, Arturo, \u201cReflexiones sobre la ley 17711 de reformas al C\u00f3digo Civil\u201d, en\u00a0<em>La Ley<\/em>, Buenos Aires, La Ley, t.\u00a0130, 1968, ps.\u00a01085-1094.<\/li>\n<li>ALLENDE, Guillermo L., \u201cArt\u00edculo 3\u00ba del C\u00f3digo Civil. Volver al C\u00f3digo de Civil\u201d, en\u00a0<em>La Ley<\/em>, Buenos Aires, La Ley, t.\u00a01977-A, ps.\u00a0703-710<\/li>\n<li>BARDALLO, Julio R. y CAR\u00c1MBULA, Adhemar H., \u201cUnidad de acto y otorgamientos sucesivos\u201d, en\u00a0<em>Revista Internacional del Notariado<\/em>, Madrid, N\u00ba\u00a030, 1956.<\/li>\n<li>BORDA, Guillermo A., \u201cLa reforma del C\u00f3digo Civil. Efectos de la ley con relaci\u00f3n al tiempo\u201d, en\u00a0<em>El Derecho<\/em>, Buenos Aires, Universidad Cat\u00f3lica Argentina, t.\u00a028, 1969, ps.\u00a0807-815<\/li>\n<li>GONZ\u00c1LEZ PALOMINO, Jos\u00e9,\u00a0<em>Negocio jur\u00eddico y documento. Arte de llevar la contraria<\/em>, Valencia, Sucesor de Vives Mora, 1951.<\/li>\n<li>JUNYENT BAS, Francisco, \u201cEl derecho transitorio. A prop\u00f3sito del art\u00edculo 7 del C\u00f3digo Civil y Comercial\u201d, en\u00a0<em>La Ley<\/em>, Buenos Aires, Thomson Reuters, 27\/4\/2015 (t.\u00a02015-B, p.\u00a01095, cita online AR\/DOC\/1360\/2015)<\/li>\n<li>KEMELMAJER DE CARLUCCI, A\u00edda R.,\u00a0<em>La aplicaci\u00f3n del C\u00f3digo Civil y Comercial a las relaciones y situaciones jur\u00eddicas existentes. Segunda parte<\/em>, Santa Fe, Rubinzal-Culzoni, 2016.\u2014\u00a0<em>La aplicaci\u00f3n del C\u00f3digo Civil y Comercial a las relaciones y situaciones jur\u00eddicas existentes<\/em>, Santa Fe, Rubinzal-Culzoni, 2015<\/li>\n<li>LLAMB\u00cdAS, Jorge J.,\u00a0<em>Tratado de derecho civil. Parte general<\/em>, t.\u00a0I, Buenos Aires, Perrot, 1986 (12\u00aa ed.).<\/li>\n<li>L\u00d3PEZ DE ZAVAL\u00cdA, Fernando, \u201c<a href=\"http:\/\/www.acaderc.org.ar\/el-nuevo-codigo-civil-y-comercial-el-derecho-transitorio\" target=\"_blank\" rel=\"noopener\">El nuevo C\u00f3digo Civil y Comercial: el derecho transitorio. Los silencios de la ley y la subsistencia de reglas previstas en textos ya derogados<\/a>\u201d [online], en\u00a0<a href=\"http:\/\/www.acaderc.org.ar\" target=\"_blank\" rel=\"noopener\">Academia Nacional de Derecho y Ciencias Sociales de C\u00f3rdoba\u00a0<\/a>[portal web] [\u00faltima consulta: 19\/6\/2017].<\/li>\n<li>L\u00d3PEZ DE ZAVAL\u00cdA, Fernando J., \u201cIrretroactividad de las leyes\u201d, en\u00a0<em>La Ley<\/em>, Buenos Aires, La Ley, t.\u00a0135, ps.\u00a01485-1493.<\/li>\n<li>Medina, Graciela, \u201cLa aplicaci\u00f3n de la ley en el tiempo y el derecho sucesorio\u201d, en\u00a0<em>Revista de Derecho Privado y Comunitario<\/em>, Santa Fe, Rubinzal-Culzoni, N\u00ba\u00a02015-1, pp.\u00a0445-478.<\/li>\n<li>MOISSET DE ESPAN\u00c9S, Luis,\u00a0<em>Irretroactividad de la ley y el nuevo art.\u00a03 (C\u00f3digo Civil) (Derecho transitorio)<\/em>, C\u00f3rdoba, Universidad Nacional de C\u00f3rdoba, 1976.<\/li>\n<li>MORELLO, Augusto M. y PORTAS, N\u00e9stor L. (coords.),\u00a0<em>Examen y cr\u00edtica de la reforma del C\u00f3digo Civil<\/em>, t.\u00a01 (\u201cParte general\u201d), La Plata, Platense, 1971.<\/li>\n<li>RIVERA, Julio C., \u201cAplicaci\u00f3n del C\u00f3digo Civil y Comercial a los procesos judiciales en tr\u00e1mite. Y otras cuestiones que deber\u00eda abordar el Congreso\u201d, en\u00a0<em>La Ley<\/em>, Buenos Aires, Thomson Reuters, 4\/5\/2015 (t.\u00a02015-C, p.\u00a0645, cita online AR\/DOC\/1424\/2015).<\/li>\n<li>ROUBIER, Paul,\u00a0<em>Les conflits des lois dans le temps<\/em>, Par\u00eds, Librairie du Recueil Sirey, 1929\/1933.<br \/>\n\u2014\u00a0<em>Droit transitoire (Conflits des lois dans le temps)<\/em>, Par\u00eds, Dalloz et Sirey, 1960.<\/li>\n<li>ZAVALA, Gast\u00f3n A., \u201cEl C\u00f3digo Civil y Comercial de la Naci\u00f3n y el derecho intertemporal\u201d, en\u00a0<em>Revista de Derecho de Familia y de las Personas<\/em>, Buenos Aires, Thomson Reuters, 6\/2\/2017, p.\u00a0107, AR\/DOC\/3994\/2016.<br \/>\n\u2014 \u201c<a href=\"http:\/\/www.colescba.org.ar\/ics-wpd\/revista\/Textos\/RN942-2002-doc-zavala.pdf\" class=\"mtli_attachment mtli_pdf\" target=\"_blank\" rel=\"noopener\">La forma notarial<\/a>\u201d, en\u00a0<em>Revista Notarial<\/em>, La Plata, Colegio de Escribanos de la Provincia de Buenos Aires, N\u00b0 942, 2002, pp.\u00a0395-435; y en\u00a0<em>Anuario Iberoamericano de Derecho Notarial<\/em>, Madrid, Consejo General del Notariado, N\u00ba\u00a02, 2003.<\/li>\n<\/ul>\n<p>&nbsp;<\/p>\n<p>&nbsp;<\/p>\n<a class=\"mwm-aal-item\" name=\"notas\"><\/a><h2>Notas<\/h2>\n<div class=\"footnotes\">\n<div>\n<p><a id=\"footnote-161507-*\" class=\"footnote\" href=\"#footnote-161507-*-backlink\">*<\/a><strong>.\u00a0<\/strong>El presente trabajo est\u00e1 basado en la conferencia titulada \u201cLa aplicaci\u00f3n de la ley en el tiempo\u201d, que tuvo lugar en la sede de la Academia Nacional del Notariado el 21 de noviembre de 2016, junto al escribano Marcelo Urbaneja. [N. del E.: ver en este mismo n\u00famero de la <em>Revista del Notariado<\/em> {928}: URBANEJA, Marcelo E., \u201c<a href=\"http:\/\/wp.me\/p50Sui-1pI\" target=\"_blank\" rel=\"noopener\">Efectos de la ley en relaci\u00f3n al tiempo. Temas de inter\u00e9s notarial<\/a>\u201d].<\/p>\n<\/div>\n<div>\n<p><a id=\"footnote-161507-1\" class=\"footnote\" href=\"#footnote-161507-1-backlink\">1<\/a><strong>.\u00a0<\/strong>La doctrina en general se mostr\u00f3 cr\u00edtica con el escaso margen de tiempo que se destin\u00f3 para su asimilaci\u00f3n y comprensi\u00f3n, ya que por la magnitud de la obra no hab\u00eda posibilidad de profundizar en cada uno de sus institutos. Ello nos lleva a considerarla, desde el punto de vista pr\u00e1ctico, de aplicaci\u00f3n inmediata. Ver RIVERA, Julio C., \u201cAplicaci\u00f3n del C\u00f3digo Civil y Comercial a los procesos judiciales en tr\u00e1mite. Y otras cuestiones que deber\u00eda abordar el Congreso\u201d, en <em>La Ley<\/em>, Buenos Aires, Thomson Reuters, 4\/5\/2015 (t.\u00a02015-C, p.\u00a0645, cita online AR\/DOC\/1424\/2015); JUNYENT BAS, Francisco, \u201cEl derecho transitorio. A prop\u00f3sito del art\u00edculo 7 del C\u00f3digo Civil y Comercial\u201d, en\u00a0<em>La Ley<\/em>, Buenos Aires, Thomson Reuters, 27\/4\/2015 (t.\u00a02015-B, p.\u00a01095, cita online AR\/DOC\/1360\/2015); L\u00d3PEZ DE ZAVAL\u00cdA, Fernando, \u201c<a href=\"http:\/\/www.acaderc.org.ar\/el-nuevo-codigo-civil-y-comercial-el-derecho-transitorio\" target=\"_blank\" rel=\"noopener\">El nuevo C\u00f3digo Civil y Comercial: el derecho transitorio. Los silencios de la ley y la subsistencia de reglas previstas en textos ya derogados<\/a>\u201d [online], en\u00a0<a href=\"http:\/\/www.acaderc.org.ar\/\" target=\"_blank\" rel=\"noopener\">Academia Nacional de Derecho y Ciencias Sociales de C\u00f3rdoba<\/a>\u00a0[portal web] [\u00faltima consulta: 19\/6\/2017].<\/p>\n<\/div>\n<div>\n<p><a id=\"footnote-161507-2\" class=\"footnote\" href=\"#footnote-161507-2-backlink\">2<\/a><strong>.\u00a0<\/strong>MORELLO, Augusto M. y PORTAS, N\u00e9stor L. (coords.),\u00a0<em>Examen y cr\u00edtica de la reforma del C\u00f3digo Civil<\/em>, t.\u00a01 (\u201cParte general\u201d), La Plata, Platense, 1971, p.\u00a059.<\/p>\n<\/div>\n<div>\n<p><a id=\"footnote-161507-3\" class=\"footnote\" href=\"#footnote-161507-3-backlink\">3<\/a><strong>.<\/strong>\u00a0El genio de V\u00e9lez Sarsfield ilustra en la nota al art.\u00a04044 del C\u00f3digo Civil que \u201cel inter\u00e9s general de la sociedad exige que las leyes puedan ser modificadas y mejoradas, y que las leyes nuevas, que necesariamente se presumen mejores, reemplacen cuanto antes a las leyes antiguas, cuyos defectos van a corregir. La nueva ley deber\u00e1 entonces ser aplicada aun a las consecuencias de los hechos anteriores, que s\u00f3lo son meras expectativas y no derechos ya adquiridos\u201d. [N.\u00a0del E.: ver\u00a0<a href=\"https:\/\/archive.org\/stream\/notasdelcdigoci00argegoog#page\/n0\/mode\/2up\" target=\"_blank\" rel=\"noopener\">aqu\u00ed<\/a>\u00a0las notas del codificador, p.\u00a0267, art.\u00a01\u00ba {Buenos Aires, Pablo Coni editor, 1872; versi\u00f3n digitalizada por\u00a0<a href=\"https:\/\/books.google.com\/\" target=\"_blank\" rel=\"noopener\">Google Books<\/a>\u00a0\u2013uso no comercial\u2013}; si no puede abrir el documento, acceda una versi\u00f3n alternativa\u00a0<a href=\"http:\/\/www.consejosdederecho.com.ar\/codigocivilanotado.htm\" target=\"_blank\" rel=\"noopener\">aqu\u00ed<\/a>\u00a0{no oficial}].<\/p>\n<\/div>\n<div>\n<p><a id=\"footnote-161507-4\" class=\"footnote\" href=\"#footnote-161507-4-backlink\">4<\/a><strong>.<\/strong>\u00a0ACU\u00d1A ANZORENA, Arturo, \u201cReflexiones sobre la ley 17711 de reformas al C\u00f3digo Civil\u201d, en\u00a0<em>La Ley<\/em>, Buenos Aires, La Ley, t.\u00a0130, 1968, ps.\u00a01085-1094.<\/p>\n<\/div>\n<div>\n<p><a id=\"footnote-161507-5\" class=\"footnote\" href=\"#footnote-161507-5-backlink\">5<\/a><strong>.<\/strong>\u00a0MORELLO, Augusto M. y Portas, N\u00e9stor L. (coords.), ob.\u00a0cit. (cfr. nota 2).<\/p>\n<\/div>\n<div>\n<p><a id=\"footnote-161507-6\" class=\"footnote\" href=\"#footnote-161507-6-backlink\">6<\/a>. Ver BARDALLO, Julio R. y CAR\u00c1MBULA, Adhemar H., \u201cUnidad de acto y otorgamientos sucesivos\u201d, en\u00a0<em>Revista Internacional del Notariado<\/em>, Madrid, N\u00b0 30, 1956, p.\u00a0118 y ss.<\/p>\n<\/div>\n<div>\n<p><a id=\"footnote-161507-7\" class=\"footnote\" href=\"#footnote-161507-7-backlink\">7<\/a><strong>.\u00a0<\/strong>Para Jos\u00e9 GONZ\u00c1LEZ PALOMINO, es algo as\u00ed como \u201cel principio de\u00a0<em>inmediatividad<\/em>\u00a0procesal, exigido, en nuestro caso, por la conveniencia de que la percepci\u00f3n del notario sea directa en el espacio e inmediata en el tiempo de recibirla y de reflejarla, como suprema garant\u00eda de los efectos de las afirmaciones del notario\u201d (<em>Negocio jur\u00eddico y documento. Arte de llevar la contraria<\/em>, Valencia, Sucesor de Vives Mora, 1951, p.\u00a019).<\/p>\n<\/div>\n<div>\n<p><a id=\"footnote-161507-8\" class=\"footnote\" href=\"#footnote-161507-8-backlink\">8<\/a><strong>.\u00a0<\/strong>ZAVALA, Gast\u00f3n A., \u201c<a href=\"http:\/\/www.colescba.org.ar\/ics-wpd\/revista\/Textos\/RN942-2002-doc-zavala.pdf\" class=\"mtli_attachment mtli_pdf\" target=\"_blank\" rel=\"noopener\">La forma notarial<\/a>\u201d, en\u00a0<em>Revista Notarial<\/em>, La Plata, Colegio de Escribanos de la Provincia de Buenos Aires, N\u00b0 942, 2002, pp.\u00a0395-435; y en\u00a0<em>Anuario Iberoamericano de Derecho Notarial<\/em>, Madrid, Consejo General del Notariado, N\u00ba\u00a02, 2003, p.\u00a0397.<\/p>\n<\/div>\n<div>\n<p><a id=\"footnote-161507-9\" class=\"footnote\" href=\"#footnote-161507-9-backlink\">9<\/a><strong>.\u00a0<\/strong>Esta es la noci\u00f3n de tiempo relevante a la aplicaci\u00f3n de la retroactividad (ver L\u00d3PEZ DE ZAVAL\u00cdA, Fernando J., \u201cIrretroactividad de las leyes\u201d, en\u00a0<em>La Ley<\/em>, Buenos Aires, La Ley, t.\u00a0135, ps.\u00a01485-1493).<\/p>\n<\/div>\n<div>\n<p><a id=\"footnote-161507-10\" class=\"footnote\" href=\"#footnote-161507-10-backlink\">10<\/a><strong>.<\/strong><strong>\u00a0<\/strong>MOISSET DE ESPAN\u00c9S, Luis,\u00a0<em>Irretroactividad de la ley y el nuevo art.\u00a03 (C\u00f3digo Civil) (Derecho transitorio)<\/em>, C\u00f3rdoba, Universidad Nacional de C\u00f3rdoba, 1976, p.\u00a027. [N.\u00a0del E.: ver obra digitalizada\u00a0<a href=\"http:\/\/www.acaderc.org.ar\/biblioteca\/biblioteca-virtual\/Lairretroactividad.pdf\" class=\"mtli_attachment mtli_pdf\" target=\"_blank\" rel=\"noopener\">aqu\u00ed<\/a>\u00a0{fuente:\u00a0<a href=\"http:\/\/www.acaderc.org.ar\/biblioteca\/biblioteca-virtual\" target=\"_blank\" rel=\"noopener\">biblioteca virtual<\/a>\u00a0de la Academia Nacional de Derecho y Ciencias Sociales de C\u00f3rdoba} {\u00faltima consulta: 21\/6\/2017}].<\/p>\n<\/div>\n<div>\n<p><a id=\"footnote-161507-11\" class=\"footnote\" href=\"#footnote-161507-11-backlink\">11<\/a><strong>.<\/strong>\u00a0Ib\u00eddem.<\/p>\n<\/div>\n<div>\n<p><a id=\"footnote-161507-12\" class=\"footnote\" href=\"#footnote-161507-12-backlink\">12<\/a><strong>.<\/strong>\u00a0Ver L\u00d3PEZ DE ZAVAL\u00cdA, Fernando J., ob.\u00a0cit. (cfr. nota 9), p.\u00a01485, donde se cita a Savigny, Friedrich K. von,\u00a0<em>Sistema<\/em>, ccclxxxv.<\/p>\n<\/div>\n<div>\n<p><a id=\"footnote-161507-13\" class=\"footnote\" href=\"#footnote-161507-13-backlink\">13<\/a><strong>.<\/strong>\u00a0La Ley\u00a0<a href=\"http:\/\/servicios.infoleg.gob.ar\/infolegInternet\/verNorma.do?id=239773\" target=\"_blank\" rel=\"noopener\">27077<\/a>\u00a0(BO del 19\/12\/2014) dispuso que la Ley 26994 comenzase a regir el 1\/8\/2015, anticipando la fecha originariamente prevista (1\/1\/2016).<\/p>\n<\/div>\n<div>\n<p><a id=\"footnote-161507-14\" class=\"footnote\" href=\"#footnote-161507-14-backlink\">14<\/a><strong>.\u00a0<\/strong>Art.\u00a02537\u00a0<a href=\"http:\/\/servicios.infoleg.gob.ar\/infolegInternet\/verNorma.do?id=235975\" target=\"_blank\" rel=\"noopener\">CCCN<\/a>: \u201cModificaci\u00f3n de los plazos por ley posterior. Los plazos de prescripci\u00f3n en curso al momento de entrada en vigencia de una nueva ley se rigen por la ley anterior. Sin embargo, si por esa ley se requiere mayor tiempo que el que fijan las nuevas, quedan cumplidos una vez que transcurra el tiempo designado por las nuevas leyes, contado desde el d\u00eda de su vigencia, excepto que el plazo fijado por la ley antigua finalice antes que el nuevo plazo contado a partir de la vigencia de la nueva ley, en cuyo caso se mantiene el de la ley anterior\u201d.<\/p>\n<\/div>\n<div>\n<p><a id=\"footnote-161507-15\" class=\"footnote\" href=\"#footnote-161507-15-backlink\">15<\/a><strong>.<\/strong>\u00a0ROUBIER, Paul,\u00a0<em>Les conflits des lois dans le temps<\/em>, Par\u00eds, Librairie du Recueil Sirey, 1929\/1933. [N.\u00a0del E.: el lector podr\u00e1 acceder a continuaci\u00f3n a la obra completa digitalizada,\u00a0<a href=\"http:\/\/www.saij.gob.ar\/biblioteca-digital\/les-conflits-lois-dans-le-temps--1929\/9f2495da-9860-43ec-9fd5-7260c52bb922?&amp;o=0&amp;f=Total%7CFecha%7CEstado de Vigencia%5B5%2C1%5D%7CTema%5B5%2C1%5D%7COrganismo%5B5%2C1%5D%7CAutor%5B5%2C1%5D%7CJurisdicci%F3n%5B5%2C1%5D%7CTribunal%5B5%2C1%5D%7CPublicaci%F3n%5B5%2C1%5D%7CColecci%F3n tem%E1tica%5B5%2C1%5D%7CTipo de Documento&amp;t=12\" target=\"_blank\" rel=\"noopener\">t.\u00a01<\/a>\u00a0y\u00a0<a href=\"http:\/\/www.saij.gob.ar\/biblioteca-digital\/les-conflits-lois-dans-le-temps--1933\/2847f10b-228a-4025-a551-b53ba8fea962?&amp;o=1&amp;f=Total%7CFecha%7CEstado de Vigencia%5B5%2C1%5D%7CTema%5B5%2C1%5D%7COrganismo%5B5%2C1%5D%7CAutor%5B5%2C1%5D%7CJurisdicci%F3n%5B5%2C1%5D%7CTribunal%5B5%2C1%5D%7CPublicaci%F3n%5B5%2C1%5D%7CColecci%F3n tem%E1tica%5B5%2C1%5D%7CTipo de Documento&amp;t=12\" target=\"_blank\" rel=\"noopener\">t.\u00a02<\/a>\u00a0{fuente: biblioteca digital del Sistema Argentino de Informaci\u00f3n Jur\u00eddica, Ministerio de Justicia y Derechos Humanos de la Naci\u00f3n} {\u00faltima consulta: 21\/6\/2017}]. La obra fue reelaborada bajo el t\u00edtulo\u00a0<em>Droit transitoire (Conflits des lois dans le temps)<\/em>, Par\u00eds, Dalloz et Sirey, 1960.<\/p>\n<\/div>\n<div>\n<p><a id=\"footnote-161507-16\" class=\"footnote\" href=\"#footnote-161507-16-backlink\">16<\/a><strong>.<\/strong>\u00a0[N.\u00a0del E.: el lector podr\u00e1 acceder a continuaci\u00f3n a las actas completas del Congreso digitalizadas, editadas por la Universidad Nacional de C\u00f3rdoba en 1962,\u00a0<a href=\"http:\/\/www.acaderc.org.ar\/biblioteca\/biblioteca-virtual\/actatercercongresodsciviltomouno2.pdf\" class=\"mtli_attachment mtli_pdf\" target=\"_blank\" rel=\"noopener\">t.\u00a01<\/a>\u00a0y\u00a0<a href=\"http:\/\/www.acaderc.org.ar\/biblioteca\/biblioteca-virtual\/actatercercongresodsciviltomodos2.pdf\" class=\"mtli_attachment mtli_pdf\" target=\"_blank\" rel=\"noopener\">t.\u00a02<\/a>. La ponencia de BORDA puede encontrarse en el t.\u00a01, pp.\u00a068 y ss.; a su vez, sus intervenciones pueden ubicarse en el \u00edndice onom\u00e1stico, t.\u00a02, p.\u00a0798 {fuente:\u00a0<a href=\"http:\/\/www.acaderc.org.ar\/biblioteca\/biblioteca-virtual\" target=\"_blank\" rel=\"noopener\">biblioteca virtual<\/a>\u00a0de la Academia Nacional de Derecho y Ciencias Sociales de C\u00f3rdoba} {\u00faltima consulta: 21\/6\/2017}].<\/p>\n<\/div>\n<div>\n<p><a id=\"footnote-161507-17\" class=\"footnote\" href=\"#footnote-161507-17-backlink\">17<\/a><strong>.<\/strong>\u00a0Obs\u00e9rvese que los\u00a0<a href=\"https:\/\/www.revista-notariado.org.ar\/wp-content\/uploads\/2017\/02\/Anteproyecto_CCCN_2012_fundamentos.pdf\" class=\"mtli_attachment mtli_pdf\" target=\"_blank\" rel=\"noopener\">fundamentos<\/a>\u00a0del anteproyecto de CCCN dicen: \u201cla decisi\u00f3n jur\u00eddica comienza por las palabras de la ley. Tambi\u00e9n se incluyen sus finalidades, con lo cual se deja de lado la referencia a la intenci\u00f3n del legislador. De ese modo la tarea no se limita a la intenci\u00f3n hist\u00f3rica u originalista, sino que se permite una consideraci\u00f3n de las finalidades objetivas del texto en el momento de su aplicaci\u00f3n\u201d (III.4.2, pp.\u00a014-15).<\/p>\n<\/div>\n<div>\n<p><a id=\"footnote-161507-18\" class=\"footnote\" href=\"#footnote-161507-18-backlink\">18<\/a><strong>.<\/strong>\u00a0Guillermo A. BORDA expone que reci\u00e9n a partir de la obra capital de Roubier (cfr. nota 14) se ha empezado a disipar la preocupaci\u00f3n sobre cu\u00e1les eran los derechos que estaban a cubierto de una reforma legislativa, del concepto mismo de retroactividad, advirtiendo que el derecho transitorio es, sobre todo, una cuesti\u00f3n de pol\u00edtica legislativa; no es posible reducir a reglas r\u00edgidas y prefijadas lo que est\u00e1 pidiendo distintas soluciones seg\u00fan sea el caso, la urgencia de la reforma, o bien la conveniencia de respetar la estabilidad y seguridad de los derechos. A partir de esta doctrina, BORDA encuentra fundamento a cada uno de los conceptos vertidos en el entonces art.\u00a03 del CCIV reformado (ver \u201cLa reforma del C\u00f3digo Civil. Efectos de la ley con relaci\u00f3n al tiempo\u201d, en\u00a0<em>El Derecho<\/em>, Buenos Aires, Universidad Cat\u00f3lica Argentina, t.\u00a028, 1969, ps.\u00a0807-815). Por su parte, Guillermo L. ALLENDE se muestra sumamente cr\u00edtico con la reforma introducida y expresa que \u201cla posici\u00f3n de Roubier es semejante a la de Savigny y a la de nuestro C\u00f3digo, aunque no tan clara\u201d, y agrega: \u201ctal semejanza se observa con la verdadera posici\u00f3n de Roubier, no con la que resulta deformada por los reformadores\u201d (ver \u201cArt\u00edculo 3\u00ba del C\u00f3digo Civil. Volver al C\u00f3digo de Civil\u201d, en\u00a0<em>La Ley<\/em>, Buenos Aires, La Ley, t.\u00a01977-A, ps.\u00a0703-710).<\/p>\n<\/div>\n<div>\n<p><a id=\"footnote-161507-19\" class=\"footnote\" href=\"#footnote-161507-19-backlink\">19<\/a><strong>.<\/strong>\u00a0LLAMB\u00cdAS, Jorge J.,\u00a0<em>Tratado de derecho civil. Parte general<\/em>, t.\u00a0I, Buenos Aires, Perrot, 1986 (12\u00aa ed.), \u00a7118.b, p.\u00a0110, con cita de R. de Ruggiero,\u00a0<em>Instituciones de derecho civil<\/em>, t.\u00a01, Madrid, \u00a717.<\/p>\n<\/div>\n<div>\n<p><a id=\"footnote-161507-20\" class=\"footnote\" href=\"#footnote-161507-20-backlink\">20<\/a><strong>.<\/strong>\u00a0Julio C. RIVERA califica el art.\u00a07 CCCN como \u201craqu\u00edtico\u201d. Sostiene que no est\u00e1 previsto para dar soluci\u00f3n a los conflictos de leyes que pueden suscitarse a partir de la aplicaci\u00f3n del CCCN, sino que se lo utilizar\u00e1 porque no hay otra norma \u00fatil (ver ob.\u00a0cit. [cfr. nota 1]).<\/p>\n<\/div>\n<div>\n<p><a id=\"footnote-161507-21\" class=\"footnote\" href=\"#footnote-161507-21-backlink\">21<\/a><strong>.<\/strong>\u00a0MOISSET DE ESPAN\u00c9S, Luis,\u00a0<a href=\"http:\/\/www.acaderc.org.ar\/biblioteca\/biblioteca-virtual\/Lairretroactividad.pdf\" class=\"mtli_attachment mtli_pdf\" target=\"_blank\" rel=\"noopener\">ob.\u00a0cit.<\/a>\u00a0(cfr. nota 10), p.\u00a013.<\/p>\n<\/div>\n<div>\n<p><a id=\"footnote-161507-22\" class=\"footnote\" href=\"#footnote-161507-22-backlink\">22<\/a><strong>.\u00a0<\/strong>\u00cddem, p.\u00a015.<\/p>\n<\/div>\n<div>\n<p><a id=\"footnote-161507-23\" class=\"footnote\" href=\"#footnote-161507-23-backlink\">23<\/a><strong>.<\/strong>\u00a0BORDA afirma que la retroactividad de la ley es contra natura, que al legislador le basta con modificar el orden jur\u00eddico para el futuro y que por m\u00e1s que quisiera, la mayor parte de las veces no podr\u00eda modificar el pasado, aunque la ley fuera de orden p\u00fablico. Lo ejemplifica de la siguiente manera: si se modifican los requisitos para la forma de celebraci\u00f3n del matrimonio, a nadie se le ocurrir\u00eda pensar que son nulos los celebrados con anterioridad porque no se ajustan a la forma prescripta en la nueva ley, ni que debieran volver a celebrarse conforme al nuevo ritual (ob.\u00a0cit., [cfr. nota 18]).<\/p>\n<\/div>\n<div>\n<p><a id=\"footnote-161507-24\" class=\"footnote\" href=\"#footnote-161507-24-backlink\">24<\/a><strong>.<\/strong>\u00a0Para MOISSET DE ESPAN\u00c9S, \u201cla retroactividad expresa no presenta inconvenientes, puesto que el legislador est\u00e1 facultado para establecerla si lo considera necesario\u201d; y advierte que \u201cm\u00e1s dif\u00edcil resulta determinar cu\u00e1ndo hay \u00abretroactividad t\u00e1cita\u00bb\u201d (<a href=\"http:\/\/www.acaderc.org.ar\/biblioteca\/biblioteca-virtual\/Lairretroactividad.pdf\" class=\"mtli_attachment mtli_pdf\" target=\"_blank\" rel=\"noopener\">ob.\u00a0cit.<\/a>\u00a0[cfr. nota 10], p.\u00a028).<\/p>\n<\/div>\n<div>\n<p><a id=\"footnote-161507-25\" class=\"footnote\" href=\"#footnote-161507-25-backlink\">25<\/a><strong>.<\/strong>\u00a0Advierte BORDA que Orgaz, al fundar su opini\u00f3n de que este agregado no deb\u00eda ser aprobado por el Congreso, dijo que en una discusi\u00f3n tan breve no podr\u00eda el Congreso pronunciarse sobre un criterio que no ha sido debatido suficientemente y tendr\u00eda, por tanto, que improvisar, y agreg\u00f3 que preferir\u00eda que esa proposici\u00f3n quede como una sugesti\u00f3n en las actas para que siga su camino si es efectiva (ob.\u00a0cit. [cfr. nota 18]).<\/p>\n<\/div>\n<div>\n<p><a id=\"footnote-161507-26\" class=\"footnote\" href=\"#footnote-161507-26-backlink\">26<\/a><strong>.<\/strong>\u00a0Jorge Mosset Iturraspe, Luis Moisset de Espan\u00e9s, Alberto J. Pardo, Ma. Antonia Leonfanti, Ernesto Nieto Blanc, entre otros.<\/p>\n<\/div>\n<div>\n<p><a id=\"footnote-161507-27\" class=\"footnote\" href=\"#footnote-161507-27-backlink\">27<\/a><strong>.<\/strong>\u00a0MEDINA, Graciela, \u201cLa aplicaci\u00f3n de la ley en el tiempo y el derecho sucesorio\u201d, en\u00a0<em>Revista de Derecho Privado y Comunitario<\/em>, Santa Fe, Rubinzal-Culzoni, N\u00ba\u00a02015-1, pp.\u00a0445-478.<\/p>\n<\/div>\n<div>\n<p><a id=\"footnote-161507-28\" class=\"footnote\" href=\"#footnote-161507-28-backlink\">28<\/a><strong>.<\/strong>\u00a0La situaci\u00f3n jur\u00eddica u objetiva es permanente, es la posici\u00f3n que ocupa un sujeto frente a la norma general o a una instituci\u00f3n jur\u00eddica determinada (por ejemplo, la situaci\u00f3n de propietario, padre, incapaz, etc.). Relaci\u00f3n jur\u00eddica es aquella que se establece entre dos o m\u00e1s personas, con un car\u00e1cter peculiar y particular, esencialmente variable (las m\u00e1s frecuentes son las que nacen de la voluntad de las partes \u2013contratos, testamentos\u2013, aunque tambi\u00e9n pueden nacer de la ley \u2013la obligaci\u00f3n de reparar los da\u00f1os\u2013) y pueden ser modificadas por la voluntad de los titulares (ver BORDA, Guillermo A., ob.\u00a0cit., [cfr. nota 18], p.\u00a0810; MEDINA, Graciela, ob.\u00a0cit. [cfr. nota 27]).<\/p>\n<\/div>\n<div>\n<p><a id=\"footnote-161507-29\" class=\"footnote\" href=\"#footnote-161507-29-backlink\">29<\/a><strong>.\u00a0<\/strong>Para MOISSET DE ESPAN\u00c9S, hay una sinonimia entre estos conceptos (<a href=\"http:\/\/www.acaderc.org.ar\/biblioteca\/biblioteca-virtual\/Lairretroactividad.pdf\" class=\"mtli_attachment mtli_pdf\" target=\"_blank\" rel=\"noopener\">ob.\u00a0cit.<\/a>\u00a0[cfr. nota 10], p.\u00a040; BORDA, Guillermo A., ob.\u00a0cit. [cfr. nota 18], p.\u00a0810).<\/p>\n<\/div>\n<div>\n<p><a id=\"footnote-161507-30\" class=\"footnote\" href=\"#footnote-161507-30-backlink\">30<\/a><strong>.<\/strong>\u00a0Respecto de la incidencia de la aplicaci\u00f3n inmediata de la ley y los aspectos procedimentales, se ha generado un acalorado y enriquecedor debate entre los principales operadores jur\u00eddicos de nuestro pa\u00eds, desencadenando variadas respuestas judiciales ante casos similares. Remito al trabajo de mi autor\u00eda \u201cEl C\u00f3digo Civil y Comercial de la Naci\u00f3n y el derecho intertemporal\u201d, en\u00a0<em>Revista de Derecho de Familia y de las Personas<\/em>, Buenos Aires, Thomson Reuters, 6\/2\/2017, p.\u00a0107, AR\/DOC\/3994\/2016.<\/p>\n<\/div>\n<div>\n<p><a id=\"footnote-161507-31\" class=\"footnote\" href=\"#footnote-161507-31-backlink\">31<\/a><strong>.\u00a0<\/strong>Tampoco podemos olvidar que el art.\u00a03\u00a0<a href=\"http:\/\/www.infoleg.gob.ar\/infolegInternet\/verNorma.do?id=109481\" target=\"_blank\" rel=\"noopener\">CCIV<\/a>\u00a0estableci\u00f3 que las leyes \u201cdisponen para lo futuro\u201d. Para Guillermo L. ALLENDE, cr\u00edtico de la reforma del a\u00f1o 1968, deb\u00eda volverse a las ense\u00f1anzas de Savigny y la letra original de la obra de V\u00e9lez (ob.\u00a0cit. [cfr. nota 18]).<\/p>\n<\/div>\n<div>\n<p><a id=\"footnote-161507-32\" class=\"footnote\" href=\"#footnote-161507-32-backlink\">32<\/a><strong>.<\/strong>\u00a0Ver nota 3 de este ensayo.<\/p>\n<\/div>\n<div>\n<p><a id=\"footnote-161507-33\" class=\"footnote\" href=\"#footnote-161507-33-backlink\">33<\/a><strong>.<\/strong>\u00a0\u201c\u2026 encontr\u00e1ndose la causa a estudio del Tribunal, el 1\u00ba de agosto de 2015 entr\u00f3 en vigencia el C\u00f3digo Civil y Comercial de la Naci\u00f3n aprobado por la Ley 26994 [\u2026] sin embargo, la situaci\u00f3n planteada debe ser juzgada de conformidad con la redacci\u00f3n que ten\u00eda el segundo p\u00e1rrafo del art\u00edculo 997 del C\u00f3digo Civil, vigente a esa fecha, pues las consecuencias de la situaci\u00f3n jur\u00eddica generada por la norma provincial impugnada \u2013desde el 1\u00b0 de enero hasta el 31 de mayo de 2012\u2013 se encuentran alcanzadas por el texto \u00edntegro de esa previsi\u00f3n legal, dado que all\u00ed se consumaron. La noci\u00f3n de consumo jur\u00eddico impone la aplicaci\u00f3n del art\u00edculo en toda su extensi\u00f3n\u201d (CSJN, 9\/12\/2015, \u201cColegio de Escribanos de la Ciudad de Buenos Aires c\/ Buenos Aires, Provincia de s\/ ordinario\u201d [<em><a href=\"https:\/\/sj.csjn.gov.ar\/sj\/tomosFallos.do?method=iniciar\" target=\"_blank\" rel=\"noopener\">Fallos<\/a><\/em>, t.\u00a0338, p.\u00a01455 {N.\u00a0del E.: ver texto completo\u00a0<a href=\"http:\/\/sjconsulta.csjn.gov.ar\/sjconsulta\/documentos\/verDocumentoByIdLinksJSP.html?idDocumento=7270933\" target=\"_blank\" rel=\"noopener\">aqu\u00ed<\/a>; tambi\u00e9n el lector podr\u00e1 acceder al\u00a0<a href=\"http:\/\/sjconsulta.csjn.gov.ar\/sjconsulta\/documentos\/verDocumentoById.html?idDocumento=7270931\" target=\"_blank\" rel=\"noopener\">dictamen del MPF<\/a>\u00a0y su\u00a0<a href=\"http:\/\/sjconsulta.csjn.gov.ar\/sjconsulta\/documentos\/verDocumentoById.html?idDocumento=7270932\" target=\"_blank\" rel=\"noopener\">complementario<\/a>}]).<\/p>\n<\/div>\n<div>\n<p><a id=\"footnote-161507-34\" class=\"footnote\" href=\"#footnote-161507-34-backlink\">34<\/a><strong>.<\/strong>\u00a0A\u00edda R. KEMELMAJER DE CARLUCCI menciona que Roubier diferencia entre hechos cumplidos y hechos en curso, donde el elemento determinante es el hecho (factor objetivo) y no el derecho (factor subjetivo), distinguiendo a su vez dentro de los hechos cumplidos las leyes que gobiernan la constituci\u00f3n y extinci\u00f3n y las que gobiernan el contenido y los efectos. Para la constituci\u00f3n y extinci\u00f3n, distingue adem\u00e1s entre situaciones jur\u00eddicas de formaci\u00f3n \u201ccontinua\u201d (por ejemplo, la prescripci\u00f3n adquisitiva o extintiva) y situaciones jur\u00eddicas de formaci\u00f3n \u201csucesiva\u201d o en etapas (por ejemplo, una venta que exige autorizaci\u00f3n judicial o un acto que requiere aceptaci\u00f3n), subdividiendo esta \u00faltima (formaci\u00f3n sucesiva) en dos subtipos: actos entre vivos y mortis causa y sostiene que \u2013para los actos entre vivos\u2013, la nueva ley puede establecer nuevos requisitos para la etapa que a\u00fan no estaba cumplida para la adquisici\u00f3n o extinci\u00f3n a la \u00e9poca de su entrada en vigencia (<em>La aplicaci\u00f3n del C\u00f3digo Civil y Comercial a las relaciones y situaciones jur\u00eddicas existentes<\/em>, Santa Fe, Rubinzal-Culzoni, 2015, ps.\u00a032-33).<\/p>\n<\/div>\n<div>\n<p><a id=\"footnote-161507-35\" class=\"footnote\" href=\"#footnote-161507-35-backlink\">35<\/a><strong>.<\/strong>\u00a0La aclaraci\u00f3n nos pertenece.<\/p>\n<\/div>\n<div>\n<p><a id=\"footnote-161507-36\" class=\"footnote\" href=\"#footnote-161507-36-backlink\">36<\/a><strong>.<\/strong>\u00a0CSJN, 18\/10\/2016, \u201cRecurso de hecho deducido por la parte actora en la causa \u00abB., O.\u00a0F. c\/ N., V.\u00a0C. s\/ divorcio art.\u00a0214, inc.\u00a02\u00b0, del C\u00f3digo Civil\u00bb\u201d (<em><a href=\"https:\/\/sj.csjn.gov.ar\/sj\/tomosFallos.do?method=iniciar\" target=\"_blank\" rel=\"noopener\">Fallos<\/a><\/em>, t.\u00a0339, p.\u00a01478 [N.\u00a0del E.: ver texto completo\u00a0<a href=\"http:\/\/sjconsulta.csjn.gov.ar\/sjconsulta\/documentos\/verDocumentoByIdLinksJSP.html?idDocumento=7341812\" target=\"_blank\" rel=\"noopener\">aqu\u00ed<\/a>; tambi\u00e9n el lector podr\u00e1 acceder al\u00a0<a href=\"http:\/\/sjconsulta.csjn.gov.ar\/sjconsulta\/documentos\/verDocumentoById.html?idDocumento=7341811\" target=\"_blank\" rel=\"noopener\">dictamen del MFP<\/a>].<\/p>\n<\/div>\n<div>\n<p><a id=\"footnote-161507-37\" class=\"footnote\" href=\"#footnote-161507-37-backlink\">37<\/a><strong>.<\/strong>\u00a0STJ de R\u00edo Negro, 14\/03\/2016, \u201cEspeche, Lidia P. en Orellano, Mar\u00eda M. c\/ Pad\u00edn, Elena N. s\/ ejecuci\u00f3n de honorarios s\/ casaci\u00f3n\u201d [N.\u00a0del E.: ver texto completo\u00a0<a href=\"http:\/\/www.jusrionegro.gov.ar\/inicio\/jurisprudencia\/ver.protocolo.php?id=71897&amp;txt_nro_expediente=&amp;txt_caratula=espeche&amp;cbo_desde_dia=1&amp;cbo_desde_mes=1&amp;cbo_desde_anio=1990&amp;cbo_hasta_dia=30&amp;cbo_hasta_mes=6&amp;cbo_hasta_anio=2025&amp;txt_nro_sentencia=&amp;cbo_tipo_sentencia=-1&amp;txt_sentencia=&amp;cbo_organismo=-1\" target=\"_blank\" rel=\"noopener\">aqu\u00ed<\/a>].<\/p>\n<\/div>\n<div>\n<p><a id=\"footnote-161507-38\" class=\"footnote\" href=\"#footnote-161507-38-backlink\">38<\/a><strong>.\u00a0<\/strong>En consonancia con normas internacionales con jerarqu\u00eda constitucional tales como la\u00a0<a href=\"http:\/\/www.un.org\/es\/universal-declaration-human-rights\/\" target=\"_blank\" rel=\"noopener\">Declaraci\u00f3n Universal de los Derechos del Hombre<\/a>\u00a0de 1948, la\u00a0<a href=\"http:\/\/www.oas.org\/es\/cidh\/mandato\/Basicos\/declaracion.asp\" target=\"_blank\" rel=\"noopener\">Declaraci\u00f3n Americana de Derechos y Deberes Humanos de 1948<\/a>, entre otros, y de derechos reconocidos primeramente en el \u00e1mbito judicial.<\/p>\n<\/div>\n<div>\n<p><a id=\"footnote-161507-39\" class=\"footnote\" href=\"#footnote-161507-39-backlink\">39<\/a><strong>.<\/strong>\u00a0Se le hab\u00eda reconocido a Pad\u00edn una indemnizaci\u00f3n en reparaci\u00f3n a un da\u00f1o emergente a nivel psicof\u00edsico por un accidente ocurrido en la rampa de acceso a un importante supermercado.<\/p>\n<\/div>\n<div>\n<p><a id=\"footnote-161507-40\" class=\"footnote\" href=\"#footnote-161507-40-backlink\">40<\/a><strong>. <\/strong>MOISSET DE ESPAN\u00c9S, Luis,\u00a0<a href=\"http:\/\/www.acaderc.org.ar\/biblioteca\/biblioteca-virtual\/Lairretroactividad.pdf\" class=\"mtli_attachment mtli_pdf\" target=\"_blank\" rel=\"noopener\">ob.\u00a0cit.<\/a>\u00a0(cfr. nota 10), p.\u00a026.<\/p>\n<\/div>\n<div>\n<p><a id=\"footnote-161507-41\" class=\"footnote\" href=\"#footnote-161507-41-backlink\">41<\/a><strong>.\u00a0<\/strong>La doctrina emplea usualmente como sin\u00f3nimos normas supletorias, interpretativas, dispositivas o derogables, pese a que esencialmente existen diferencias sustanciales entre cada una de ellas.<\/p>\n<\/div>\n<div>\n<p><a id=\"footnote-161507-42\" class=\"footnote\" href=\"#footnote-161507-42-backlink\">42<\/a><strong>.<\/strong>\u00a0Para ACU\u00d1A ANZORENA, no solo comprende lo que las partes han convenido de manera expresa, sino tambi\u00e9n todo lo que, presumiblemente, han tenido en cuenta al celebrarlos (ob.\u00a0cit., [cfr. nota 4]). En este sentido se enrola el art.\u00a0961\u00a0<a href=\"http:\/\/www.infoleg.gob.ar\/infolegInternet\/verNorma.do?id=235975\" target=\"_blank\" rel=\"noopener\">CCCN<\/a>\u00a0al expresar que \u201clos contratos deben celebrarse, interpretarse y ejecutarse de buena fe. Obligan no solo a lo que est\u00e1 formalmente expresado, sino a todas las consecuencias que puedan considerarse comprendidas en ellos, con los alcances en que razonablemente se habr\u00eda obligado un contratante cuidadoso y previsor\u201d.<\/p>\n<\/div>\n<div>\n<p><a id=\"footnote-161507-43\" class=\"footnote\" href=\"#footnote-161507-43-backlink\">43<\/a><strong>.<\/strong>\u00a0STJ de R\u00edo Negro, 17\/8\/2016, \u201cSegovia, Pablo c\/ Iar\u00eda, Francisco s\/ sucesi\u00f3n s\/ ordinario s\/ casaci\u00f3n\u201d [N.\u00a0del E.: ver texto completo\u00a0<a href=\"http:\/\/www.jusrionegro.gov.ar\/inicio\/jurisprudencia\/ver.protocolo.php?id=82427&amp;txt_nro_expediente=&amp;txt_caratula=segovia+pablo&amp;cbo_desde_dia=1&amp;cbo_desde_mes=1&amp;cbo_desde_anio=1990&amp;cbo_hasta_dia=30&amp;cbo_hasta_mes=6&amp;cbo_hasta_anio=2025&amp;txt_nro_sentencia=&amp;cbo_tipo_sentencia=-1&amp;txt_sentencia=&amp;cbo_organismo=-1\" target=\"_blank\" rel=\"noopener\">aqu\u00ed<\/a>].<\/p>\n<\/div>\n<div>\n<p><a id=\"footnote-161507-44\" class=\"footnote\" href=\"#footnote-161507-44-backlink\">44<\/a><strong>.<\/strong>\u00a0KEMELMAJER DE CARLUCCI, A\u00edda, ob.\u00a0cit. (cfr. nota 34), p.\u00a061.<\/p>\n<\/div>\n<div>\n<p><a id=\"footnote-161507-45\" class=\"footnote\" href=\"#footnote-161507-45-backlink\">45<\/a><strong>.<\/strong>\u00a0P. ej., no hay tratamiento normativo intertemporal para el divorcio subjetivo y objetivo, una regulaci\u00f3n para las sociedades civiles o respecto a c\u00f3mo proceder en los juicios en tr\u00e1mite. Tampoco se han dispuesto normas espec\u00edficas de derecho transitorio aplicables a las reformas introducidas a la Ley 19550, ahora denominada\u00a0<a href=\"http:\/\/servicios.infoleg.gob.ar\/infolegInternet\/verNorma.do?id=25553\" target=\"_blank\" rel=\"noopener\">Ley General de Sociedades<\/a>.<\/p>\n<\/div>\n<div>\n<p><a id=\"footnote-161507-46\" class=\"footnote\" href=\"#footnote-161507-46-backlink\">46<\/a><strong>.<\/strong>\u00a0El donatario \u2013como el subadquirente\u2013 en el\u00a0<a href=\"http:\/\/www.infoleg.gob.ar\/infolegInternet\/verNorma.do?id=235975\" target=\"_blank\" rel=\"noopener\">CCCN<\/a>\u00a0se encuentra sujeto a la acci\u00f3n de reducci\u00f3n por el t\u00e9rmino de diez a\u00f1os, computados desde la adquisici\u00f3n de la posesi\u00f3n, sin establecerse la aplicabilidad de este precepto a las donaciones otorgadas durante la vigencia del CCIV ni desde cu\u00e1ndo considerar la posesi\u00f3n decenal cuando el donante falleci\u00f3 con posterioridad al 1\/8\/2015.<\/p>\n<\/div>\n<div>\n<p><a id=\"footnote-161507-47\" class=\"footnote\" href=\"#footnote-161507-47-backlink\">47<\/a><strong>.<\/strong>\u00a0<a href=\"https:\/\/www.revista-notariado.org.ar\/wp-content\/uploads\/2017\/02\/Anteproyecto_CCCN_2012_fundamentos.pdf\" class=\"mtli_attachment mtli_pdf\" target=\"_blank\" rel=\"noopener\">Fundamentos<\/a>\u00a0del anteproyecto de CCCN, III.3, pp.\u00a012-13.<\/p>\n<\/div>\n<div>\n<p><a id=\"footnote-161507-48\" class=\"footnote\" href=\"#footnote-161507-48-backlink\">48<\/a><strong>.<\/strong>\u00a0El art.\u00a017 CCIV original impuso que \u201cel uso, la costumbre o pr\u00e1ctica no pueden crear derechos, sino cuando las leyes se refieren a ellos\u201d; y tambi\u00e9n aclar\u00f3 que las leyes solo pod\u00edan ser derogadas por otras leyes, a fin de evitar que la costumbre pudiese ser considerada fuente del derecho. La Ley 17711\u00a0<a href=\"http:\/\/www.infoleg.gob.ar\/infolegInternet\/verNorma.do?id=109481\" target=\"_blank\" rel=\"noopener\">modific\u00f3<\/a>\u00a0el art.\u00a017, d\u00e1ndole fuerza legal a los usos y costumbres en situaciones no regladas legalmente.<\/p>\n<\/div>\n<div>\n<p><a id=\"footnote-161507-49\" class=\"footnote\" href=\"#footnote-161507-49-backlink\">49<\/a><strong>.<\/strong>\u00a0Dice LLAMB\u00cdAS que el derecho no es un panlogismo, sino una ordenaci\u00f3n justa de la sociedad que rige los hechos humanos conforme a la efectiva previsi\u00f3n de los mismos. De ah\u00ed que cuando se advierta que los hechos ocurridos no han sido realmente previstos por la ley, no resulta leg\u00edtimo procurar un forzado regimiento legal de\u00a0ellos, fiando en la sola fuerza l\u00f3gica de los principios generales. En tales casos es m\u00e1s prudente reconocer la laguna legislativa y dejar obrar a las otras fuentes del derecho entre ellas la costumbre\u00a0<em>praeter legem<\/em>\u00a0(ob.\u00a0cit. [cfr. nota 19]).<\/p>\n<\/div>\n<div>\n<p><a id=\"footnote-161507-50\" class=\"footnote\" href=\"#footnote-161507-50-backlink\">50<\/a><strong>.<\/strong>\u00a0La Ley 26994 derog\u00f3 el CCIV, el CCOM (excepto una serie taxativa de art\u00edculos), las Leyes\u00a0<a href=\"http:\/\/servicios.infoleg.gob.ar\/infolegInternet\/verNorma.do?id=232934\" target=\"_blank\" rel=\"noopener\">11357<\/a>,\u00a0<a href=\"http:\/\/servicios.infoleg.gob.ar\/infolegInternet\/verNorma.do?id=46362\" target=\"_blank\" rel=\"noopener\">13512<\/a>,\u00a0<a href=\"http:\/\/servicios.infoleg.gob.ar\/infolegInternet\/verNorma.do?id=103605\" target=\"_blank\" rel=\"noopener\">14394<\/a>,\u00a0<a href=\"http:\/\/servicios.infoleg.gob.ar\/infolegInternet\/verNorma.do?id=120325\" target=\"_blank\" rel=\"noopener\">18248<\/a>,\u00a0<a href=\"http:\/\/servicios.infoleg.gob.ar\/infolegInternet\/verNorma.do?id=189951\" target=\"_blank\" rel=\"noopener\">19724<\/a>,\u00a0<a href=\"http:\/\/servicios.infoleg.gob.ar\/infolegInternet\/verNorma.do?id=65478\" target=\"_blank\" rel=\"noopener\">19836<\/a>,\u00a0<a href=\"http:\/\/servicios.infoleg.gob.ar\/infolegInternet\/verNorma.do?id=189952\" target=\"_blank\" rel=\"noopener\">20276<\/a>,\u00a0<a href=\"http:\/\/servicios.infoleg.gob.ar\/infolegInternet\/verNorma.do?id=231338\" target=\"_blank\" rel=\"noopener\">21342<\/a>\u00a0(excepto el art.\u00a06),\u00a0<a href=\"http:\/\/servicios.infoleg.gob.ar\/infolegInternet\/verNorma.do?id=27287\" target=\"_blank\" rel=\"noopener\">23091<\/a>,\u00a0<a href=\"http:\/\/servicios.infoleg.gob.ar\/infolegInternet\/verNorma.do?id=70786\" target=\"_blank\" rel=\"noopener\">25509<\/a>\u00a0y\u00a0<a href=\"http:\/\/servicios.infoleg.gob.ar\/infolegInternet\/verNorma.do?id=102854\" target=\"_blank\" rel=\"noopener\">26005<\/a>, algunos art\u00edculos de la Ley\u00a0<a href=\"http:\/\/servicios.infoleg.gob.ar\/infolegInternet\/verNorma.do?id=25553\" target=\"_blank\" rel=\"noopener\">19550<\/a>, de la Ley\u00a0<a href=\"http:\/\/servicios.infoleg.gob.ar\/infolegInternet\/verNorma.do?id=56724\" target=\"_blank\" rel=\"noopener\">20266<\/a>, de la Ley\u00a0<a href=\"http:\/\/servicios.infoleg.gob.ar\/infolegInternet\/verNorma.do?id=812\" target=\"_blank\" rel=\"noopener\">24441<\/a>, de la Ley\u00a0<a href=\"http:\/\/servicios.infoleg.gob.ar\/infolegInternet\/verNorma.do?id=63283\" target=\"_blank\" rel=\"noopener\">25248<\/a>\u00a0y de la Ley\u00a0<a href=\"http:\/\/servicios.infoleg.gob.ar\/infolegInternet\/verNorma.do?id=138844\" target=\"_blank\" rel=\"noopener\">26356<\/a>, adem\u00e1s del art.\u00a037 del Decreto\u00a0<a href=\"http:\/\/servicios.infoleg.gob.ar\/infolegInternet\/verNorma.do?id=13734\" target=\"_blank\" rel=\"noopener\">1798\/1994<\/a>.<\/p>\n<\/div>\n<div>\n<p><a id=\"footnote-161507-51\" class=\"footnote\" href=\"#footnote-161507-51-backlink\">51<\/a><strong>.<\/strong>\u00a0El art.\u00a05 del anteproyecto de C\u00f3digo Civil de 1954 establece: \u201cLos jueces no pueden abstenerse de juzgar en supuesto alguno. Si la cuesti\u00f3n controvertida no pudiera decidirse por aplicaci\u00f3n de norma legal, consuetudinaria o emanada de tribunal de casaci\u00f3n, se atender\u00e1 a los principios generales del derecho y a las exigencias de la equidad teniendo en consideraci\u00f3n las circunstancias del caso\u201d.<\/p>\n<\/div>\n<div>\n<p><a id=\"footnote-161507-52\" class=\"footnote\" href=\"#footnote-161507-52-backlink\">52<\/a><strong>.<\/strong>\u00a0Sancionada el 22\/12\/1954 (BO N\u00ba\u00a017805 del 30\/12\/1954).<\/p>\n<\/div>\n<div>\n<p><a id=\"footnote-161507-53\" class=\"footnote\" href=\"#footnote-161507-53-backlink\">53<\/a><strong>. <\/strong>KEMELMAJER DE CARLUCCI\u00a0sostiene que \u201cel CCyC admite la afectaci\u00f3n de inmuebles productivos, prueba de lo cual es que el art\u00edculo 251 soluciona el problema de la embargabilidad de los frutos y el art.\u00a0256 se refiere concretamente al inmueble rural\u201d (<em>La aplicaci\u00f3n del C\u00f3digo Civil y Comercial a las relaciones y situaciones jur\u00eddicas existentes. Segunda parte<\/em>, Santa Fe, Rubinzal-Culzoni, 2016, p.\u00a083).<\/p>\n<\/div>\n<div>\n<p><a id=\"footnote-161507-54\" class=\"footnote\" href=\"#footnote-161507-54-backlink\">54<\/a><strong>.<\/strong>\u00a0P. ej., la CNCiv., Sala M, el 16\/5\/2014, en autos \u201cCeber, Juana c\/ Registro de la Propiedad Inmueble de la Capital Federal s\/ recurso directo a C\u00e1mara\u201d, revoco\u0301 la resoluci\u00f3n del Registro y ordeno\u0301 la inscripci\u00f3n del inmueble como bien de familia para una pareja de convivientes y cond\u00f3minos sin hijos: \u201cla existencia del n\u00facleo familiar sin correlaci\u00f3n con las instituciones legales de matrimonio y parentesco es indiscutible como realidad f\u00e1ctica\u201d. Agreg\u00f3 que \u201cexcluir a la familia de hecho del beneficio del r\u00e9gimen de familia importa una discriminaci\u00f3n infundada e inaceptable, pues con aquella restricci\u00f3n se vulnera el principio de autonom\u00eda de la voluntad, que resulta ser uno de los pilares sobre los que se asientan los derechos humanos y sus implicancias\u201d. Adem\u00e1s, resalt\u00f3 que \u201cla protecci\u00f3n constitucional del derecho a la vivienda familiar digna (art.\u00a014 de la Constituci\u00f3n Nacional) [\u2026] no puede reducirse al matrimonio sino que debe extenderse a otro tipo de uniones que merecen igual protecci\u00f3n\u201d. [N.\u00a0del E.: ver texto completo\u00a0<a href=\"http:\/\/www.saij.gob.ar\/permiten-inscripcin-como-bien-familia-inmueble-perteneciente-una-pareja-concubinos-sin-hijos-nv7876-2014-05-16\/123456789-0abc-d67-87ti-lpssedadevon?q= fecha-rango%3A%5B20140516 TO 20140516%5D&amp;o=0&amp;f=Total%7CTipo de Documento\/Jurisprudencia\/Fallo%7CFecha%7COrganismo%7CTribunal%7CPublicaci%F3n%7CTema%7CEstado de Vigencia%7CAutor%7CJurisdicci%F3n\/Nacional&amp;t=1\" target=\"_blank\" rel=\"noopener\">aqu\u00ed<\/a>]. As\u00ed, recept\u00f3 la doctrina sentada en CSJN, 8\/3\/1990, \u201cMissart, Miguel \u00c1ngel s\/ haberes (prenatal)\u201d (<a href=\"https:\/\/sj.csjn.gov.ar\/sj\/tomosFallos.do?method=iniciar\" target=\"_blank\" rel=\"noopener\">Fallos<\/a>, t.\u00a0313, p.\u00a0225). Y en similar sentido ver CNCiv., Sala L, 10\/4\/2015, \u201cFrisardi, Adriana Gabriela c\/ Registro de la Propiedad Inmueble 388\/14 fecha 8\/9\/14 s\/ recurso directo a C\u00e1mara\u201d [N.\u00a0del E.: ver completo\u00a0<a href=\"http:\/\/www.cij.gov.ar\/scp\/include\/showFile.php?acc=showFAR&amp;tipo=fallo&amp;id=129660270&amp;origen=SGU\" target=\"_blank\" rel=\"noopener\">aqu\u00ed<\/a>].<\/p>\n<\/div>\n<\/div>\n","protected":false},"excerpt":{"rendered":"<p>El tiempo y la Ley 26994. Retroactividad e irretroactividad. Vigencia. Temporalidad. Efectos. Finalidad. Situaciones o relaciones jur\u00eddicas existentes regidas por normas sucesivas. Colisi\u00f3n de normas. Derecho transitorio.<\/p>\n","protected":false},"author":13,"featured_media":5471,"comment_status":"closed","ping_status":"open","sticky":false,"template":"","format":"standard","meta":{"_et_pb_use_builder":"","_et_pb_old_content":"","_et_gb_content_width":"","spay_email":"","footnotes":"","jetpack_publicize_message":"","jetpack_is_tweetstorm":false},"categories":[1],"tags":[1877,1873,1021,337,912,1876,1889,1879,1887,751,1801,1878,915,1886],"class_list":["post-5441","post","type-post","status-publish","format-standard","has-post-thumbnail","hentry","category-uncategorized","tag-articulo-3-cciv","tag-articulo-7-cccn","tag-codigo-civil-comercial-2014","tag-derecho-del-consumidor","tag-derecho-transitorio","tag-efectos-de-la-ley-y-el-tiempo","tag-efectos-diferidos","tag-irretroactividad-de-la-ley","tag-laguna-normativa","tag-ley-26994","tag-normas-supletorias","tag-normas-transitorias","tag-retroactividad","tag-vacio-normativo","revista-928-abr-jun-2017","seccion-doctrina","autor-zavala-gaston-augusto","ao-2169","tema-aplicacion-de-la-ley-temporalidad-vigencia","tema-derecho-transitorio","tema-eficacia-temporal-de-las-leyes","rama-parte-general"],"yoast_head":"<!-- This site is optimized with the Yoast SEO plugin v23.6 - https:\/\/yoast.com\/wordpress\/plugins\/seo\/ -->\n<title>Temporalidad de la ley. Incidencia en las situaciones jur\u00eddicas en curso - Revista del Notariado<\/title>\n<meta name=\"robots\" content=\"index, follow, max-snippet:-1, max-image-preview:large, max-video-preview:-1\" \/>\n<link rel=\"canonical\" href=\"https:\/\/www.revista-notariado.org.ar\/index.php\/2017\/09\/temporalidad-de-la-ley-incidencia-en-las-situaciones-juridicas-en-curso\/\" \/>\n<meta property=\"og:locale\" content=\"es_ES\" \/>\n<meta property=\"og:type\" content=\"article\" \/>\n<meta property=\"og:title\" content=\"Temporalidad de la ley. Incidencia en las situaciones jur\u00eddicas en curso - Revista del Notariado\" \/>\n<meta property=\"og:description\" content=\"El tiempo y la Ley 26994. Retroactividad e irretroactividad. Vigencia. Temporalidad. Efectos. Finalidad. Situaciones o relaciones jur\u00eddicas existentes regidas por normas sucesivas. Colisi\u00f3n de normas. Derecho transitorio.\" \/>\n<meta property=\"og:url\" content=\"https:\/\/www.revista-notariado.org.ar\/index.php\/2017\/09\/temporalidad-de-la-ley-incidencia-en-las-situaciones-juridicas-en-curso\/\" \/>\n<meta property=\"og:site_name\" content=\"Revista del Notariado\" \/>\n<meta property=\"article:publisher\" content=\"https:\/\/www.facebook.com\/revistadelnotariado\/\" \/>\n<meta property=\"article:published_time\" content=\"2017-09-18T14:26:24+00:00\" \/>\n<meta property=\"article:modified_time\" content=\"2022-01-26T15:26:56+00:00\" \/>\n<meta property=\"og:image\" content=\"https:\/\/www.revista-notariado.org.ar\/\/wp-content\/uploads\/2017\/09\/engranajes-a\u00f1os_700x300.jpg\" \/>\n\t<meta property=\"og:image:width\" content=\"700\" \/>\n\t<meta property=\"og:image:height\" content=\"300\" \/>\n\t<meta property=\"og:image:type\" content=\"image\/jpeg\" \/>\n<meta name=\"author\" content=\"Ramiro Chanes\" \/>\n<meta name=\"twitter:card\" content=\"summary_large_image\" \/>\n<meta name=\"twitter:label1\" content=\"Escrito por\" \/>\n\t<meta name=\"twitter:data1\" content=\"Ramiro Chanes\" \/>\n\t<meta name=\"twitter:label2\" content=\"Tiempo de lectura\" \/>\n\t<meta name=\"twitter:data2\" content=\"56 minutos\" \/>\n<script type=\"application\/ld+json\" class=\"yoast-schema-graph\">{\"@context\":\"https:\/\/schema.org\",\"@graph\":[{\"@type\":\"Article\",\"@id\":\"https:\/\/www.revista-notariado.org.ar\/index.php\/2017\/09\/temporalidad-de-la-ley-incidencia-en-las-situaciones-juridicas-en-curso\/#article\",\"isPartOf\":{\"@id\":\"https:\/\/www.revista-notariado.org.ar\/index.php\/2017\/09\/temporalidad-de-la-ley-incidencia-en-las-situaciones-juridicas-en-curso\/\"},\"author\":{\"name\":\"Ramiro Chanes\",\"@id\":\"https:\/\/www.revista-notariado.org.ar\/#\/schema\/person\/69650fd2dba0e7da6aa342cb8508a6c3\"},\"headline\":\"Temporalidad de la ley. Incidencia en las situaciones jur\u00eddicas en curso\",\"datePublished\":\"2017-09-18T14:26:24+00:00\",\"dateModified\":\"2022-01-26T15:26:56+00:00\",\"mainEntityOfPage\":{\"@id\":\"https:\/\/www.revista-notariado.org.ar\/index.php\/2017\/09\/temporalidad-de-la-ley-incidencia-en-las-situaciones-juridicas-en-curso\/\"},\"wordCount\":11150,\"publisher\":{\"@id\":\"https:\/\/www.revista-notariado.org.ar\/#organization\"},\"image\":{\"@id\":\"https:\/\/www.revista-notariado.org.ar\/index.php\/2017\/09\/temporalidad-de-la-ley-incidencia-en-las-situaciones-juridicas-en-curso\/#primaryimage\"},\"thumbnailUrl\":\"https:\/\/www.revista-notariado.org.ar\/\/wp-content\/uploads\/2017\/09\/engranajes-a\u00f1os_700x300.jpg\",\"keywords\":[\"Art\u00edculo 3 CCIV\",\"Art\u00edculo 7 CCCN\",\"C\u00f3digo Civil y Comercial 2014\",\"Derecho del consumidor\",\"Derecho transitorio\",\"Efectos de la ley y el tiempo\",\"Efectos diferidos\",\"Irretroactividad de la ley\",\"Laguna normativa\",\"Ley 26994\",\"normas supletorias\",\"Normas transitorias\",\"Retroactividad\",\"Vac\u00edo normativo\"],\"articleSection\":[\"Varias\"],\"inLanguage\":\"es\"},{\"@type\":\"WebPage\",\"@id\":\"https:\/\/www.revista-notariado.org.ar\/index.php\/2017\/09\/temporalidad-de-la-ley-incidencia-en-las-situaciones-juridicas-en-curso\/\",\"url\":\"https:\/\/www.revista-notariado.org.ar\/index.php\/2017\/09\/temporalidad-de-la-ley-incidencia-en-las-situaciones-juridicas-en-curso\/\",\"name\":\"Temporalidad de la ley. Incidencia en las situaciones jur\u00eddicas en curso - Revista del Notariado\",\"isPartOf\":{\"@id\":\"https:\/\/www.revista-notariado.org.ar\/#website\"},\"primaryImageOfPage\":{\"@id\":\"https:\/\/www.revista-notariado.org.ar\/index.php\/2017\/09\/temporalidad-de-la-ley-incidencia-en-las-situaciones-juridicas-en-curso\/#primaryimage\"},\"image\":{\"@id\":\"https:\/\/www.revista-notariado.org.ar\/index.php\/2017\/09\/temporalidad-de-la-ley-incidencia-en-las-situaciones-juridicas-en-curso\/#primaryimage\"},\"thumbnailUrl\":\"https:\/\/www.revista-notariado.org.ar\/\/wp-content\/uploads\/2017\/09\/engranajes-a\u00f1os_700x300.jpg\",\"datePublished\":\"2017-09-18T14:26:24+00:00\",\"dateModified\":\"2022-01-26T15:26:56+00:00\",\"breadcrumb\":{\"@id\":\"https:\/\/www.revista-notariado.org.ar\/index.php\/2017\/09\/temporalidad-de-la-ley-incidencia-en-las-situaciones-juridicas-en-curso\/#breadcrumb\"},\"inLanguage\":\"es\",\"potentialAction\":[{\"@type\":\"ReadAction\",\"target\":[\"https:\/\/www.revista-notariado.org.ar\/index.php\/2017\/09\/temporalidad-de-la-ley-incidencia-en-las-situaciones-juridicas-en-curso\/\"]}]},{\"@type\":\"ImageObject\",\"inLanguage\":\"es\",\"@id\":\"https:\/\/www.revista-notariado.org.ar\/index.php\/2017\/09\/temporalidad-de-la-ley-incidencia-en-las-situaciones-juridicas-en-curso\/#primaryimage\",\"url\":\"https:\/\/www.revista-notariado.org.ar\/\/wp-content\/uploads\/2017\/09\/engranajes-a\u00f1os_700x300.jpg\",\"contentUrl\":\"https:\/\/www.revista-notariado.org.ar\/\/wp-content\/uploads\/2017\/09\/engranajes-a\u00f1os_700x300.jpg\",\"width\":700,\"height\":300},{\"@type\":\"BreadcrumbList\",\"@id\":\"https:\/\/www.revista-notariado.org.ar\/index.php\/2017\/09\/temporalidad-de-la-ley-incidencia-en-las-situaciones-juridicas-en-curso\/#breadcrumb\",\"itemListElement\":[{\"@type\":\"ListItem\",\"position\":1,\"name\":\"Portada\",\"item\":\"https:\/\/www.revista-notariado.org.ar\/\"},{\"@type\":\"ListItem\",\"position\":2,\"name\":\"Temporalidad de la ley. Incidencia en las situaciones jur\u00eddicas en curso\"}]},{\"@type\":\"WebSite\",\"@id\":\"https:\/\/www.revista-notariado.org.ar\/#website\",\"url\":\"https:\/\/www.revista-notariado.org.ar\/\",\"name\":\"Revista del Notariado\",\"description\":\"Director: Carlos Marcelo D&#039;Alessio\",\"publisher\":{\"@id\":\"https:\/\/www.revista-notariado.org.ar\/#organization\"},\"potentialAction\":[{\"@type\":\"SearchAction\",\"target\":{\"@type\":\"EntryPoint\",\"urlTemplate\":\"https:\/\/www.revista-notariado.org.ar\/?s={search_term_string}\"},\"query-input\":{\"@type\":\"PropertyValueSpecification\",\"valueRequired\":true,\"valueName\":\"search_term_string\"}}],\"inLanguage\":\"es\"},{\"@type\":\"Organization\",\"@id\":\"https:\/\/www.revista-notariado.org.ar\/#organization\",\"name\":\"Revista del Notariado\",\"url\":\"https:\/\/www.revista-notariado.org.ar\/\",\"logo\":{\"@type\":\"ImageObject\",\"inLanguage\":\"es\",\"@id\":\"https:\/\/www.revista-notariado.org.ar\/#\/schema\/logo\/image\/\",\"url\":\"https:\/\/www.revista-notariado.org.ar\/\/wp-content\/uploads\/2020\/06\/Logo-para.mail_.png\",\"contentUrl\":\"https:\/\/www.revista-notariado.org.ar\/\/wp-content\/uploads\/2020\/06\/Logo-para.mail_.png\",\"width\":642,\"height\":80,\"caption\":\"Revista del Notariado\"},\"image\":{\"@id\":\"https:\/\/www.revista-notariado.org.ar\/#\/schema\/logo\/image\/\"},\"sameAs\":[\"https:\/\/www.facebook.com\/revistadelnotariado\/\"]},{\"@type\":\"Person\",\"@id\":\"https:\/\/www.revista-notariado.org.ar\/#\/schema\/person\/69650fd2dba0e7da6aa342cb8508a6c3\",\"name\":\"Ramiro Chanes\",\"image\":{\"@type\":\"ImageObject\",\"inLanguage\":\"es\",\"@id\":\"https:\/\/www.revista-notariado.org.ar\/#\/schema\/person\/image\/\",\"url\":\"https:\/\/secure.gravatar.com\/avatar\/08553b3e3ffdc7781f000c217c213fdb?s=96&d=mm&r=g\",\"contentUrl\":\"https:\/\/secure.gravatar.com\/avatar\/08553b3e3ffdc7781f000c217c213fdb?s=96&d=mm&r=g\",\"caption\":\"Ramiro Chanes\"},\"url\":\"https:\/\/www.revista-notariado.org.ar\/index.php\/author\/nadacomoelnotariado\/\"}]}<\/script>\n<!-- \/ Yoast SEO plugin. -->","yoast_head_json":{"title":"Temporalidad de la ley. Incidencia en las situaciones jur\u00eddicas en curso - Revista del Notariado","robots":{"index":"index","follow":"follow","max-snippet":"max-snippet:-1","max-image-preview":"max-image-preview:large","max-video-preview":"max-video-preview:-1"},"canonical":"https:\/\/www.revista-notariado.org.ar\/index.php\/2017\/09\/temporalidad-de-la-ley-incidencia-en-las-situaciones-juridicas-en-curso\/","og_locale":"es_ES","og_type":"article","og_title":"Temporalidad de la ley. Incidencia en las situaciones jur\u00eddicas en curso - Revista del Notariado","og_description":"El tiempo y la Ley 26994. Retroactividad e irretroactividad. Vigencia. Temporalidad. Efectos. Finalidad. Situaciones o relaciones jur\u00eddicas existentes regidas por normas sucesivas. Colisi\u00f3n de normas. Derecho transitorio.","og_url":"https:\/\/www.revista-notariado.org.ar\/index.php\/2017\/09\/temporalidad-de-la-ley-incidencia-en-las-situaciones-juridicas-en-curso\/","og_site_name":"Revista del Notariado","article_publisher":"https:\/\/www.facebook.com\/revistadelnotariado\/","article_published_time":"2017-09-18T14:26:24+00:00","article_modified_time":"2022-01-26T15:26:56+00:00","og_image":[{"width":700,"height":300,"url":"https:\/\/www.revista-notariado.org.ar\/\/wp-content\/uploads\/2017\/09\/engranajes-a\u00f1os_700x300.jpg","type":"image\/jpeg"}],"author":"Ramiro Chanes","twitter_card":"summary_large_image","twitter_misc":{"Escrito por":"Ramiro Chanes","Tiempo de lectura":"56 minutos"},"schema":{"@context":"https:\/\/schema.org","@graph":[{"@type":"Article","@id":"https:\/\/www.revista-notariado.org.ar\/index.php\/2017\/09\/temporalidad-de-la-ley-incidencia-en-las-situaciones-juridicas-en-curso\/#article","isPartOf":{"@id":"https:\/\/www.revista-notariado.org.ar\/index.php\/2017\/09\/temporalidad-de-la-ley-incidencia-en-las-situaciones-juridicas-en-curso\/"},"author":{"name":"Ramiro Chanes","@id":"https:\/\/www.revista-notariado.org.ar\/#\/schema\/person\/69650fd2dba0e7da6aa342cb8508a6c3"},"headline":"Temporalidad de la ley. Incidencia en las situaciones jur\u00eddicas en curso","datePublished":"2017-09-18T14:26:24+00:00","dateModified":"2022-01-26T15:26:56+00:00","mainEntityOfPage":{"@id":"https:\/\/www.revista-notariado.org.ar\/index.php\/2017\/09\/temporalidad-de-la-ley-incidencia-en-las-situaciones-juridicas-en-curso\/"},"wordCount":11150,"publisher":{"@id":"https:\/\/www.revista-notariado.org.ar\/#organization"},"image":{"@id":"https:\/\/www.revista-notariado.org.ar\/index.php\/2017\/09\/temporalidad-de-la-ley-incidencia-en-las-situaciones-juridicas-en-curso\/#primaryimage"},"thumbnailUrl":"https:\/\/www.revista-notariado.org.ar\/\/wp-content\/uploads\/2017\/09\/engranajes-a\u00f1os_700x300.jpg","keywords":["Art\u00edculo 3 CCIV","Art\u00edculo 7 CCCN","C\u00f3digo Civil y Comercial 2014","Derecho del consumidor","Derecho transitorio","Efectos de la ley y el tiempo","Efectos diferidos","Irretroactividad de la ley","Laguna normativa","Ley 26994","normas supletorias","Normas transitorias","Retroactividad","Vac\u00edo normativo"],"articleSection":["Varias"],"inLanguage":"es"},{"@type":"WebPage","@id":"https:\/\/www.revista-notariado.org.ar\/index.php\/2017\/09\/temporalidad-de-la-ley-incidencia-en-las-situaciones-juridicas-en-curso\/","url":"https:\/\/www.revista-notariado.org.ar\/index.php\/2017\/09\/temporalidad-de-la-ley-incidencia-en-las-situaciones-juridicas-en-curso\/","name":"Temporalidad de la ley. Incidencia en las situaciones jur\u00eddicas en curso - Revista del Notariado","isPartOf":{"@id":"https:\/\/www.revista-notariado.org.ar\/#website"},"primaryImageOfPage":{"@id":"https:\/\/www.revista-notariado.org.ar\/index.php\/2017\/09\/temporalidad-de-la-ley-incidencia-en-las-situaciones-juridicas-en-curso\/#primaryimage"},"image":{"@id":"https:\/\/www.revista-notariado.org.ar\/index.php\/2017\/09\/temporalidad-de-la-ley-incidencia-en-las-situaciones-juridicas-en-curso\/#primaryimage"},"thumbnailUrl":"https:\/\/www.revista-notariado.org.ar\/\/wp-content\/uploads\/2017\/09\/engranajes-a\u00f1os_700x300.jpg","datePublished":"2017-09-18T14:26:24+00:00","dateModified":"2022-01-26T15:26:56+00:00","breadcrumb":{"@id":"https:\/\/www.revista-notariado.org.ar\/index.php\/2017\/09\/temporalidad-de-la-ley-incidencia-en-las-situaciones-juridicas-en-curso\/#breadcrumb"},"inLanguage":"es","potentialAction":[{"@type":"ReadAction","target":["https:\/\/www.revista-notariado.org.ar\/index.php\/2017\/09\/temporalidad-de-la-ley-incidencia-en-las-situaciones-juridicas-en-curso\/"]}]},{"@type":"ImageObject","inLanguage":"es","@id":"https:\/\/www.revista-notariado.org.ar\/index.php\/2017\/09\/temporalidad-de-la-ley-incidencia-en-las-situaciones-juridicas-en-curso\/#primaryimage","url":"https:\/\/www.revista-notariado.org.ar\/\/wp-content\/uploads\/2017\/09\/engranajes-a\u00f1os_700x300.jpg","contentUrl":"https:\/\/www.revista-notariado.org.ar\/\/wp-content\/uploads\/2017\/09\/engranajes-a\u00f1os_700x300.jpg","width":700,"height":300},{"@type":"BreadcrumbList","@id":"https:\/\/www.revista-notariado.org.ar\/index.php\/2017\/09\/temporalidad-de-la-ley-incidencia-en-las-situaciones-juridicas-en-curso\/#breadcrumb","itemListElement":[{"@type":"ListItem","position":1,"name":"Portada","item":"https:\/\/www.revista-notariado.org.ar\/"},{"@type":"ListItem","position":2,"name":"Temporalidad de la ley. Incidencia en las situaciones jur\u00eddicas en curso"}]},{"@type":"WebSite","@id":"https:\/\/www.revista-notariado.org.ar\/#website","url":"https:\/\/www.revista-notariado.org.ar\/","name":"Revista del Notariado","description":"Director: Carlos Marcelo D&#039;Alessio","publisher":{"@id":"https:\/\/www.revista-notariado.org.ar\/#organization"},"potentialAction":[{"@type":"SearchAction","target":{"@type":"EntryPoint","urlTemplate":"https:\/\/www.revista-notariado.org.ar\/?s={search_term_string}"},"query-input":{"@type":"PropertyValueSpecification","valueRequired":true,"valueName":"search_term_string"}}],"inLanguage":"es"},{"@type":"Organization","@id":"https:\/\/www.revista-notariado.org.ar\/#organization","name":"Revista del Notariado","url":"https:\/\/www.revista-notariado.org.ar\/","logo":{"@type":"ImageObject","inLanguage":"es","@id":"https:\/\/www.revista-notariado.org.ar\/#\/schema\/logo\/image\/","url":"https:\/\/www.revista-notariado.org.ar\/\/wp-content\/uploads\/2020\/06\/Logo-para.mail_.png","contentUrl":"https:\/\/www.revista-notariado.org.ar\/\/wp-content\/uploads\/2020\/06\/Logo-para.mail_.png","width":642,"height":80,"caption":"Revista del Notariado"},"image":{"@id":"https:\/\/www.revista-notariado.org.ar\/#\/schema\/logo\/image\/"},"sameAs":["https:\/\/www.facebook.com\/revistadelnotariado\/"]},{"@type":"Person","@id":"https:\/\/www.revista-notariado.org.ar\/#\/schema\/person\/69650fd2dba0e7da6aa342cb8508a6c3","name":"Ramiro Chanes","image":{"@type":"ImageObject","inLanguage":"es","@id":"https:\/\/www.revista-notariado.org.ar\/#\/schema\/person\/image\/","url":"https:\/\/secure.gravatar.com\/avatar\/08553b3e3ffdc7781f000c217c213fdb?s=96&d=mm&r=g","contentUrl":"https:\/\/secure.gravatar.com\/avatar\/08553b3e3ffdc7781f000c217c213fdb?s=96&d=mm&r=g","caption":"Ramiro Chanes"},"url":"https:\/\/www.revista-notariado.org.ar\/index.php\/author\/nadacomoelnotariado\/"}]}},"jetpack_featured_media_url":"https:\/\/www.revista-notariado.org.ar\/\/wp-content\/uploads\/2017\/09\/engranajes-a\u00f1os_700x300.jpg","jetpack_publicize_connections":[],"jetpack_sharing_enabled":true,"jetpack_shortlink":"https:\/\/wp.me\/p50Sui-1pL","jetpack-related-posts":[],"_links":{"self":[{"href":"https:\/\/www.revista-notariado.org.ar\/index.php\/wp-json\/wp\/v2\/posts\/5441"}],"collection":[{"href":"https:\/\/www.revista-notariado.org.ar\/index.php\/wp-json\/wp\/v2\/posts"}],"about":[{"href":"https:\/\/www.revista-notariado.org.ar\/index.php\/wp-json\/wp\/v2\/types\/post"}],"author":[{"embeddable":true,"href":"https:\/\/www.revista-notariado.org.ar\/index.php\/wp-json\/wp\/v2\/users\/13"}],"replies":[{"embeddable":true,"href":"https:\/\/www.revista-notariado.org.ar\/index.php\/wp-json\/wp\/v2\/comments?post=5441"}],"version-history":[{"count":11,"href":"https:\/\/www.revista-notariado.org.ar\/index.php\/wp-json\/wp\/v2\/posts\/5441\/revisions"}],"predecessor-version":[{"id":13512,"href":"https:\/\/www.revista-notariado.org.ar\/index.php\/wp-json\/wp\/v2\/posts\/5441\/revisions\/13512"}],"wp:featuredmedia":[{"embeddable":true,"href":"https:\/\/www.revista-notariado.org.ar\/index.php\/wp-json\/wp\/v2\/media\/5471"}],"wp:attachment":[{"href":"https:\/\/www.revista-notariado.org.ar\/index.php\/wp-json\/wp\/v2\/media?parent=5441"}],"wp:term":[{"taxonomy":"category","embeddable":true,"href":"https:\/\/www.revista-notariado.org.ar\/index.php\/wp-json\/wp\/v2\/categories?post=5441"},{"taxonomy":"post_tag","embeddable":true,"href":"https:\/\/www.revista-notariado.org.ar\/index.php\/wp-json\/wp\/v2\/tags?post=5441"}],"curies":[{"name":"wp","href":"https:\/\/api.w.org\/{rel}","templated":true}]}}