{"id":3775,"date":"2016-09-09T19:35:06","date_gmt":"2016-09-09T19:35:06","guid":{"rendered":"http:\/\/www.revista-notariado.org.ar\/?p=3775"},"modified":"2019-07-11T12:53:13","modified_gmt":"2019-07-11T15:53:13","slug":"inhibicion-general-de-bienes","status":"publish","type":"post","link":"https:\/\/www.revista-notariado.org.ar\/index.php\/2016\/09\/inhibicion-general-de-bienes\/","title":{"rendered":"Inhibici\u00f3n general de bienes"},"content":{"rendered":"<a class=\"mwm-aal-item\" name=\"\"><\/a><h2><a href=\"https:\/\/www.flickr.com\/photos\/fumigraphik\/15953008762\/in\/photolist-qiHkHd-df94Fn-pHbCDL-Cdcrca-pTdxr8-8X1MpX-9iDGc8-onjT13-8X4NEf-bKh1Rz-fvbRkm-8X4MYA-8X4NxS-pds7xr-a3mm2y-ooMxCG-mE9J3P-aQhiPF-pWmYPh-8X1KNr-q5hNVr-7CENaL-8X4NsG-i8fJ22-8X1MGe-hJN9zB-5xLPxq-8X4Lju-dknDSo-3SHSbc-oKZNza-dM7kWf-kddoqM-bkiV2U-5xLMZQ-krse6t-a3Z4sH-brHgHq-kp1gXK-8X1Mun-asXZDi-giEUFu-hKPZMZ-ripaJo-um7emt-qaqd1d-r7nbWu-o46JXD-8X4NiN-8X4LWN\" target=\"_blank\"><img loading=\"lazy\" decoding=\"async\" class=\"aligncenter size-full wp-image-3837\" src=\"https:\/\/www.revista-notariado.org.ar\/wp-content\/uploads\/2016\/09\/ventanas-en-edificio_R.jpg\" alt=\"ventanas-en-edificio_R\" width=\"700\" height=\"300\" srcset=\"https:\/\/www.revista-notariado.org.ar\/\/wp-content\/uploads\/2016\/09\/ventanas-en-edificio_R.jpg 700w, https:\/\/www.revista-notariado.org.ar\/\/wp-content\/uploads\/2016\/09\/ventanas-en-edificio_R-300x129.jpg 300w, https:\/\/www.revista-notariado.org.ar\/\/wp-content\/uploads\/2016\/09\/ventanas-en-edificio_R-128x55.jpg 128w\" sizes=\"(max-width: 700px) 100vw, 700px\" \/><\/a><\/h2>\n<pre><sup><em>Imagen: <\/em><a href=\"https:\/\/www.flickr.com\/photos\/fumigraphik\/\" target=\"_blank\">FUMIGRAPHIK_Photographist<\/a>, <a href=\"https:\/\/creativecommons.org\/licenses\/by-nc-nd\/2.0\/\" target=\"_blank\">CC\r\n\r\n<\/a><\/sup><\/pre>\n<p style=\"background-color: #f6cece; padding: 7px;\"><strong>Jos\u00e9 M. R. Orelle<\/strong><\/p>\n<p>&nbsp;<\/p>\n<a class=\"mwm-aal-item\" name=\"1-naturaleza\"><\/a><h2>1. Naturaleza<\/h2>\n<a class=\"mwm-aal-item\" name=\"11-delimitacion-de-conceptos\"><\/a><h3>1.1. Delimitaci\u00f3n de conceptos<\/h3>\n<p>Con la finalidad de precisar el significado de los vocablos propios del tema y, adem\u00e1s, disminuir los riesgos de la ambig\u00fcedad y vaguedad de los t\u00e9rminos, paso a describir los elementos de la inhibici\u00f3n general:<\/p>\n<ol>\n<li>El sujeto titular de un derecho subjetivo respecto de quien se inhibe.<\/li>\n<li>El derecho subjetivo objeto de la tutela o protecci\u00f3n.<\/li>\n<li>El proceso en el cual se dicta la medida cautelar y su grado de avance en la determinaci\u00f3n del cr\u00e9dito (ya sea para obtener su pago o la indemnizaci\u00f3n).<\/li>\n<li>La sentencia del magistrado que dispone la inhibici\u00f3n general.<\/li>\n<li>El sujeto destinatario de la medida cautelar.<\/li>\n<li>La inscripci\u00f3n de la inhibici\u00f3n a los efectos de conferirle publicidad.<\/li>\n<li>Las circunstancias relevantes para la evaluaci\u00f3n de los efectos particulares en cada caso espec\u00edfico: grado de determinaci\u00f3n o indeterminaci\u00f3n del cr\u00e9dito, patrimonio del inhibido, naturaleza del cr\u00e9dito protegido, colisi\u00f3n con otros cr\u00e9ditos del inhibido y su naturaleza y escalas de prelaci\u00f3n o subordinaci\u00f3n, situaciones de urgencia o extrema necesidad o riesgo, etc.<\/li>\n<\/ol>\n<p>En base a esta estructura, en el presente estudio emplear\u00e9 el vocablo inhibici\u00f3n exclusivamente para referirme a la sentencia que la impone, ya que la inscripci\u00f3n se realiza al solo efecto de conferirle publicidad.<\/p>\n<p>&nbsp;<\/p>\n<a class=\"mwm-aal-item\" name=\"12-definicion\"><\/a><h3>1.2. Definici\u00f3n<\/h3>\n<p>La doctrina destaca las notas fundamentales:<\/p>\n<ul>\n<li>Arazi y Fenochietto <a id=\"footnote-136346-1-backlink\" class=\"footnote\" href=\"#footnote-136346-1\">1<\/a> consideran que es una medida cautelar por la cual, una vez trabada, el deudor no puede enajenar los bienes que tiene inscriptos en los respectivos registros.<\/li>\n<li>Berizonce, Morello y Sosa <a id=\"footnote-136346-2-backlink\" class=\"footnote\" href=\"#footnote-136346-2\">2<\/a> expresan que la medida afecta la disponibilidad (venta o gravamen) de los derechos reales sobre bienes registrables que integran el patrimonio. Agregan que comprende no solamente los inmuebles, sino todos los otros bienes del deudor que cuenten con una forma espec\u00edfica de registraci\u00f3n y publicidad (fondo de comercio, dep\u00f3sitos bancarios, automotores, prenda con registro, etc.). Y es as\u00ed \u2013expresan\u2013 porque la norma no alude espec\u00edficamente a inmuebles, sino a los bienes del deudor en cuanto sea posible individualizarlos a trav\u00e9s de inscripciones en los registros de publicidad. Tampoco confiere preferencia alguna en el pago con otra inhibici\u00f3n.<\/li>\n<\/ul>\n<p>De las opiniones descriptas surge que la inhibici\u00f3n general de bienes, como caracter\u00edstica gen\u00e9rica y abstracta, es una limitaci\u00f3n parcial a la facultad de disponer bienes registrables, dictada judicialmente con la finalidad preventiva de proteger derechos subjetivos frente a un riesgo ocasionado por el incumplimiento de obligaciones contra\u00eddas.<\/p>\n<p>&nbsp;<\/p>\n<a class=\"mwm-aal-item\" name=\"2-efectos\"><\/a><h2>2. Efectos<\/h2>\n<p>Una primera consideraci\u00f3n sobre los efectos de la inhibici\u00f3n general es visualizar que la pregunta con este grado de generalizaci\u00f3n y ausencia de circunstancias solo permite una respuesta con el mismo grado de generalidad y abstracci\u00f3n, o sea, una respuesta parcial, incompleta. La cuesti\u00f3n adquiere la precisi\u00f3n que el tema requiere al preguntarse cu\u00e1l es el efecto de la inhibici\u00f3n general en el cuadro de circunstancias que el caso exhibe.<\/p>\n<p>Los efectos de la inhibici\u00f3n se perfilan en base a tres elementos:<\/p>\n<ul>\n<li>a) La causa que provoca la afectaci\u00f3n, que en el tema en examen es la causa de la inhibici\u00f3n general de bienes.<\/li>\n<li>b) El elemento jur\u00eddico afectado referido al sujeto.<\/li>\n<li>c) Las circunstancias de cada caso.<\/li>\n<\/ul>\n<p>&nbsp;<\/p>\n<a class=\"mwm-aal-item\" name=\"21-causa-de-la-afectacion\"><\/a><h3>2.1. Causa de la afectaci\u00f3n<\/h3>\n<a class=\"mwm-aal-item\" name=\"211-en-cuanto-a-su-fuente\"><\/a><h4>2.1.1. En cuanto a su fuente<\/h4>\n<ul>\n<li>a) La ley, que limita facultades de disposici\u00f3n por diferentes causas: inherentes al sujeto (incapacidad o disminuci\u00f3n de la capacidad) por un estado jur\u00eddico de la persona en raz\u00f3n de su conducta (penados, fallidos, menores emancipados) o de cierta posici\u00f3n de administradores, funcionarios judiciales y administrativos respecto de los bienes bajo su custodia.<\/li>\n<li>b) Conflictos de intereses sometidos a una instancia judicial, que a su vez puede originarse en el caso espec\u00edfico por causas de orden p\u00fablico (p. ej.: il\u00edcitos) o para tutelar intereses privados, o evitar da\u00f1os, etc.<\/li>\n<li>c) Convenciones de los sujetos en ejercicio de la autonom\u00eda privada: limitaci\u00f3n a la facultad de disposici\u00f3n plena del derecho de propiedad por servidumbre, concesi\u00f3n de usufructo, pactos de indivisi\u00f3n de bienes, etc.<\/li>\n<\/ul>\n<p>&nbsp;<\/p>\n<a class=\"mwm-aal-item\" name=\"211-en-cuanto-a-su-causa\"><\/a><h4>2.1.1. En cuanto a su causa<\/h4>\n<ul>\n<li>a) Una limitaci\u00f3n psicof\u00edsica de un sujeto (incapaz o disminuido en su capacidad).<\/li>\n<li>b) Una situaci\u00f3n gen\u00e9rica o global del sujeto debido a sanciones jur\u00eddicas derivadas de su conducta (fallidos, penados).<\/li>\n<li>c) Alg\u00fan acto il\u00edcito singular.<\/li>\n<li>d) El incumplimiento de obligaciones en las cuales est\u00e1 comprometido el orden p\u00fablico (p. ej.: art.\u00a01361 <a href=\"http:\/\/servicios.infoleg.gob.ar\/infolegInternet\/verNorma.do?id=109481\" target=\"_blank\">CCIV<\/a>, actos prohi\u00adbidos para funcionarios p\u00fablicos [compra de un bien del Estado o de las municipalidades de cuya administraci\u00f3n o venta est\u00e9n encargados], o para abogados, jueces, fiscales, defensores de menores, procuradores, tasadores [compra de los bienes que estuvieren en litigio ante el juzgado o tribunal ante el cual ejerciesen o hubieran ejercido su respectivo ministerio], etc.)<\/li>\n<li>e) Incumplimientos de obligaciones generadas en el ejercicio de la autonom\u00eda privada en los cuales se trata exclusivamente de intereses privados.<\/li>\n<\/ul>\n<p>La incidencia de la causa es de profunda relevancia en el tema en estudio: la naturaleza de la causa de la inhibici\u00f3n es la que delimita sus efectos y, por ello, es que estos son diferentes seg\u00fan la causa.<\/p>\n<p>&nbsp;<\/p>\n<a class=\"mwm-aal-item\" name=\"22-elemento-juridico-afectado\"><\/a><h3>2.2. Elemento jur\u00eddico afectado<\/h3>\n<a class=\"mwm-aal-item\" name=\"221-capacidad-de-derecho-y-capacidad-de-ejercicio\"><\/a><h4>2.2.1. Capacidad de derecho y capacidad de ejercicio<\/h4>\n<p>La capacidad de derecho es un atributo de las personas, conferido \u2013m\u00e1s bien reconocido\u2013 por el ordenamiento jur\u00eddico de modo abstracto y gen\u00e9rico, del mismo modo que se refiere a la ciudadan\u00eda, a los estados de familia, etc., sin aplicaci\u00f3n directa a casos y circunstancias particulares. La capacidad de ejercicio tambi\u00e9n es un reconocimiento gen\u00e9rico y abstracto del sistema jur\u00eddico, reglamentada con normas espec\u00edficas referidas a los menores de edad, incapaces o disminuidos, etc.<\/p>\n<p>La doctrina es coincidente sobre el punto:<\/p>\n<ul>\n<li>Messineo expresa que el contenido propio del derecho subjetivo es ante todo, un poder jur\u00eddico de la voluntad, concedido por el ordenamiento jur\u00eddico al sujeto. <a id=\"footnote-136346-3-backlink\" class=\"footnote\" href=\"#footnote-136346-3\">3<\/a> La capacidad de disponer es una subespecie de la capacidad general para obrar. La capacidad para disponer es siempre general, estos es, no est\u00e1 limitada a actos singulares o a bienes singulares.<\/li>\n<li>Compagnucci de Caso explica que debe distinguirse entre capacidad de hecho o incapacidad natural o falta de aptitud del sujeto para ejercer el derecho y la incapacidad de derecho o incapacidad legal, que es la restricci\u00f3n impuesta por la ley a determinados sujetos para ser titulares de derechos. <a id=\"footnote-136346-4-backlink\" class=\"footnote\" href=\"#footnote-136346-4\">4<\/a><\/li>\n<li>Betti <a id=\"footnote-136346-5-backlink\" class=\"footnote\" href=\"#footnote-136346-5\">5<\/a> afirma que los presupuestos del negocio se agrupan en tres categor\u00edas, seg\u00fan afecten: a) al sujeto del negocio (capacidad), b) al objeto del negocio, c) a la situaci\u00f3n del sujeto con respecto al objeto (legitimaci\u00f3n para el negocio).<\/li>\n<\/ul>\n<a class=\"mwm-aal-item\" name=\"-\"><\/a><h3>\u00a0<\/h3>\n<a class=\"mwm-aal-item\" name=\"222-facultades-o-poderes-que-integran-la-capacidad-de-ejercicio\"><\/a><h4>2.2.2. Facultades o poderes que integran la capacidad de ejercicio<\/h4>\n<p>La capacidad de ejercicio se desarrolla y estructura a trav\u00e9s de numerosas facultades espec\u00edficas que la integran. A modo de ejemplo:<\/p>\n<ul>\n<li>a) Facultad de disponer<\/li>\n<li>b) Facultad de administrar<\/li>\n<li>c) Facultad de contratar<\/li>\n<li>d) Facultad para celebrar actos jur\u00eddicos<\/li>\n<li>e) Facultad para transmitir bienes<\/li>\n<\/ul>\n<p>A su vez, cada una de las facultades, puede disgregarse en niveles:<\/p>\n<ul>\n<li>a) Niveles de tipos de bienes<\/li>\n<li>b) Niveles de importancia o trascendencia<\/li>\n<li>c) Niveles de hechos, actos, contratos<\/li>\n<\/ul>\n<p>No puede privarse de modo absoluto la capacidad de ejercicio. Algunos autores consideran que en los casos en los cuales se limita el ejercicio de facultades de disposici\u00f3n, opera un defecto de legitimaci\u00f3n por parte del sujeto. La doctrina no es coincidente con respecto al encuadre de este requisito de los actos jur\u00eddicos:<\/p>\n<ul>\n<li>Barbero considera que pr\u00f3ximo al concepto de la condici\u00f3n de capacidad, es el concepto y la condici\u00f3n de legitimaci\u00f3n para obrar. La capacidad, expresa, significa proposici\u00f3n de idoneidad del sujeto para un tipo de acto, conmensurado al desarrollo ps\u00edquico adquirido. Legitimaci\u00f3n significa proporci\u00f3n de idoneidad para un acto singular, conmensurado a favor de circunstancias particulares del caso y distintas en cada caso. Opina que en esta categor\u00eda est\u00e1 incluida la condici\u00f3n del fallido, quien no queda inid\u00f3neo para todos los actos, sino solo para aquellos bienes comprendidos en la quiebra <a id=\"footnote-136346-6-backlink\" class=\"footnote\" href=\"#footnote-136346-6\">6<\/a> respecto a los cuales queda privado de legitimaci\u00f3n.<\/li>\n<li>Cariota Ferrara <a id=\"footnote-136346-7-backlink\" class=\"footnote\" href=\"#footnote-136346-7\">7<\/a> sostiene que el t\u00e9rmino <em>legitimaci\u00f3n<\/em> tiene varios sentidos. Expresa que legitimaci\u00f3n es la espec\u00edfica posici\u00f3n de un sujeto con respecto a ciertos bienes o intereses, por la que su declaraci\u00f3n de voluntad puede ser operante respecto de estos; en otros t\u00e9rminos, una particular relaci\u00f3n del sujeto con el objeto del negocio o de otro acto jur\u00eddico. La legitimaci\u00f3n se distingue de la capacidad en que no expresa una particular relaci\u00f3n sino una aptitud intr\u00ednseca del sujeto.<\/li>\n<li>Betti <a id=\"footnote-136346-8-backlink\" class=\"footnote\" href=\"#footnote-136346-8\">8<\/a> define la legitimaci\u00f3n como la competencia del sujeto para alcanzar o soportar los efectos propios de la reglamentaci\u00f3n de intereses a que se ha aspirado, la que resulta de una determinada posici\u00f3n del sujeto con respecto a los intereses que se trata de regular.<\/li>\n<li>Ladaria Caldentey <a id=\"footnote-136346-9-backlink\" class=\"footnote\" href=\"#footnote-136346-9\">9<\/a> se ocupa de perfilar el concepto de legitimaci\u00f3n del siguiente modo:<\/li>\n<\/ul>\n<p style=\"padding-left: 60px;\">a) Capacidad jur\u00eddica es la aptitud gen\u00e9rica de la persona para ser sujeto o titular de relaciones jur\u00eddicas, mientras que la capacidad de obrar es la idoneidad para realizar un acto jur\u00eddico, inferida de las cualidades personales.<br \/>b) La legitimaci\u00f3n es la idoneidad de la persona para realizar un acto jur\u00eddico, inferida de su posici\u00f3n con respecto al acto. Implica el resultado de una comparaci\u00f3n entre un acto determinado y un poder jur\u00eddico de obrar.<\/p>\n<p>Al referirse el autor al tema de este estudio, expresa que se trata de prohi\u00adbiciones, o sea, aquellas limitaciones no institucionales impuestas a una persona por la ley, por decisiones judiciales o administrativas o en negocios jur\u00eddicos y que afectan la posibilidad de realizar determinados actos o su licitud.<\/p>\n<p>M\u00e1s all\u00e1 de las denominaciones, siempre imprecisas por efecto de la ambig\u00fcedad y vaguedad del lenguaje, <a id=\"footnote-136346-10-backlink\" class=\"footnote\" href=\"#footnote-136346-10\">10<\/a> considero que la distinci\u00f3n a la cual se apunta y que resulta \u00fatil para este estudio es la separaci\u00f3n de aquellos impedimentos propios de la situaci\u00f3n psicof\u00edsica del sujeto y de otros impedimentos que encuentran su fundamento en elementos exteriores y que, adem\u00e1s, son muy numerosos y basados en diversos fundamentos. Desde esta perspectiva, en vez de esforzarse en ubicar el tema dentro de una clasificaci\u00f3n determinada \u2013esfuerzo muchas veces est\u00e9ril, porque alguna caracter\u00edstica no siempre coincide con al concepto buscado\u2013, es preferible describir las caracter\u00edsticas de la situaci\u00f3n en examen y sus consecuencias.<\/p>\n<p>De esta manera, basta precisar que la traba de inhibici\u00f3n limita alguna de las facultades de disposici\u00f3n del sujeto afectado y dentro de los l\u00edmites del inter\u00e9s protegido por dicha medida. Tambi\u00e9n debe destacarse que (salvo el caso de la inhibici\u00f3n dictada en protecci\u00f3n de incapaces o disminuidos) la inhibici\u00f3n no reconoce su causa en la aptitud psicof\u00edsica del inhibido.<\/p>\n<p>&nbsp;<\/p>\n<a class=\"mwm-aal-item\" name=\"23-las-circunstancias-del-caso\"><\/a><h3>2.3. Las circunstancias del caso<\/h3>\n<p>En el plano espec\u00edfico de cada caso, el efecto est\u00e1 subordinado a una gran variedad de circunstancias, entre las que pueden destacarse:<\/p>\n<ol>\n<li>El inter\u00e9s protegido, su naturaleza, el monto econ\u00f3mico (determinado o indeterminado).<\/li>\n<li>El grado de avance de las actuaciones judiciales promovidas para la defensa del inter\u00e9s.<\/li>\n<li>La colisi\u00f3n de la inhibici\u00f3n general con otros intereses (comprador de alguno de los bienes afectados por la inhibici\u00f3n), otros acreedores del afectado, c\u00f3nyuge, legitimarios, etc.<\/li>\n<li>El grado de urgencia propio de dicha colisi\u00f3n de intereses (p. ej.: inhibici\u00f3n por un monto determinado y m\u00ednimo que impide la transmisi\u00f3n de dominio de un inmueble muy valioso).<\/li>\n<li>Circunstancias de tiempo y lugar (feria judicial, huelgas).<\/li>\n<li>Patrimonio del afectado, o sea, su aptitud para responder con varios bienes al inter\u00e9s protegido.<\/li>\n<li>Posibilidad o imposibilidad de poder acreditar objetivamente el valor de bienes que integran el patrimonio del afectado, y el monto de la obligaci\u00f3n a la que responde la inhibici\u00f3n.<\/li>\n<li>Existencia de riesgos que exceden el factor econ\u00f3mico: actos il\u00edcitos, irregulares, situaciones muy complejas, etc.<\/li>\n<\/ol>\n<p>La variedad de factores relevantes, que excede largamente los expuestos, permite apreciar que es imposible o t\u00e9cnicamente procedente definir en abstracto y de modo anticipado dichos efectos, porque dependen de una extraordinaria cantidad e intensidad de circunstancias. Considero que de modo general y abstracto solo pueden mencionarse algunas notas caracterizadoras muy amplias, que quedan subordinadas al caso espec\u00edfico.<\/p>\n<p>&nbsp;<\/p>\n<a class=\"mwm-aal-item\" name=\"3-la-ausencia-de-inhibicion-como-condicion-para-la-matricula-profesional\"><\/a><h2>3. La ausencia de inhibici\u00f3n como condici\u00f3n para la matr\u00edcula profesional<\/h2>\n<p>Los requisitos exigidos a quienes aspiran a ejercer actividades profesionales est\u00e1n ba\u00adsados en tutelar el acceso de dichas actividades o funciones en la medida en que dichos requisitos exhiban o exterioricen faltas, infracciones o signos de ausencia de moralidad, equilibrio, \u00e9tica, prudencia para dirigir su vida. As\u00ed, la sola existencia de inhibiciones, como \u00fanico elemento de juicio, es insuficiente y arbitraria. Aquello que cuenta para la evaluaci\u00f3n del aspirante no es el resultado (la inhibici\u00f3n), sino la causa que la ha originado y, adem\u00e1s, la intensidad o gravedad de dicha causa.<\/p>\n<p>Solo aquellas causas que indican falta estricta de los requisitos de honradez, equilibrio personal, claridad de juicio u otros elementos que las normas que regulan las actividades profesionales o funcionales determinan pueden generar el rechazo del aspirante. Este fundamento ha sido expuesto en el caso jurisprudencial \u201cBanco R\u00edo de la Plata SA c\/ Modernell de Etchart, Teresita\u201d:<\/p>\n<blockquote>\n<p>\u2026\u00a0la inhibici\u00f3n general de bienes es una medida cautelar que impide gen\u00e9ricamente gravar o enajenar bienes registrables, y que no se produce una afectaci\u00f3n a la persona, sino solamente a los bienes [\u2026] no obstante ello, en los hechos la inhibici\u00f3n determina la imposibilidad de desenvolver cierto tipo de actividades como, por ejemplo, inscribirse en los Registros P\u00fablicos como comerciante, u obtener habilitaci\u00f3n para desempe\u00f1ar profesiones de martillero o corredor. Esto se traduce en una ampliaci\u00f3n de las tradicionales fronteras del instituto, que nos llevan a sostener que el descr\u00e9dito o desconfianza que implica para quien padece una interdicci\u00f3n termina por configurar una incapacidad temporaria para el ejercicio de determinados actos. <a id=\"footnote-136346-11-backlink\" class=\"footnote\" href=\"#footnote-136346-11\">11<\/a><\/p>\n<\/blockquote>\n<p><strong>\u00a0<\/strong><\/p>\n<a class=\"mwm-aal-item\" name=\"4-solo-los-bienes-registrables\"><\/a><h2><strong>4. \u00bfSolo los bienes registrables?<\/strong><\/h2>\n<p>A partir de la naturaleza de esta clase de medidas cautelares, solo los bienes registrables est\u00e1n alcanzados. <a id=\"footnote-136346-12-backlink\" class=\"footnote\" href=\"#footnote-136346-12\">12<\/a> Con una especial precisi\u00f3n, Pagnacco <a id=\"footnote-136346-13-backlink\" class=\"footnote\" href=\"#footnote-136346-13\">13<\/a> expresa<\/p>\n<blockquote>\n<p>\u2026\u00a0los efectos de la inhibici\u00f3n general son intraregistrales, es decir que impide la disposici\u00f3n de aquellos bienes inscriptos en el Registro respectivo. En consecuencia solo impide la disposici\u00f3n de los bienes registrables (los que no pueden transmitirse, cederse o gravarse sin que el Registro expida previamente la certificaci\u00f3n del estado de dominio o afectaci\u00f3n de ellos) Esta \u00faltima expresi\u00f3n, entre par\u00e9ntesis, es muy precisa, porque deja fuera de los efectos el caso de aquellos registros de bienes en los cuales no se ha previsto un r\u00e9gimen obligatorio de pedido de certificados\u2026<\/p>\n<\/blockquote>\n<p>No obstante, aclara este autor, la jurisprudencia ha extendido la admisi\u00f3n de la medida a otros bienes que cuentan con una forma espec\u00edfica de registraci\u00f3n, tales como fondos de comercio, cr\u00e9ditos prendarios, dep\u00f3sitos bancarios.<\/p>\n<p>He sostenido que la inhibici\u00f3n general afecta parcialmente las facultades de disposici\u00f3n en la extensi\u00f3n y medida del inter\u00e9s afectado o protegido. Una privaci\u00f3n absoluta de las facultades de disposici\u00f3n implicar\u00eda, por una incapacidad gen\u00e9rica de ejercicio, una prohi\u00adbici\u00f3n incompatible con la naturaleza de esta clase de medidas. <a id=\"footnote-136346-14-backlink\" class=\"footnote\" href=\"#footnote-136346-14\">14<\/a><\/p>\n<p>Adem\u00e1s, he agregado que hasta se vulnerar\u00edan principios metajur\u00eddicos, tales como la aptitud de los sujetos para ser titulares de derechos, y de la proporcionalidad de las sanciones jur\u00eddicas (sanci\u00f3n en sentido amplio). Aun los penados y los fallidos conservan la facultad para realizar al menos aquellos peque\u00f1os contratos de la vida cotidiana y solo est\u00e1n privados de realizar aquellos actos vinculados a la causa de la inhibici\u00f3n.<\/p>\n<p>&nbsp;<\/p>\n<a class=\"mwm-aal-item\" name=\"5-especialidad-de-los-registros-publicos\"><\/a><h2><strong>5. Especialidad de los registros p\u00fablicos<\/strong><\/h2>\n<a class=\"mwm-aal-item\" name=\"51-breves-acotaciones-con-respecto-a-los-registros-de-bienes\"><\/a><h3>5.1. Breves acotaciones con respecto a los registros de bienes<\/h3>\n<p>La registraci\u00f3n de bienes forma parte de la estructura aplicable al subsistema jur\u00eddico de transmisi\u00f3n de bienes de cada ordenamiento (sistema general). Por ello, debe integrarse y armonizarse con los elementos esenciales de dicho sistema, o sea, t\u00edtulo y modo, y respetando el peso relativo de cada uno de estos elementos.<\/p>\n<p>B\u00e1sicamente, el t\u00edtulo alude a la causa de la adquisici\u00f3n; el modo, a la manera en la cual efectivamente el adquirente accede a la disposici\u00f3n f\u00edsica o material del bien. Tanto el t\u00edtulo como el modo tienen su particular y limitada esfera de publicidad: aquellos han presenciado o han sido informados de la existencia de uno u otro. El conocimiento del t\u00edtulo o del modo genera oponibilidad, ya que quien ha quedado enterado de la existencia de alguno de estos elementos no puede pretender ignorar su existencia y debe respetar dicha existencia.<\/p>\n<p>Debe acotarse \u2013aun dentro de la brevedad de estas notas esenciales\u2013 que los terceros interesados, aunque exista la registraci\u00f3n, no quedan eximidos de realizar averiguaciones pragm\u00e1ticas (estudio de t\u00edtulos, verificar las relaciones posesorias de los bienes, etc.). Por ello, los registros de bienes facilitan pero no garantizan la existencia, validez o eficacia de los derechos reales sobre los bienes. Expanden la publicidad; en la gran mayor\u00eda, con car\u00e1cter declarativo; en algunos, constitutivo (p. ej.: el registro de automotores).<\/p>\n<p>Por regla general, los registros de bienes son locales. Si en dichos registros existen secciones de anotaciones personales, dichas anotaciones son complementarias de la publicidad, pero en la medida que refieren a los bienes objeto de la registraci\u00f3n. Nuevamente: si se aspira a la publicidad de medidas referidas a los ciudadanos y personas jur\u00eddicas, debe crearse un registro nacional con espec\u00edfica regulaci\u00f3n de los efectos de dicha inscripci\u00f3n o anotaci\u00f3n.<\/p>\n<p>En este cuadro de situaci\u00f3n, resulta claro que los registros de bienes han sido creados para facilitar, a trav\u00e9s de los datos que surgen de sus asientos, la <em>cognoscibilidad<\/em> del estado jur\u00eddico de ciertos bienes por parte de los terceros interesados de buena fe, que de esta manera no quedan exclusivamente obligados a averiguarlo con diligencias pragm\u00e1ticas.<\/p>\n<p>Estas breves notas apuntan a perfilar el rol de los registros de bienes: la facilidad de acceso al conocimiento \u2013no excluyente de otras diligencias\u2013 del estado jur\u00eddico de ciertos bienes seleccionados por el legislador. Tambi\u00e9n permiten deducir la especialidad de cada registro y que la informaci\u00f3n que proporciona est\u00e1 limitada en sus efectos jur\u00eddicos a la clase de bienes de que se trate. Por ello, no procede t\u00e9cnicamente (con alcance constitucional) pretender expandir los efectos en cuanto a oponibilidad a otros bienes y menos a\u00fan a los sujetos. Si se pretende obtener oponibilidad de todas aquellas medidas que alcancen a los sujetos, debe crearse un registro nacional, en el cual deber\u00e1 delimitarse con extrema precisi\u00f3n el efecto de las inscripciones o anotaciones, ya que la naturaleza de los registros y sus alcances inciden de modo directo en la estructura normativa de la transmisi\u00f3n de bienes.<\/p>\n<p>&nbsp;<\/p>\n<a class=\"mwm-aal-item\" name=\"52-concepto-de-especialidad\"><\/a><h3>5.2. Concepto de especialidad<\/h3>\n<p>El concepto de especialidad de los registros de bienes se integra con otros dos conceptos: a) la especialidad de la funci\u00f3n; b) la especialidad de la competencia atribuida al \u00f3rgano registral espec\u00edfico.<\/p>\n<p>&nbsp;<\/p>\n<a class=\"mwm-aal-item\" name=\"521-especialidad-de-las-funciones-publicas-en-general\"><\/a><h4>5.2.1. Especialidad de las funciones p\u00fablicas en general<\/h4>\n<p>El concepto de funci\u00f3n p\u00fablica deriva de la fragmentaci\u00f3n del poder originario constituyente. La primera divisi\u00f3n es cl\u00e1sica, tradicional: funci\u00f3n legislativa, administrativa, judicial. Cada una de ellas se subdivide en tantas \u201cfracciones\u201d como las que el desarrollo y aplicaci\u00f3n de cada funci\u00f3n requiere.<\/p>\n<p>Una de las caracter\u00edsticas esenciales de la funci\u00f3n y sus subdivisiones es la especialidad o tipicidad:<\/p>\n<ul>\n<li>a) No hay funciones id\u00e9nticas; cada una tiene su particular conformaci\u00f3n estructural.<\/li>\n<li>b) Como nota delimitadora de la funci\u00f3n, deben respetarse imperativas limitaciones en cuanto a la materia u objeto de la decisi\u00f3n. <a id=\"footnote-136346-15-backlink\" class=\"footnote\" href=\"#footnote-136346-15\">15<\/a><\/li>\n<\/ul>\n<p>El requisito de la especialidad de las funciones p\u00fablicas no solo se fundamenta en la necesidad garantista de dividir el ejercicio de las funciones, sino tambi\u00e9n en una necesidad t\u00e9cnica: cada singularidad requiere conocimientos, destrezas y experiencia propios de la necesidad p\u00fablica que debe ser satisfecha. Este requisito implica, adem\u00e1s, el respeto a las singularidades locales propias de cada especialidad. Es lo que sucede con los registros de bienes: la funci\u00f3n espec\u00edfica que cumplen es la requerida para garantizar la publicidad de actos y, en su caso, hechos relevantes para dicha publicidad. Por tales motivos, si los registros de bienes cuentan con secciones de inscripciones personales, estas son complementarias y accesorias de dichos bienes y, por ello, la publicidad es espec\u00edfica con respecto a los bienes registrados.<\/p>\n<p>La especialidad de la funci\u00f3n registral consiste en dar publicidad a los actos (en algunos casos, hechos o situaciones jur\u00eddicas que la norma que la ha creado establezca con respecto a la clase de bienes de que se trate). Por sus caracter\u00edsticas, esta referencia conceptual es amplia, gen\u00e9rica y solo define la esencia de la funci\u00f3n. La funci\u00f3n \u2013como luego veremos\u2013 es atribuida al \u00f3rgano (entidad impersonal, abstracta), cuyo agente o agentes titulares la ejercer\u00e1n conforme a normas reglamentarias que establecen con mayor precisi\u00f3n el modo concreto y espec\u00edfico que cada registro debe cumplir (competencia).<\/p>\n<p>&nbsp;<\/p>\n<a class=\"mwm-aal-item\" name=\"522-especialidad-como-elemento-de-la-competencia-del-organo-registral\"><\/a><h4>5.2.2. Especialidad como elemento de la competencia del \u00f3rgano registral<\/h4>\n<p>Las funciones p\u00fablicas, como una de las muchas medidas garantistas de los ciudadanos, se confieren a \u00f3rganos, no a personas. La funci\u00f3n p\u00fablica registral se adjudica los registros (depositarios de la funci\u00f3n). El ejercicio de la funci\u00f3n atribuida al \u00f3rgano es efectuado por los agentes.<\/p>\n<p>La competencia es la extensi\u00f3n de la potencialidad del \u00f3rgano. <a id=\"footnote-136346-16-backlink\" class=\"footnote\" href=\"#footnote-136346-16\">16<\/a> Solo puede dictar un acto el \u00f3rgano que tiene atribuida la competencia. En este sentido, las notas que la doctrina <a id=\"footnote-136346-17-backlink\" class=\"footnote\" href=\"#footnote-136346-17\">17<\/a> atribuye a la competencia son:<\/p>\n<ul>\n<li>a) Debe surgir de una norma expresa.<\/li>\n<li>b) La competencia es excepci\u00f3n, la incompetencia es la regla.<\/li>\n<li>c) La observancia de la competencia es esencial para la validez del acto.<\/li>\n<li>d) Es improrrogable e indelegable.<\/li>\n<li>e) Es irrenunciable.<\/li>\n<li>f) Se encuentra afectada al principio de especialidad, ya que los \u00f3rganos solo pueden actuar para el cumplimiento de los fines que motivaron su creaci\u00f3n.<\/li>\n<\/ul>\n<p>En virtud de estas pautas, la competencia propia de los registros de bienes no puede extenderse v\u00e1lidamente a otros fines (p. ej.: la publicidad de todas aquellas interdicciones que pueden ser aplicadas a los sujetos, ya que este efecto solo puede surgir de un \u00f3rgano creado para tales fines).<\/p>\n<p>Complementariamente, si se aspira a un registro de situaciones jur\u00eddicas referidas a las personas, este no solo debe ser nacional para su eficacia, sino que los alcances de sus inscripciones, sus efectos, deben estar determinados por la norma de creaci\u00f3n con extrema precisi\u00f3n y detalle, por el impacto de dicha publicidad en el r\u00e9gimen de transmisi\u00f3n de bienes. La garant\u00eda constitucional debida a los ciudadanos exige normas claras, precisas, para poder ejercer sus derechos con certeza. Por todo ello, sostengo que las inscripciones personales de los registros de bienes solo tienen efecto para los bienes que constituyen el objeto de cada registro.<\/p>\n<p>&nbsp;<\/p>\n<a class=\"mwm-aal-item\" name=\"523-normas-especificas\"><\/a><h4>5.2.3. Normas espec\u00edficas<\/h4>\n<p>La <a href=\"http:\/\/servicios.infoleg.gob.ar\/infolegInternet\/verNorma.do?id=53050\" target=\"_blank\">Ley 17801<\/a>, que configura el marco general de los registros inmobiliarios, en su ar\u00adt\u00edcu\u00adlo primero determina que \u201cquedan sujetos al r\u00e9gimen de la presente ley los registros de la propiedad inmueble existentes en cada provincia\u201d. Este p\u00e1rrafo indica la especialidad del registro: regula los registros inmobiliarios. Asimismo, la especialidad se reitera en su ar\u00adt\u00edcu\u00adlo 2, que expresa: \u201c\u2026\u00a0de acuerdo con lo dispuesto por los ar\u00adt\u00edcu\u00adlos 2505, 3135 y concordantes del <a href=\"http:\/\/www.infoleg.gob.ar\/infolegInternet\/verNorma.do?id=109481\" target=\"_blank\">C\u00f3digo Civil<\/a>, para su publicidad, oponibilidad a terceros y dem\u00e1s previsiones\u201d. Las normas citadas remiten al r\u00e9gimen de actos sobre bienes inmuebles. Finalmente, rubrica la especialidad el inciso ar\u00adt\u00edcu\u00adlo b): \u201c\u2026\u00a0los que dispongan [\u2026] inhibiciones\u201d, ya que dichas anotaciones son subsidiarias con respecto a los bienes inmuebles.<\/p>\n<p>En el Cap\u00edtulo VI, \u201cRegistro de anotaciones personales\u201d, ar\u00adt\u00edcu\u00adlo 31, la ley establece que \u201ccuando fuere procedente, las anotaciones mencionadas en el ar\u00adt\u00edcu\u00adlo anterior deber\u00e1n ser relacionadas con el folio del inmueble a que corresponda\u201d. Nuevamente se reitera dicha especialidad en la segunda parte del ar\u00adt\u00edcu\u00adlo 31: \u201cEn cuanto sea compatible, les ser\u00e1n aplicables las disposiciones establecidas en esta ley para la matriculaci\u00f3n de inmuebles e inscripci\u00f3n del documento que a ello se refiera\u201d.<\/p>\n<p>Ventura <a id=\"footnote-136346-18-backlink\" class=\"footnote\" href=\"#footnote-136346-18\">18<\/a> expres\u00f3:<\/p>\n<blockquote>\n<p>\u2026\u00a0aunque se trate de anotaciones personales, como reza el t\u00edtulo del Cap\u00edtulo VI de la ley 17801, es innegable la vinculaci\u00f3n que tienen dichos registros con los derechos reales registrados. Se trata en general de derechos personales, pero con una verdadera vocaci\u00f3n de derecho real. Sus metas est\u00e1n m\u00e1s dirigidas a las cosas mismas que a las personas de sus propietarios\u2026<\/p>\n<\/blockquote>\n<p>Adem\u00e1s de los textos comentados, cabe agregar un argumento conceptual. Si los registros de bienes hubieran creado en sus secciones de anotaciones personales un sistema de publicidad de situaci\u00f3n jur\u00eddica de los sujetos, siendo locales: \u00bfc\u00f3mo cumplir\u00edan esa funci\u00f3n?; \u00bfqu\u00e9 operaci\u00f3n jur\u00eddica deber\u00eda desarrollar quien desea obtener certeza sobre la situaci\u00f3n jur\u00eddica de un sujeto: pedir un certificado en cada provincia?; \u00bfc\u00f3mo obtener la vigencia de dichos certificados con diferentes regulaciones locales, plazos de vigencia, plazos de expedici\u00f3n?; \u00bfes racional esta estructura?; \u00bfotorga protecci\u00f3n jur\u00eddica?; \u00bfes resultado l\u00f3gico de los avances doctrinarios sobre los temas registrales?<\/p>\n<p>&nbsp;<\/p>\n<a class=\"mwm-aal-item\" name=\"6-anotacion-en-un-registro-de-bienes-se-expande-automaticamente-con-respecto-a-otros-registros-de-bienes\"><\/a><h2><strong>6. Anotaci\u00f3n en un registro de bienes, \u00bfse expande autom\u00e1ticamente con respecto a otros registros de bienes?<\/strong><\/h2>\n<p>A partir del concepto de especialidad que he descripto, que es de interpretaci\u00f3n restrictiva e impide la analog\u00eda, no hay tal expansi\u00f3n. El interesado que pretende afectar bienes deber\u00e1 inscribir la inhibici\u00f3n en todos los registros de bienes. Reitero que la capacidad de ejercicio no puede limitarse de modo gen\u00e9rico, ni en mayor extensi\u00f3n que la del inter\u00e9s que ha generado la medida cautelar.<\/p>\n<p>&nbsp;<\/p>\n<a class=\"mwm-aal-item\" name=\"7-la-inhibicion-general-de-bienes-anotada-en-un-registro-de-bienes-local-impide-la-disposicion-de-bienes-ubicados-en-otras-demarcaciones\"><\/a><h2><strong>7. La inhibici\u00f3n general de bienes anotada en un registro de bienes local, \u00bfimpide la disposici\u00f3n de bienes ubicados en otras demarcaciones?<\/strong><\/h2>\n<p>La respuesta es negativa. Por el principio de especialidad que vengo tratando, la afectaci\u00f3n solo tiene efectos en la demarcaci\u00f3n en la cual ha sido inscripta.<\/p>\n<p>&nbsp;<\/p>\n<a class=\"mwm-aal-item\" name=\"8-disposicion-de-un-bien-registrable-por-parte-de-un-sujeto-afectado\"><\/a><h2><strong>8. Disposici\u00f3n de un bien registrable por parte de un sujeto afectado<\/strong><\/h2>\n<p>\u00bfPuede el inhibido disponer bienes aun existiendo la inhibici\u00f3n general? La respuesta a este interrogante impone considerar los siguientes puntos y, en dicha combinaci\u00f3n, proponer las reglas de prelaci\u00f3n.<\/p>\n<p>&nbsp;<\/p>\n<a class=\"mwm-aal-item\" name=\"81-principio-general\"><\/a><h3>8.1. Principio general<\/h3>\n<p>Como principio general, basado en la competencia exclusiva de los jueces para dictar medidas cautelares y resolver adicionalmente el modo y los recaudos espec\u00edficos en cada causa para disponer su extinci\u00f3n o levantamiento, no pueden efectuarse actos de disposici\u00f3n.<\/p>\n<p>&nbsp;<\/p>\n<a class=\"mwm-aal-item\" name=\"82-casos-extremos\"><\/a><h3>8.2. Casos extremos<\/h3>\n<p>En casos extremos, puede disponerse v\u00e1lidamente de alg\u00fan bien. Los fundamentos de mi opini\u00f3n son los siguientes.<\/p>\n<p style=\"padding-left: 30px;\">1. M\u00e1s all\u00e1 de la versi\u00f3n gramatical de los preceptos, ninguno puede, por las caracter\u00edsticas del ordenamiento jur\u00eddico, imponer sanciones absolutas. La naturaleza de sistema del ordenamiento jur\u00eddico, flexible, abierto, con casi infinitas posibilidades de combinaciones, impide dicha absolutez. Sobre este punto, Gordillo <a id=\"footnote-136346-19-backlink\" class=\"footnote\" href=\"#footnote-136346-19\">19<\/a> ense\u00f1a y advierte:<\/p>\n<blockquote>\n<p>\u2026\u00a0debe recordarse una vez m\u00e1s que constituye una falsa quimera pensar que los casos de derecho tienen una \u00fanica, necesaria, verdadera y v\u00e1lida soluci\u00f3n. [\u2026] As\u00ed, la hip\u00f3tesis de derecho que pudo parecer mejor en determinado momento puede en definitiva llegar a no serlo por infinitas razones: imperfecta apreciaci\u00f3n de los hechos, incompleto conocimiento de ellos, dificultades o fracasos en la obtenci\u00f3n de la prueba conducente a acreditarlos, la propia mutaci\u00f3n de la situaci\u00f3n f\u00e1ctica, de los intereses en juego, de los valores sociales aplicables, incluso de las normas legales o supranacionales, de la jurisprudencia, etc.<\/p>\n<\/blockquote>\n<p>Cita a Cardozo:<\/p>\n<p>\u2026\u00a0las reglas o principios no son soluciones finales, sino hip\u00f3tesis de trabajo: cada nuevo caso es un experimento y si la regla que parece aplicable da un resultado injusto, el resultado debe ser repensado. <a id=\"footnote-136346-20-backlink\" class=\"footnote\" href=\"#footnote-136346-20\">20<\/a><\/p>\n<p>2. Flexibilidad de las soluciones de los conflictos intersubjetivos, tanto en el desarrollo de la vida cotidiana como en los sistemas de convivencia sociales, uno de los cuales es el derecho.<\/p>\n<p>3. Evitar da\u00f1os superiores.<\/p>\n<p>4. Garant\u00edas objetivamente acreditadas de la soluci\u00f3n excepcional.<\/p>\n<p>La excepci\u00f3n que sostengo queda limitada al conjunto de las siguientes circunstancias:<\/p>\n<ol>\n<li>Que exista, como antecedente de la medida cautelar, una determinaci\u00f3n obje\u00adtivamente existente del monto adeudado (deuda l\u00edquida y exigible, monto de\u00adterminado).<\/li>\n<li>Que la causa de la inhibici\u00f3n no provenga de una limitaci\u00f3n psicof\u00edsica del sujeto (caso de los incapaces o disminuidos en su capacidad, etc.), sino de elementos jur\u00eddicos externos.<\/li>\n<li>Que la medida cautelar haya sido dictada en base a un inter\u00e9s econ\u00f3mico privado. Queda fuera de la excepci\u00f3n el caso de haberse originado en base a un inter\u00e9s p\u00fablico (p. ej., il\u00edcito).<\/li>\n<li>Que exista imposibilidad, por las circunstancias y la urgencia, de obtener una medida judicial de levantamiento.<\/li>\n<li>Extrema urgencia objetiva (feria, huelga, fuerza mayor, generaci\u00f3n de un da\u00f1o inminente y grave y objetivamente constatable) en caso de postergarse el acto (contratos firmados con plazos que se vencen, operaciones \u201cencadenadas\u201d, dinero que se necesita para salvar una vida, etc.).<\/li>\n<li>Consentimiento del inhibido y su abogado; del inhibiente y su abogado; si fuera el caso, de otros interesados (acreedores, peritos, etc.) con sus letrados; y, como resultado de dicho acuerdo, retenciones de todos los rubros, monto adeudado, intereses, costas, tasas de justicia, etc., de modo de asegurar todos los intereses desplegados en el expediente.<\/li>\n<li>Que todos los interesados act\u00faen en un marco de buena fe, lealtad y transpa\u00adrencia.<\/li>\n<li>Inmediato dep\u00f3sito judicial una vez pasada la urgencia.<\/li>\n<\/ol>\n<p>Sostengo:<\/p>\n<ul>\n<li>a) El acto es v\u00e1lido porque no existe vicio: traba parcialmente la facultad de disponer en la medida en que la disposici\u00f3n perjudique al interesado.<\/li>\n<li>b) Es un acto condicional en su eficacia, ya que queda subordinado al efectivo cobro de todos los interesados, y a la decisi\u00f3n judicial que as\u00ed lo sentencie.<\/li>\n<li>c) El inter\u00e9s no solo queda protegido sino que se satisface.<\/li>\n<li>d) El acto es inoponible al acreedor de la inhibici\u00f3n hasta que el inter\u00e9s est\u00e9 satis\u00adfecho.<\/li>\n<li>e) El derecho opera para resolver conflictos intersubjetivos. No es absoluto, est\u00e1 al servicio de la convivencia humana. Por ello, no existen preceptos absolutos, todos son relativos.<\/li>\n<\/ul>\n<p>&nbsp;<\/p>\n<a class=\"mwm-aal-item\" name=\"9-dementes-penados-o-fallidos\"><\/a><h2><strong>9. Dementes, penados o fallidos<\/strong><\/h2>\n<p>Hemos expresado en punto anterior que la naturaleza y los efectos de la inhibici\u00f3n general var\u00edan seg\u00fan un conjunto de elementos jur\u00eddicos, por lo cual no es t\u00e9cnicamente adecuado pronunciarse de modo abstracto y gen\u00e9rico. En los casos en los cuales la inhibici\u00f3n procede de la ley sustantiva, adem\u00e1s, var\u00edan las causas de tal imposici\u00f3n.<\/p>\n<p>&nbsp;<\/p>\n<a class=\"mwm-aal-item\" name=\"91-incapaces-o-disminuidos\"><\/a><h3>9.1. Incapaces o disminuidos<\/h3>\n<p>En el caso de los incapaces o disminuidos, la causa de la inhibici\u00f3n es su incapacidad o disminuci\u00f3n de su capacidad. En este caso, la inhibici\u00f3n est\u00e1 destinada a proteger al incapaz o disminuido. Debido a ello, la intervenci\u00f3n judicial no es la generadora de la inhibici\u00f3n, es el C\u00f3digo Civil que consagra la aplicaci\u00f3n de dicha medida. La inscripci\u00f3n de la inhibici\u00f3n solo publicita ese estado del sujeto.<\/p>\n<p>En tales casos, no puede realizarse acto alguno, por estar privado o disminuido el sujeto de un elemento esencial de los actos jur\u00eddicos: la capacidad, salvo a trav\u00e9s del curador designado y con la pertinente autorizaci\u00f3n judicial.<\/p>\n<p>&nbsp;<\/p>\n<a class=\"mwm-aal-item\" name=\"92-penados\"><\/a><h3>9.2. Penados<\/h3>\n<p>En el caso de los penados con sentencia firme, es la causa jur\u00eddica en la que se encuentran. En este caso, la limitaci\u00f3n se basa en la situaci\u00f3n jur\u00eddica del condenado. El C\u00f3digo Penal expresa que la reclusi\u00f3n y la prisi\u00f3n por m\u00e1s de tres a\u00f1os llevan como inherente la inhabilitaci\u00f3n absoluta.<\/p>\n<p>Este texto sugiere los siguientes comentarios:<\/p>\n<ul>\n<li>a) El \u00e1mbito del derecho penal es de derecho p\u00fablico; por tal motivo, la terminolog\u00eda y los conceptos de derecho privado solo son aplicables en la medida de coincidir con elementos de la teor\u00eda general del derecho, abarcadores de temas generales del derecho, sin distinci\u00f3n entre derecho p\u00fablico o privado.<\/li>\n<li>b) El vocablo <em>inhabilitaci\u00f3n<\/em> no es sin\u00f3nimo de incapacidad, sino de una limitaci\u00f3n \u2013muy amplia\u2013 del poder de administraci\u00f3n y disposici\u00f3n del sujeto.<\/li>\n<li>c) La doctrina expresa que la inhabilitaci\u00f3n es diferente de la incapacidad del demente y el sordomudo y tiene por objeto evitar perjuicios en los bienes y personas de la familia del condenado <a id=\"footnote-136346-21-backlink\" class=\"footnote\" href=\"#footnote-136346-21\">21<\/a> \u2013afirmaci\u00f3n un tanto gen\u00e9rica\u2013. Considero que es una consecuencia del estado jur\u00eddico del penado, que debido a su prisi\u00f3n queda en una situaci\u00f3n de posible desinformaci\u00f3n y, adem\u00e1s, sin la libertad y autonom\u00eda de criterio necesaria para un acto jur\u00eddico v\u00e1lido. A ello se le suma que, para algunos autores, la inhabilitaci\u00f3n implica una sanci\u00f3n derivada de la comisi\u00f3n del delito. <a id=\"footnote-136346-22-backlink\" class=\"footnote\" href=\"#footnote-136346-22\">22<\/a><\/li>\n<li>d) El penado puede testar <a id=\"footnote-136346-23-backlink\" class=\"footnote\" href=\"#footnote-136346-23\">23<\/a> y estar en juicio.<\/li>\n<\/ul>\n<p>En base a estas caracter\u00edsticas, considero que la inhabilitaci\u00f3n le impide al penado otorgar actos jur\u00eddicos, salvo los exceptuados, en base a su naturaleza de precepto de orden p\u00fablico. Por ello, cuando la inhibici\u00f3n general procede en base a esta inhabilitaci\u00f3n, no puede aplicarse la excepci\u00f3n que he sostenido en punto anterior. La naturaleza de la medida lo impide.<\/p>\n<p>&nbsp;<\/p>\n<a class=\"mwm-aal-item\" name=\"93-fallidos\"><\/a><h3>9.3. Fallidos<\/h3>\n<p>Los fallidos quedan desapoderados de pleno derecho de los bienes existentes a la fecha de la declaraci\u00f3n de quiebra y de los que adquieran hasta su rehabilitaci\u00f3n, no pudiendo ejercer respecto de ellos los derechos de administraci\u00f3n y disposici\u00f3n (arts.\u00a0106-114 <a href=\"http:\/\/servicios.infoleg.gob.ar\/infolegInternet\/verNorma.do?id=25379\" target=\"_blank\">Ley 24522<\/a>). El desapoderamiento:<\/p>\n<ul>\n<li>a) No implica perder la propiedad de los bienes. <a id=\"footnote-136346-24-backlink\" class=\"footnote\" href=\"#footnote-136346-24\">24<\/a> Existe adem\u00e1s en los autores citados coincidencia en cuanto a la p\u00e9rdida de legitimaci\u00f3n por parte del fallido sobre sus bienes, resaltando que esta conclusi\u00f3n surge del hecho de que el fallido no es un incapaz, sino que la p\u00e9rdida se debe al modo de comportamiento negocial patrimonial.<\/li>\n<li>b) El r\u00e9gimen de la Ley de Quiebras es de derecho p\u00fablico; por tal motivo, nuevamente, como en el caso del penado, nos encontramos con un \u00e1mbito espec\u00edfico con perfiles propios, ajeno al derecho privado.<\/li>\n<\/ul>\n<p>Debido a estas circunstancias, tampoco este caso permite de modo excepcional disponer de bienes al fallido. La inhibici\u00f3n general solo publicita la limitaci\u00f3n descripta. La sentencia que es causa de la inhibici\u00f3n no la crea, solo cumple con lo dispuesto por los preceptos mencionados de la ley.<\/p>\n<p>&nbsp;<\/p>\n<p>&nbsp;<\/p>\n<a class=\"mwm-aal-item\" name=\"notas\"><\/a><h6><strong>Notas<\/strong><\/h6>\n<div class=\"footnotes\">\n<div>\n<p><a id=\"footnote-136346-1\" class=\"footnote\" href=\"#footnote-136346-1-backlink\">1<\/a><strong>.<\/strong> Arazi, Roland y Fenochietto, Carlos E., <em>C\u00f3digo Procesal Civil y Comercial de la Naci\u00f3n, comentado y concordado con el C\u00f3digo Procesal Civil y Comercial de la Provincia de Buenos Aires<\/em>, t.\u00a0I, Buenos Aires, Astrea, 1987, p.\u00a0785.<\/p>\n<\/div>\n<div>\n<p><a id=\"footnote-136346-2\" class=\"footnote\" href=\"#footnote-136346-2-backlink\">2<\/a><strong>. <\/strong>Berizonce, R.\u00a0M., Morello, A.\u00a0M. y Sosa, G.\u00a0L., <em>C\u00f3digos procesales en lo Civil y Comercial de la provincia de Buenos Aires y de la Naci\u00f3n. Comentados y anotados<\/em>, t.\u00a0II-C, La Plata, Librer\u00eda Editora Platense, 2\u00aa ed., p.\u00a0918.<\/p>\n<\/div>\n<div>\n<p><a id=\"footnote-136346-3\" class=\"footnote\" href=\"#footnote-136346-3-backlink\">3<\/a><strong>.<\/strong> Messineo, Francesco, <em>Manual de derecho civil y comercial<\/em>, t.\u00a0II, Madrid, Ediciones Jur\u00eddicas Europa Am\u00e9rica, 1954, pp.\u00a0110 y ss.<\/p>\n<\/div>\n<div>\n<p><a id=\"footnote-136346-4\" class=\"footnote\" href=\"#footnote-136346-4-backlink\">4<\/a><strong>. <\/strong>Compagnucci de Caso, Rub\u00e9n H., <em>El negocio jur\u00eddico<\/em>, Buenos Aires, Astrea, 1992, p.\u00a0160.<\/p>\n<\/div>\n<div>\n<p><a id=\"footnote-136346-5\" class=\"footnote\" href=\"#footnote-136346-5-backlink\">5<\/a><strong>.<\/strong> Betti, Emilio, <em>Teor\u00eda general del negocio jur\u00eddico<\/em>, Granada, Comeres, 2000 (trad. Mart\u00edn Perez).<\/p>\n<\/div>\n<div>\n<p><a id=\"footnote-136346-6\" class=\"footnote\" href=\"#footnote-136346-6-backlink\">6<\/a><strong>.<\/strong> Barbero, Domenico, <em>Sistema del derecho privado<\/em>, t.\u00a0I, Buenos Aires, EJEA, 1967 (trad. Santiago Sent\u00eds Melendo), p.\u00a0208.<\/p>\n<\/div>\n<div>\n<p><a id=\"footnote-136346-7\" class=\"footnote\" href=\"#footnote-136346-7-backlink\">7<\/a><strong>. <\/strong>Cariota Ferrara, Luigi, <em>El negocio jur\u00eddico<\/em>, Madrid, Aguilar, 1956 (trad. Manuel Albaladejo), pp.\u00a0528 y ss.<\/p>\n<\/div>\n<div>\n<p><a id=\"footnote-136346-8\" class=\"footnote\" href=\"#footnote-136346-8-backlink\">8<\/a><strong>. <\/strong>Betti, Emilio, <em>ob. cit. (cfr. nota 5), <\/em>p.\u00a0203.<\/p>\n<\/div>\n<div>\n<p><a id=\"footnote-136346-9\" class=\"footnote\" href=\"#footnote-136346-9-backlink\">9<\/a><strong>. <\/strong>Ladaria Caldentey, J., <em>Legitimaci\u00f3n y apariencia jur\u00eddica<\/em>, Barcelona, Bosch, 1952, pp.\u00a014, 33.<\/p>\n<\/div>\n<div>\n<p><a id=\"footnote-136346-10\" class=\"footnote\" href=\"#footnote-136346-10-backlink\">10<\/a><strong>. <\/strong>Uno de los autores que m\u00e1s ha fustigado los esfuerzos destinados a descubrir la \u201cnaturaleza jur\u00eddica\u201d de las instituciones es Carri\u00f3. Expresa que lo que buscamos es una clave que nos brinde el acceso a todos los hechos relevantes respecto de un objeto, \u201cuna especie de llave \u00fanica para un gran edificio\u201d \u2013citando a Robinson\u2013. Las afanosas pesquisas para descubrir \u201cla verdadera naturaleza\u201d de tal o cual instituci\u00f3n o relaci\u00f3n est\u00e1n irremisiblemente destinadas al fracaso. Lo imposible es buscar una \u201cjustificaci\u00f3n \u00fanica para la soluci\u00f3n de todos los casos que, ya en forma clara, ya en forma imprecisa, caen bajo un determinado conjunto de reglas. [\u2026] Por supuesto que no hay tal cosa\u201d. (Carri\u00f3, Genaro R., <em>Notas sobre derecho y lenguaje<\/em>, Buenos Aires, Abeledo-Perrot, 1994 (4\u00aa ed.), pp.\u00a0100-102.<\/p>\n<\/div>\n<div>\n<p><a id=\"footnote-136346-11\" class=\"footnote\" href=\"#footnote-136346-11-backlink\">11<\/a><strong>.<\/strong> C.Civ.yCom. Concordia, 3\/6\/1997, \u201cBanco R\u00edo de la Plata c\/ Modernell de Etchart, Teresita\u201d (<em>Zeus<\/em>, t.\u00a075, p.\u00a0408), citado por Eguren, Mar\u00eda C., \u201cRese\u00f1as de jurisprudencia\u201d, en Peyrano, J.\u00a0W. (dir.) y Eguren, M.\u00a0C. (coord.), <em>Medidas cautelares<\/em>, t.\u00a0II, Santa Fe, Rubinzal-Culzoni, 2010, p.\u00a0220. [N. del E.: se puede acceder al fallo <a href=\"http:\/\/www.saij.gob.ar\/camara-apelaciones-local-entre-rios-banco-rio-plata-modernell-etchart-teresita-fa97978174-1997-06-03\/123456789-471-8797-9ots-eupmocsollaf?q= titulo%3A banco AND titulo%3A modernell&amp;o=0&amp;f=Total%7CTipo de Documento\/Jurisprudencia\/Fallo%7CFecha%7COrganismo%7CTribunal%7CPublicaci%F3n%7CTema%7CEstado de Vigencia%7CAutor%7CJurisdicci%F3n\/Local\/Entre R%EDos&amp;t=2\" target=\"_blank\">aqu\u00ed<\/a>].<\/p>\n<\/div>\n<div>\n<p><a id=\"footnote-136346-12\" class=\"footnote\" href=\"#footnote-136346-12-backlink\">12<\/a><strong>.<\/strong> Reitero que es la misma apreciaci\u00f3n que se hace en Berizonce, R.\u00a0M., Morello, A.\u00a0M. y Sosa, G.\u00a0L., ob.\u00a0cit. (cfr. nota 2). Coincide con Arazi, Roland y Fenochietto, Carlos E., ob.\u00a0cit. (cfr. nota 1).<\/p>\n<\/div>\n<div>\n<p><a id=\"footnote-136346-13\" class=\"footnote\" href=\"#footnote-136346-13-backlink\">13<\/a><strong>.<\/strong> Pagnacco, Eduardo J.\u00a0A., \u201cLas medidas cautelares en particular. Inhibici\u00f3n general\u201d, en Peyrano, J.\u00a0W. (dir.) y Eguren, M.\u00a0C. (coord.), <em>Medidas cautelares<\/em>, t.\u00a0I, Santa Fe, Rubinzal-Culzoni, 2010, p.\u00a0462.<\/p>\n<\/div>\n<div>\n<p><a id=\"footnote-136346-14\" class=\"footnote\" href=\"#footnote-136346-14-backlink\">14<\/a><strong>.<\/strong> Podetti expresa esta idea: \u201c\u2026\u00a0si se pretendiera extender esta medida de excepci\u00f3n a toda clase de bienes, se estar\u00eda creando una verdadera incapacidad de derecho que, en tal caso, podr\u00eda tacharse de inconstitucional\u201d (citado por Pagnacco, Eduardo J.\u00a0A., ob.\u00a0cit. [cfr. nota 13], p.\u00a0463).<\/p>\n<\/div>\n<div>\n<p><a id=\"footnote-136346-15\" class=\"footnote\" href=\"#footnote-136346-15-backlink\">15<\/a><strong>.<\/strong> Orelle, Jos\u00e9 M.\u00a0R., <em>Actos e instrumentos notariales<\/em>, Buenos Aires, La Ley, 2008, p.\u00a047. Cfr. Barra, Rodolfo C., <em>Tratado de derecho administrativo<\/em>, t.\u00a0I, Buenos Aires, \u00c1baco, 2002, p.\u00a0245.<\/p>\n<\/div>\n<div>\n<p><a id=\"footnote-136346-16\" class=\"footnote\" href=\"#footnote-136346-16-backlink\">16<\/a><strong>.<\/strong> Fern\u00e1ndez, Tom\u00e1s R. y Garc\u00eda de Enterr\u00eda, Eduardo, <em>Curso de derecho administrativo<\/em>, Buenos Aires, Thomson Civitas &#8211; La Ley, 2006, p.\u00a0555.<\/p>\n<\/div>\n<div>\n<p><a id=\"footnote-136346-17\" class=\"footnote\" href=\"#footnote-136346-17-backlink\">17<\/a><strong>.<\/strong> Dromi, Jos\u00e9 R., <em>Derecho administrativo<\/em>, Buenos Aires, Ediciones Ciudad Argentina, 5\u00aa ed., p.\u00a0209.<\/p>\n<\/div>\n<div>\n<p><a id=\"footnote-136346-18\" class=\"footnote\" href=\"#footnote-136346-18-backlink\">18<\/a><strong>.<\/strong> Ventura, Gabriel B., <em>Ley 17801. Registro de la Propiedad Inmueble. Comentada, anotada<\/em>, Buenos Aires, Hammurabi, 2009, p.\u00a0409.<\/p>\n<\/div>\n<div>\n<p><a id=\"footnote-136346-19\" class=\"footnote\" href=\"#footnote-136346-19-backlink\">19<\/a><strong>.<\/strong> Gordillo, Agust\u00edn, <em>Tratado de derecho administrativo<\/em>, t.\u00a01, Buenos Aires, Fundaci\u00f3n de Derecho Administrativo, 2003, 8\u00aa ed., p.\u00a0I-36.<\/p>\n<\/div>\n<div>\n<p><a id=\"footnote-136346-20\" class=\"footnote\" href=\"#footnote-136346-20-backlink\">20<\/a><strong>.<\/strong> Ib\u00eddem.<\/p>\n<\/div>\n<div>\n<p><a id=\"footnote-136346-21\" class=\"footnote\" href=\"#footnote-136346-21-backlink\">21<\/a><strong>. <\/strong>Rubianes, Carlos J., <em>C\u00f3digo Penal y su interpretaci\u00f3n jurisprudencial<\/em>, t.\u00a01, Buenos Aires, Depalma, 1967, p.\u00a024. D\u2019Alessio, Andr\u00e9s J. (dir.), <em>C\u00f3digo Penal. Comentado y anotado<\/em>, Buenos Aires, La Ley, p.\u00a059.<\/p>\n<\/div>\n<div>\n<p><a id=\"footnote-136346-22\" class=\"footnote\" href=\"#footnote-136346-22-backlink\">22<\/a><strong>.<\/strong> Breglia Arias, Omar y Gauna, Omar R., C\u00f3digo Penal y leyes complementarias. Comentado, anotado y concordado, t.\u00a0I, Buenos Aires, Astrea, 2007, p.106<\/p>\n<\/div>\n<div>\n<p><a id=\"footnote-136346-23\" class=\"footnote\" href=\"#footnote-136346-23-backlink\">23<\/a><strong>.<\/strong> D\u2019Alessio, Andr\u00e9s J. (dir.), ob.\u00a0cit. (cfr. nota 21) [comentario al art.\u00a012].<\/p>\n<\/div>\n<div>\n<p><a id=\"footnote-136346-24\" class=\"footnote\" href=\"#footnote-136346-24-backlink\">24<\/a><strong>.<\/strong> V\u00edtolo, Daniel R., <em>Comentarios a la Ley de Concursos y Quiebras 24522. Doctrina y jurisprudencia<\/em>, Buenos Aires, Ad-Hoc, 1996, p.\u00a0257. En la misma posici\u00f3n doctrinaria, ver Barbieri, Pablo C., <em>Concursos y quiebras. Ley 24522 comentada y anotada<\/em>, Buenos Aires, Editorial Universidad, 2006, p.\u00a0277; y Rouillon, Adolfo A.\u00a0N., <em>R\u00e9gimen de concursos y quiebras. Ley 24522, complementaria del C\u00f3digo Civil y Comercial<\/em>, Buenos Aires, Astrea, 2015, p.\u00a0213.<\/p>\n<\/div>\n<\/div>\n","protected":false},"excerpt":{"rendered":"<p>An\u00e1lisis de la IGB: naturaleza, causas de afectaci\u00f3n, elemento jur\u00eddico afectado, concepto de especialidad, efectos en otras demarcaciones, disposici\u00f3n por el sujeto afectado, casos extremos, dementes, fallidos, incapaces.<\/p>\n","protected":false},"author":13,"featured_media":3837,"comment_status":"closed","ping_status":"open","sticky":false,"template":"","format":"standard","meta":{"_et_pb_use_builder":"","_et_pb_old_content":"","_et_gb_content_width":"","spay_email":"","footnotes":"","jetpack_publicize_message":"","jetpack_is_tweetstorm":false},"categories":[1],"tags":[1303,1313,803,919],"class_list":["post-3775","post","type-post","status-publish","format-standard","has-post-thumbnail","hentry","category-uncategorized","tag-disposicion-de-bienes-registrables","tag-especialidad","tag-incapacidad","tag-inhibicion-general-de-bienes","revista-923-ene-mar-2016","seccion-doctrina","autor-orelle-jose-m-r","ao-2172","tema-inhibiciones","rama-derecho-procesal","rama-derecho-registral"],"yoast_head":"<!-- This site is optimized with the Yoast SEO plugin v23.6 - https:\/\/yoast.com\/wordpress\/plugins\/seo\/ -->\n<title>Inhibici\u00f3n general de bienes - Revista del Notariado<\/title>\n<meta name=\"robots\" content=\"index, follow, max-snippet:-1, max-image-preview:large, max-video-preview:-1\" \/>\n<link rel=\"canonical\" href=\"https:\/\/www.revista-notariado.org.ar\/index.php\/2016\/09\/inhibicion-general-de-bienes\/\" \/>\n<meta property=\"og:locale\" content=\"es_ES\" \/>\n<meta property=\"og:type\" content=\"article\" \/>\n<meta property=\"og:title\" content=\"Inhibici\u00f3n general de bienes - Revista del Notariado\" \/>\n<meta property=\"og:description\" content=\"An\u00e1lisis de la IGB: naturaleza, causas de afectaci\u00f3n, elemento jur\u00eddico afectado, concepto de especialidad, efectos en otras demarcaciones, disposici\u00f3n por el sujeto afectado, casos extremos, dementes, fallidos, incapaces.\" \/>\n<meta property=\"og:url\" content=\"https:\/\/www.revista-notariado.org.ar\/index.php\/2016\/09\/inhibicion-general-de-bienes\/\" \/>\n<meta property=\"og:site_name\" content=\"Revista del Notariado\" \/>\n<meta property=\"article:publisher\" content=\"https:\/\/www.facebook.com\/revistadelnotariado\/\" \/>\n<meta property=\"article:published_time\" content=\"2016-09-09T19:35:06+00:00\" \/>\n<meta property=\"article:modified_time\" content=\"2019-07-11T15:53:13+00:00\" \/>\n<meta property=\"og:image\" content=\"https:\/\/www.revista-notariado.org.ar\/\/wp-content\/uploads\/2016\/09\/ventanas-en-edificio_R.jpg\" \/>\n\t<meta property=\"og:image:width\" content=\"700\" \/>\n\t<meta property=\"og:image:height\" content=\"300\" \/>\n\t<meta property=\"og:image:type\" content=\"image\/jpeg\" \/>\n<meta name=\"author\" content=\"Ramiro Chanes\" \/>\n<meta name=\"twitter:card\" content=\"summary_large_image\" \/>\n<meta name=\"twitter:label1\" content=\"Escrito por\" \/>\n\t<meta name=\"twitter:data1\" content=\"Ramiro Chanes\" \/>\n\t<meta name=\"twitter:label2\" content=\"Tiempo de lectura\" \/>\n\t<meta name=\"twitter:data2\" content=\"33 minutos\" \/>\n<script type=\"application\/ld+json\" class=\"yoast-schema-graph\">{\"@context\":\"https:\/\/schema.org\",\"@graph\":[{\"@type\":\"Article\",\"@id\":\"https:\/\/www.revista-notariado.org.ar\/index.php\/2016\/09\/inhibicion-general-de-bienes\/#article\",\"isPartOf\":{\"@id\":\"https:\/\/www.revista-notariado.org.ar\/index.php\/2016\/09\/inhibicion-general-de-bienes\/\"},\"author\":{\"name\":\"Ramiro Chanes\",\"@id\":\"https:\/\/www.revista-notariado.org.ar\/#\/schema\/person\/69650fd2dba0e7da6aa342cb8508a6c3\"},\"headline\":\"Inhibici\u00f3n general de bienes\",\"datePublished\":\"2016-09-09T19:35:06+00:00\",\"dateModified\":\"2019-07-11T15:53:13+00:00\",\"mainEntityOfPage\":{\"@id\":\"https:\/\/www.revista-notariado.org.ar\/index.php\/2016\/09\/inhibicion-general-de-bienes\/\"},\"wordCount\":6680,\"publisher\":{\"@id\":\"https:\/\/www.revista-notariado.org.ar\/#organization\"},\"image\":{\"@id\":\"https:\/\/www.revista-notariado.org.ar\/index.php\/2016\/09\/inhibicion-general-de-bienes\/#primaryimage\"},\"thumbnailUrl\":\"https:\/\/www.revista-notariado.org.ar\/\/wp-content\/uploads\/2016\/09\/ventanas-en-edificio_R.jpg\",\"keywords\":[\"disposici\u00f3n de bienes registrables\",\"Especialidad\",\"Incapacidad\",\"inhibicion general de bienes\"],\"articleSection\":[\"Varias\"],\"inLanguage\":\"es\"},{\"@type\":\"WebPage\",\"@id\":\"https:\/\/www.revista-notariado.org.ar\/index.php\/2016\/09\/inhibicion-general-de-bienes\/\",\"url\":\"https:\/\/www.revista-notariado.org.ar\/index.php\/2016\/09\/inhibicion-general-de-bienes\/\",\"name\":\"Inhibici\u00f3n general de bienes - Revista del Notariado\",\"isPartOf\":{\"@id\":\"https:\/\/www.revista-notariado.org.ar\/#website\"},\"primaryImageOfPage\":{\"@id\":\"https:\/\/www.revista-notariado.org.ar\/index.php\/2016\/09\/inhibicion-general-de-bienes\/#primaryimage\"},\"image\":{\"@id\":\"https:\/\/www.revista-notariado.org.ar\/index.php\/2016\/09\/inhibicion-general-de-bienes\/#primaryimage\"},\"thumbnailUrl\":\"https:\/\/www.revista-notariado.org.ar\/\/wp-content\/uploads\/2016\/09\/ventanas-en-edificio_R.jpg\",\"datePublished\":\"2016-09-09T19:35:06+00:00\",\"dateModified\":\"2019-07-11T15:53:13+00:00\",\"breadcrumb\":{\"@id\":\"https:\/\/www.revista-notariado.org.ar\/index.php\/2016\/09\/inhibicion-general-de-bienes\/#breadcrumb\"},\"inLanguage\":\"es\",\"potentialAction\":[{\"@type\":\"ReadAction\",\"target\":[\"https:\/\/www.revista-notariado.org.ar\/index.php\/2016\/09\/inhibicion-general-de-bienes\/\"]}]},{\"@type\":\"ImageObject\",\"inLanguage\":\"es\",\"@id\":\"https:\/\/www.revista-notariado.org.ar\/index.php\/2016\/09\/inhibicion-general-de-bienes\/#primaryimage\",\"url\":\"https:\/\/www.revista-notariado.org.ar\/\/wp-content\/uploads\/2016\/09\/ventanas-en-edificio_R.jpg\",\"contentUrl\":\"https:\/\/www.revista-notariado.org.ar\/\/wp-content\/uploads\/2016\/09\/ventanas-en-edificio_R.jpg\",\"width\":700,\"height\":300},{\"@type\":\"BreadcrumbList\",\"@id\":\"https:\/\/www.revista-notariado.org.ar\/index.php\/2016\/09\/inhibicion-general-de-bienes\/#breadcrumb\",\"itemListElement\":[{\"@type\":\"ListItem\",\"position\":1,\"name\":\"Portada\",\"item\":\"https:\/\/www.revista-notariado.org.ar\/\"},{\"@type\":\"ListItem\",\"position\":2,\"name\":\"Inhibici\u00f3n general de bienes\"}]},{\"@type\":\"WebSite\",\"@id\":\"https:\/\/www.revista-notariado.org.ar\/#website\",\"url\":\"https:\/\/www.revista-notariado.org.ar\/\",\"name\":\"Revista del Notariado\",\"description\":\"Director: Carlos Marcelo D&#039;Alessio\",\"publisher\":{\"@id\":\"https:\/\/www.revista-notariado.org.ar\/#organization\"},\"potentialAction\":[{\"@type\":\"SearchAction\",\"target\":{\"@type\":\"EntryPoint\",\"urlTemplate\":\"https:\/\/www.revista-notariado.org.ar\/?s={search_term_string}\"},\"query-input\":{\"@type\":\"PropertyValueSpecification\",\"valueRequired\":true,\"valueName\":\"search_term_string\"}}],\"inLanguage\":\"es\"},{\"@type\":\"Organization\",\"@id\":\"https:\/\/www.revista-notariado.org.ar\/#organization\",\"name\":\"Revista del Notariado\",\"url\":\"https:\/\/www.revista-notariado.org.ar\/\",\"logo\":{\"@type\":\"ImageObject\",\"inLanguage\":\"es\",\"@id\":\"https:\/\/www.revista-notariado.org.ar\/#\/schema\/logo\/image\/\",\"url\":\"https:\/\/www.revista-notariado.org.ar\/\/wp-content\/uploads\/2020\/06\/Logo-para.mail_.png\",\"contentUrl\":\"https:\/\/www.revista-notariado.org.ar\/\/wp-content\/uploads\/2020\/06\/Logo-para.mail_.png\",\"width\":642,\"height\":80,\"caption\":\"Revista del Notariado\"},\"image\":{\"@id\":\"https:\/\/www.revista-notariado.org.ar\/#\/schema\/logo\/image\/\"},\"sameAs\":[\"https:\/\/www.facebook.com\/revistadelnotariado\/\"]},{\"@type\":\"Person\",\"@id\":\"https:\/\/www.revista-notariado.org.ar\/#\/schema\/person\/69650fd2dba0e7da6aa342cb8508a6c3\",\"name\":\"Ramiro Chanes\",\"image\":{\"@type\":\"ImageObject\",\"inLanguage\":\"es\",\"@id\":\"https:\/\/www.revista-notariado.org.ar\/#\/schema\/person\/image\/\",\"url\":\"https:\/\/secure.gravatar.com\/avatar\/08553b3e3ffdc7781f000c217c213fdb?s=96&d=mm&r=g\",\"contentUrl\":\"https:\/\/secure.gravatar.com\/avatar\/08553b3e3ffdc7781f000c217c213fdb?s=96&d=mm&r=g\",\"caption\":\"Ramiro Chanes\"},\"url\":\"https:\/\/www.revista-notariado.org.ar\/index.php\/author\/nadacomoelnotariado\/\"}]}<\/script>\n<!-- \/ Yoast SEO plugin. -->","yoast_head_json":{"title":"Inhibici\u00f3n general de bienes - Revista del Notariado","robots":{"index":"index","follow":"follow","max-snippet":"max-snippet:-1","max-image-preview":"max-image-preview:large","max-video-preview":"max-video-preview:-1"},"canonical":"https:\/\/www.revista-notariado.org.ar\/index.php\/2016\/09\/inhibicion-general-de-bienes\/","og_locale":"es_ES","og_type":"article","og_title":"Inhibici\u00f3n general de bienes - Revista del Notariado","og_description":"An\u00e1lisis de la IGB: naturaleza, causas de afectaci\u00f3n, elemento jur\u00eddico afectado, concepto de especialidad, efectos en otras demarcaciones, disposici\u00f3n por el sujeto afectado, casos extremos, dementes, fallidos, incapaces.","og_url":"https:\/\/www.revista-notariado.org.ar\/index.php\/2016\/09\/inhibicion-general-de-bienes\/","og_site_name":"Revista del Notariado","article_publisher":"https:\/\/www.facebook.com\/revistadelnotariado\/","article_published_time":"2016-09-09T19:35:06+00:00","article_modified_time":"2019-07-11T15:53:13+00:00","og_image":[{"width":700,"height":300,"url":"https:\/\/www.revista-notariado.org.ar\/\/wp-content\/uploads\/2016\/09\/ventanas-en-edificio_R.jpg","type":"image\/jpeg"}],"author":"Ramiro Chanes","twitter_card":"summary_large_image","twitter_misc":{"Escrito por":"Ramiro Chanes","Tiempo de lectura":"33 minutos"},"schema":{"@context":"https:\/\/schema.org","@graph":[{"@type":"Article","@id":"https:\/\/www.revista-notariado.org.ar\/index.php\/2016\/09\/inhibicion-general-de-bienes\/#article","isPartOf":{"@id":"https:\/\/www.revista-notariado.org.ar\/index.php\/2016\/09\/inhibicion-general-de-bienes\/"},"author":{"name":"Ramiro Chanes","@id":"https:\/\/www.revista-notariado.org.ar\/#\/schema\/person\/69650fd2dba0e7da6aa342cb8508a6c3"},"headline":"Inhibici\u00f3n general de bienes","datePublished":"2016-09-09T19:35:06+00:00","dateModified":"2019-07-11T15:53:13+00:00","mainEntityOfPage":{"@id":"https:\/\/www.revista-notariado.org.ar\/index.php\/2016\/09\/inhibicion-general-de-bienes\/"},"wordCount":6680,"publisher":{"@id":"https:\/\/www.revista-notariado.org.ar\/#organization"},"image":{"@id":"https:\/\/www.revista-notariado.org.ar\/index.php\/2016\/09\/inhibicion-general-de-bienes\/#primaryimage"},"thumbnailUrl":"https:\/\/www.revista-notariado.org.ar\/\/wp-content\/uploads\/2016\/09\/ventanas-en-edificio_R.jpg","keywords":["disposici\u00f3n de bienes registrables","Especialidad","Incapacidad","inhibicion general de bienes"],"articleSection":["Varias"],"inLanguage":"es"},{"@type":"WebPage","@id":"https:\/\/www.revista-notariado.org.ar\/index.php\/2016\/09\/inhibicion-general-de-bienes\/","url":"https:\/\/www.revista-notariado.org.ar\/index.php\/2016\/09\/inhibicion-general-de-bienes\/","name":"Inhibici\u00f3n general de bienes - Revista del Notariado","isPartOf":{"@id":"https:\/\/www.revista-notariado.org.ar\/#website"},"primaryImageOfPage":{"@id":"https:\/\/www.revista-notariado.org.ar\/index.php\/2016\/09\/inhibicion-general-de-bienes\/#primaryimage"},"image":{"@id":"https:\/\/www.revista-notariado.org.ar\/index.php\/2016\/09\/inhibicion-general-de-bienes\/#primaryimage"},"thumbnailUrl":"https:\/\/www.revista-notariado.org.ar\/\/wp-content\/uploads\/2016\/09\/ventanas-en-edificio_R.jpg","datePublished":"2016-09-09T19:35:06+00:00","dateModified":"2019-07-11T15:53:13+00:00","breadcrumb":{"@id":"https:\/\/www.revista-notariado.org.ar\/index.php\/2016\/09\/inhibicion-general-de-bienes\/#breadcrumb"},"inLanguage":"es","potentialAction":[{"@type":"ReadAction","target":["https:\/\/www.revista-notariado.org.ar\/index.php\/2016\/09\/inhibicion-general-de-bienes\/"]}]},{"@type":"ImageObject","inLanguage":"es","@id":"https:\/\/www.revista-notariado.org.ar\/index.php\/2016\/09\/inhibicion-general-de-bienes\/#primaryimage","url":"https:\/\/www.revista-notariado.org.ar\/\/wp-content\/uploads\/2016\/09\/ventanas-en-edificio_R.jpg","contentUrl":"https:\/\/www.revista-notariado.org.ar\/\/wp-content\/uploads\/2016\/09\/ventanas-en-edificio_R.jpg","width":700,"height":300},{"@type":"BreadcrumbList","@id":"https:\/\/www.revista-notariado.org.ar\/index.php\/2016\/09\/inhibicion-general-de-bienes\/#breadcrumb","itemListElement":[{"@type":"ListItem","position":1,"name":"Portada","item":"https:\/\/www.revista-notariado.org.ar\/"},{"@type":"ListItem","position":2,"name":"Inhibici\u00f3n general de bienes"}]},{"@type":"WebSite","@id":"https:\/\/www.revista-notariado.org.ar\/#website","url":"https:\/\/www.revista-notariado.org.ar\/","name":"Revista del Notariado","description":"Director: Carlos Marcelo D&#039;Alessio","publisher":{"@id":"https:\/\/www.revista-notariado.org.ar\/#organization"},"potentialAction":[{"@type":"SearchAction","target":{"@type":"EntryPoint","urlTemplate":"https:\/\/www.revista-notariado.org.ar\/?s={search_term_string}"},"query-input":{"@type":"PropertyValueSpecification","valueRequired":true,"valueName":"search_term_string"}}],"inLanguage":"es"},{"@type":"Organization","@id":"https:\/\/www.revista-notariado.org.ar\/#organization","name":"Revista del Notariado","url":"https:\/\/www.revista-notariado.org.ar\/","logo":{"@type":"ImageObject","inLanguage":"es","@id":"https:\/\/www.revista-notariado.org.ar\/#\/schema\/logo\/image\/","url":"https:\/\/www.revista-notariado.org.ar\/\/wp-content\/uploads\/2020\/06\/Logo-para.mail_.png","contentUrl":"https:\/\/www.revista-notariado.org.ar\/\/wp-content\/uploads\/2020\/06\/Logo-para.mail_.png","width":642,"height":80,"caption":"Revista del Notariado"},"image":{"@id":"https:\/\/www.revista-notariado.org.ar\/#\/schema\/logo\/image\/"},"sameAs":["https:\/\/www.facebook.com\/revistadelnotariado\/"]},{"@type":"Person","@id":"https:\/\/www.revista-notariado.org.ar\/#\/schema\/person\/69650fd2dba0e7da6aa342cb8508a6c3","name":"Ramiro Chanes","image":{"@type":"ImageObject","inLanguage":"es","@id":"https:\/\/www.revista-notariado.org.ar\/#\/schema\/person\/image\/","url":"https:\/\/secure.gravatar.com\/avatar\/08553b3e3ffdc7781f000c217c213fdb?s=96&d=mm&r=g","contentUrl":"https:\/\/secure.gravatar.com\/avatar\/08553b3e3ffdc7781f000c217c213fdb?s=96&d=mm&r=g","caption":"Ramiro Chanes"},"url":"https:\/\/www.revista-notariado.org.ar\/index.php\/author\/nadacomoelnotariado\/"}]}},"jetpack_featured_media_url":"https:\/\/www.revista-notariado.org.ar\/\/wp-content\/uploads\/2016\/09\/ventanas-en-edificio_R.jpg","jetpack_publicize_connections":[],"jetpack_sharing_enabled":true,"jetpack_shortlink":"https:\/\/wp.me\/p50Sui-YT","jetpack-related-posts":[],"_links":{"self":[{"href":"https:\/\/www.revista-notariado.org.ar\/index.php\/wp-json\/wp\/v2\/posts\/3775"}],"collection":[{"href":"https:\/\/www.revista-notariado.org.ar\/index.php\/wp-json\/wp\/v2\/posts"}],"about":[{"href":"https:\/\/www.revista-notariado.org.ar\/index.php\/wp-json\/wp\/v2\/types\/post"}],"author":[{"embeddable":true,"href":"https:\/\/www.revista-notariado.org.ar\/index.php\/wp-json\/wp\/v2\/users\/13"}],"replies":[{"embeddable":true,"href":"https:\/\/www.revista-notariado.org.ar\/index.php\/wp-json\/wp\/v2\/comments?post=3775"}],"version-history":[{"count":11,"href":"https:\/\/www.revista-notariado.org.ar\/index.php\/wp-json\/wp\/v2\/posts\/3775\/revisions"}],"predecessor-version":[{"id":3953,"href":"https:\/\/www.revista-notariado.org.ar\/index.php\/wp-json\/wp\/v2\/posts\/3775\/revisions\/3953"}],"wp:featuredmedia":[{"embeddable":true,"href":"https:\/\/www.revista-notariado.org.ar\/index.php\/wp-json\/wp\/v2\/media\/3837"}],"wp:attachment":[{"href":"https:\/\/www.revista-notariado.org.ar\/index.php\/wp-json\/wp\/v2\/media?parent=3775"}],"wp:term":[{"taxonomy":"category","embeddable":true,"href":"https:\/\/www.revista-notariado.org.ar\/index.php\/wp-json\/wp\/v2\/categories?post=3775"},{"taxonomy":"post_tag","embeddable":true,"href":"https:\/\/www.revista-notariado.org.ar\/index.php\/wp-json\/wp\/v2\/tags?post=3775"}],"curies":[{"name":"wp","href":"https:\/\/api.w.org\/{rel}","templated":true}]}}