{"id":18406,"date":"2025-12-09T16:30:41","date_gmt":"2025-12-09T19:30:41","guid":{"rendered":"https:\/\/www.revista-notariado.org.ar\/?p=18406"},"modified":"2025-12-22T09:32:46","modified_gmt":"2025-12-22T12:32:46","slug":"proteccion-de-la-vivienda-alcances-de-la-afectacion-y-disposiciones-testamentarias","status":"publish","type":"post","link":"https:\/\/www.revista-notariado.org.ar\/index.php\/2025\/12\/proteccion-de-la-vivienda-alcances-de-la-afectacion-y-disposiciones-testamentarias\/","title":{"rendered":"Protecci\u00f3n de la vivienda. Alcances de la afectaci\u00f3n y disposiciones testamentarias"},"content":{"rendered":"<div style=\"background-color: #1a3a69; color: white; padding: 15px;\">\n<p><img loading=\"lazy\" decoding=\"async\" style=\"border: 0px; width: 90px; height: 90px; margin: 10px 10px 0px 0px;\" src=\"https:\/\/www.revista-notariado.org.ar\/\/wp-content\/uploads\/2025\/08\/RDN-mailchimp.png\" width=\"90\" height=\"90\" align=\"left\" data-file-id=\"2973028\" \/><\/p>\n<p style=\"margin: 0; font-size: 32px; font-family: 'Arial Black', sans-serif; color: #ffffff; text-align: center; flex: 1;\">Jurisprudencia<\/p>\n<\/div>\n<p>&nbsp;<\/p>\n<p style=\"background-color: #ffe1eb; padding: 15px;\">La sentencia desestim\u00f3 el planteo de nulidad de la disposici\u00f3n testamentaria por la cual la testadora leg\u00f3 la porci\u00f3n disponible de sus bienes y los enseres existentes en el inmueble que fuera su vivienda \u2013afectado al r\u00e9gimen de bien de familia\u2013, con fundamento en la prohibici\u00f3n resultante del art\u00edculo 250 CCyC.<br \/>\nA tal fin, sostuvo que la disposici\u00f3n testamentaria cuestionada no ten\u00eda por objeto el inmueble en s\u00ed mismo y que el car\u00e1cter gen\u00e9rico de un legado de porci\u00f3n disponible y los referidos enseres no equivale a disponer del inmueble afectado.<br \/>\nAsimismo, se\u00f1al\u00f3 que la protecci\u00f3n de la vivienda no se perpet\u00faa por la sola inscripci\u00f3n registral, dependiendo su vigencia de la efectiva residencia de beneficiarios, por lo que, habi\u00e9ndose verificado en el caso que no subsist\u00edan los requisitos de la afectaci\u00f3n, la interpretaci\u00f3n contraria amparar\u00eda un ejercicio abusivo del derecho por desentenderse de la finalidad del instituto.<\/p>\n<p>&nbsp;<\/p>\n<p><span style=\"margin-left: 15px; background-color: #d1468b; color: #ffffff; padding: 10px;\">Selecci\u00f3n de <strong>Federico Walter Risso (<em>Instituto de Derecho Procesal CECBA<\/em>)<\/strong><\/span><\/p>\n<p>&nbsp;<\/p>\n<p><strong>Tribunal:<\/strong> C\u00e1mara Nacional de Apelaciones en lo Civil, Sala G.<\/p>\n<p><strong>Fecha:<\/strong> 09\/05\/2025.<\/p>\n<p><strong>Autos:<\/strong> \u201cR., G. y otro c\/ M., M. D. C. s\/ impugnaci\u00f3n\/nulidad de testamento\u201d.<\/p>\n<p><strong>Fallo completo:<\/strong> <strong><a href=\"https:\/\/www.revista-notariado.org.ar\/\/wp-content\/uploads\/2025\/12\/jurisrdn202522.pdf\" class=\"mtli_attachment mtli_pdf\">clic aqu\u00ed para acceder<\/a>\u00a0<\/strong>(<em>Fuente: Registro de la Propiedad de la Provincia de Buenos Aires<\/em>).<\/p>\n<p>&nbsp;<\/p>\n<p>&nbsp;<\/p>\n<p>&nbsp;<\/p>\n<p>&nbsp;<\/p>\n<p>&nbsp;<\/p>\n<p>&nbsp;<\/p>\n<p>&nbsp;<\/p>\n","protected":false},"excerpt":{"rendered":"<p><em>Bolet\u00edn digital de jurisprudencia.<\/em> CNCiv., Sala G, 09\/05\/2025, \u201cR., G. y otro c\/ M., M. D. C. s\/ impugnaci\u00f3n\/nulidad de testamento\u201d.<\/p>\n","protected":false},"author":6,"featured_media":0,"comment_status":"closed","ping_status":"open","sticky":false,"template":"","format":"standard","meta":{"_et_pb_use_builder":"","_et_pb_old_content":"","_et_gb_content_width":"","spay_email":"","footnotes":"","jetpack_publicize_message":"","jetpack_is_tweetstorm":false},"categories":[1],"tags":[2614,1021,751,44,893,4460,4462,4461,3810],"class_list":["post-18406","post","type-post","status-publish","format-standard","hentry","category-uncategorized","tag-bien-de-familia","tag-codigo-civil-comercial-2014","tag-ley-26994","tag-porcion-disponible","tag-proteccion-de-la-vivienda-bien-de-familia","tag-proteccion-de-la-vivienda-alcancesinoponibilidad","tag-proteccion-de-la-vivienda-efectiva-residencia","tag-proteccion-de-la-vivienda-testamento","tag-vivienda-y-bien-de-familia","revista-contenidos-exclusivos-de-la-web-sn","seccion-jurisprudencia","ao-4438","tema-regimen-de-vivienda-bien-de-familia","tema-testamentos","rama-derecho-inmobiliario-y-reales","rama-parte-general","rama-derecho-de-las-sucesiones"],"yoast_head":"<!-- This site is optimized with the Yoast SEO plugin v23.6 - https:\/\/yoast.com\/wordpress\/plugins\/seo\/ -->\n<title>Protecci\u00f3n de la vivienda. Alcances de la afectaci\u00f3n y disposiciones testamentarias - Revista del Notariado<\/title>\n<meta name=\"robots\" content=\"index, follow, max-snippet:-1, max-image-preview:large, max-video-preview:-1\" \/>\n<link rel=\"canonical\" href=\"https:\/\/www.revista-notariado.org.ar\/index.php\/2025\/12\/proteccion-de-la-vivienda-alcances-de-la-afectacion-y-disposiciones-testamentarias\/\" \/>\n<meta property=\"og:locale\" content=\"es_ES\" \/>\n<meta property=\"og:type\" content=\"article\" \/>\n<meta property=\"og:title\" content=\"Protecci\u00f3n de la vivienda. Alcances de la afectaci\u00f3n y disposiciones testamentarias - Revista del Notariado\" \/>\n<meta property=\"og:description\" content=\"Bolet\u00edn digital de jurisprudencia. CNCiv., Sala G, 09\/05\/2025, \u201cR., G. y otro c\/ M., M. D. C. s\/ impugnaci\u00f3n\/nulidad de testamento\u201d.\" \/>\n<meta property=\"og:url\" content=\"https:\/\/www.revista-notariado.org.ar\/index.php\/2025\/12\/proteccion-de-la-vivienda-alcances-de-la-afectacion-y-disposiciones-testamentarias\/\" \/>\n<meta property=\"og:site_name\" content=\"Revista del Notariado\" \/>\n<meta property=\"article:publisher\" content=\"https:\/\/www.facebook.com\/revistadelnotariado\/\" \/>\n<meta property=\"article:published_time\" content=\"2025-12-09T19:30:41+00:00\" \/>\n<meta property=\"article:modified_time\" content=\"2025-12-22T12:32:46+00:00\" \/>\n<meta property=\"og:image\" content=\"https:\/\/www.revista-notariado.org.ar\/\/wp-content\/uploads\/2025\/08\/RDN-mailchimp.png\" \/>\n<meta name=\"author\" content=\"Agust\u00edn Rodriguez\" \/>\n<meta name=\"twitter:card\" content=\"summary_large_image\" \/>\n<meta name=\"twitter:label1\" content=\"Escrito por\" \/>\n\t<meta name=\"twitter:data1\" content=\"Agust\u00edn Rodriguez\" \/>\n\t<meta name=\"twitter:label2\" content=\"Tiempo de lectura\" \/>\n\t<meta name=\"twitter:data2\" content=\"2 minutos\" \/>\n<script type=\"application\/ld+json\" class=\"yoast-schema-graph\">{\"@context\":\"https:\/\/schema.org\",\"@graph\":[{\"@type\":\"Article\",\"@id\":\"https:\/\/www.revista-notariado.org.ar\/index.php\/2025\/12\/proteccion-de-la-vivienda-alcances-de-la-afectacion-y-disposiciones-testamentarias\/#article\",\"isPartOf\":{\"@id\":\"https:\/\/www.revista-notariado.org.ar\/index.php\/2025\/12\/proteccion-de-la-vivienda-alcances-de-la-afectacion-y-disposiciones-testamentarias\/\"},\"author\":{\"name\":\"Agust\u00edn Rodriguez\",\"@id\":\"https:\/\/www.revista-notariado.org.ar\/#\/schema\/person\/0a6fe47713b36d45f00d9d0bb20d8fa0\"},\"headline\":\"Protecci\u00f3n de la vivienda. Alcances de la afectaci\u00f3n y disposiciones testamentarias\",\"datePublished\":\"2025-12-09T19:30:41+00:00\",\"dateModified\":\"2025-12-22T12:32:46+00:00\",\"mainEntityOfPage\":{\"@id\":\"https:\/\/www.revista-notariado.org.ar\/index.php\/2025\/12\/proteccion-de-la-vivienda-alcances-de-la-afectacion-y-disposiciones-testamentarias\/\"},\"wordCount\":246,\"publisher\":{\"@id\":\"https:\/\/www.revista-notariado.org.ar\/#organization\"},\"image\":{\"@id\":\"https:\/\/www.revista-notariado.org.ar\/index.php\/2025\/12\/proteccion-de-la-vivienda-alcances-de-la-afectacion-y-disposiciones-testamentarias\/#primaryimage\"},\"thumbnailUrl\":\"https:\/\/www.revista-notariado.org.ar\/\/wp-content\/uploads\/2025\/08\/RDN-mailchimp.png\",\"keywords\":[\"Bien de familia\",\"C\u00f3digo Civil y Comercial 2014\",\"Ley 26994\",\"porci\u00f3n disponible\",\"Protecci\u00f3n de la vivienda (bien de familia)\",\"Protecci\u00f3n de la vivienda - alcancesinoponibilidad\",\"Protecci\u00f3n de la vivienda - efectiva residencia\",\"Protecci\u00f3n de la vivienda - testamento\",\"Vivienda y bien de familia\"],\"articleSection\":[\"Varias\"],\"inLanguage\":\"es\"},{\"@type\":\"WebPage\",\"@id\":\"https:\/\/www.revista-notariado.org.ar\/index.php\/2025\/12\/proteccion-de-la-vivienda-alcances-de-la-afectacion-y-disposiciones-testamentarias\/\",\"url\":\"https:\/\/www.revista-notariado.org.ar\/index.php\/2025\/12\/proteccion-de-la-vivienda-alcances-de-la-afectacion-y-disposiciones-testamentarias\/\",\"name\":\"Protecci\u00f3n de la vivienda. Alcances de la afectaci\u00f3n y disposiciones testamentarias - Revista del Notariado\",\"isPartOf\":{\"@id\":\"https:\/\/www.revista-notariado.org.ar\/#website\"},\"primaryImageOfPage\":{\"@id\":\"https:\/\/www.revista-notariado.org.ar\/index.php\/2025\/12\/proteccion-de-la-vivienda-alcances-de-la-afectacion-y-disposiciones-testamentarias\/#primaryimage\"},\"image\":{\"@id\":\"https:\/\/www.revista-notariado.org.ar\/index.php\/2025\/12\/proteccion-de-la-vivienda-alcances-de-la-afectacion-y-disposiciones-testamentarias\/#primaryimage\"},\"thumbnailUrl\":\"https:\/\/www.revista-notariado.org.ar\/\/wp-content\/uploads\/2025\/08\/RDN-mailchimp.png\",\"datePublished\":\"2025-12-09T19:30:41+00:00\",\"dateModified\":\"2025-12-22T12:32:46+00:00\",\"breadcrumb\":{\"@id\":\"https:\/\/www.revista-notariado.org.ar\/index.php\/2025\/12\/proteccion-de-la-vivienda-alcances-de-la-afectacion-y-disposiciones-testamentarias\/#breadcrumb\"},\"inLanguage\":\"es\",\"potentialAction\":[{\"@type\":\"ReadAction\",\"target\":[\"https:\/\/www.revista-notariado.org.ar\/index.php\/2025\/12\/proteccion-de-la-vivienda-alcances-de-la-afectacion-y-disposiciones-testamentarias\/\"]}]},{\"@type\":\"ImageObject\",\"inLanguage\":\"es\",\"@id\":\"https:\/\/www.revista-notariado.org.ar\/index.php\/2025\/12\/proteccion-de-la-vivienda-alcances-de-la-afectacion-y-disposiciones-testamentarias\/#primaryimage\",\"url\":\"https:\/\/www.revista-notariado.org.ar\/\/wp-content\/uploads\/2025\/08\/RDN-mailchimp.png\",\"contentUrl\":\"https:\/\/www.revista-notariado.org.ar\/\/wp-content\/uploads\/2025\/08\/RDN-mailchimp.png\",\"width\":234,\"height\":235},{\"@type\":\"BreadcrumbList\",\"@id\":\"https:\/\/www.revista-notariado.org.ar\/index.php\/2025\/12\/proteccion-de-la-vivienda-alcances-de-la-afectacion-y-disposiciones-testamentarias\/#breadcrumb\",\"itemListElement\":[{\"@type\":\"ListItem\",\"position\":1,\"name\":\"Portada\",\"item\":\"https:\/\/www.revista-notariado.org.ar\/\"},{\"@type\":\"ListItem\",\"position\":2,\"name\":\"Protecci\u00f3n de la vivienda. Alcances de la afectaci\u00f3n y disposiciones testamentarias\"}]},{\"@type\":\"WebSite\",\"@id\":\"https:\/\/www.revista-notariado.org.ar\/#website\",\"url\":\"https:\/\/www.revista-notariado.org.ar\/\",\"name\":\"Revista del Notariado\",\"description\":\"Director: Carlos Marcelo D&#039;Alessio\",\"publisher\":{\"@id\":\"https:\/\/www.revista-notariado.org.ar\/#organization\"},\"potentialAction\":[{\"@type\":\"SearchAction\",\"target\":{\"@type\":\"EntryPoint\",\"urlTemplate\":\"https:\/\/www.revista-notariado.org.ar\/?s={search_term_string}\"},\"query-input\":{\"@type\":\"PropertyValueSpecification\",\"valueRequired\":true,\"valueName\":\"search_term_string\"}}],\"inLanguage\":\"es\"},{\"@type\":\"Organization\",\"@id\":\"https:\/\/www.revista-notariado.org.ar\/#organization\",\"name\":\"Revista del Notariado\",\"url\":\"https:\/\/www.revista-notariado.org.ar\/\",\"logo\":{\"@type\":\"ImageObject\",\"inLanguage\":\"es\",\"@id\":\"https:\/\/www.revista-notariado.org.ar\/#\/schema\/logo\/image\/\",\"url\":\"https:\/\/www.revista-notariado.org.ar\/\/wp-content\/uploads\/2020\/06\/Logo-para.mail_.png\",\"contentUrl\":\"https:\/\/www.revista-notariado.org.ar\/\/wp-content\/uploads\/2020\/06\/Logo-para.mail_.png\",\"width\":642,\"height\":80,\"caption\":\"Revista del Notariado\"},\"image\":{\"@id\":\"https:\/\/www.revista-notariado.org.ar\/#\/schema\/logo\/image\/\"},\"sameAs\":[\"https:\/\/www.facebook.com\/revistadelnotariado\/\"]},{\"@type\":\"Person\",\"@id\":\"https:\/\/www.revista-notariado.org.ar\/#\/schema\/person\/0a6fe47713b36d45f00d9d0bb20d8fa0\",\"name\":\"Agust\u00edn Rodriguez\",\"image\":{\"@type\":\"ImageObject\",\"inLanguage\":\"es\",\"@id\":\"https:\/\/www.revista-notariado.org.ar\/#\/schema\/person\/image\/\",\"url\":\"https:\/\/secure.gravatar.com\/avatar\/7fbaf0bf48fe5a56a55aba15f9a4d281?s=96&d=mm&r=g\",\"contentUrl\":\"https:\/\/secure.gravatar.com\/avatar\/7fbaf0bf48fe5a56a55aba15f9a4d281?s=96&d=mm&r=g\",\"caption\":\"Agust\u00edn Rodriguez\"},\"url\":\"https:\/\/www.revista-notariado.org.ar\/index.php\/author\/arodriguez\/\"}]}<\/script>\n<!-- \/ Yoast SEO plugin. -->","yoast_head_json":{"title":"Protecci\u00f3n de la vivienda. Alcances de la afectaci\u00f3n y disposiciones testamentarias - Revista del Notariado","robots":{"index":"index","follow":"follow","max-snippet":"max-snippet:-1","max-image-preview":"max-image-preview:large","max-video-preview":"max-video-preview:-1"},"canonical":"https:\/\/www.revista-notariado.org.ar\/index.php\/2025\/12\/proteccion-de-la-vivienda-alcances-de-la-afectacion-y-disposiciones-testamentarias\/","og_locale":"es_ES","og_type":"article","og_title":"Protecci\u00f3n de la vivienda. Alcances de la afectaci\u00f3n y disposiciones testamentarias - Revista del Notariado","og_description":"Bolet\u00edn digital de jurisprudencia. CNCiv., Sala G, 09\/05\/2025, \u201cR., G. y otro c\/ M., M. D. C. s\/ impugnaci\u00f3n\/nulidad de testamento\u201d.","og_url":"https:\/\/www.revista-notariado.org.ar\/index.php\/2025\/12\/proteccion-de-la-vivienda-alcances-de-la-afectacion-y-disposiciones-testamentarias\/","og_site_name":"Revista del Notariado","article_publisher":"https:\/\/www.facebook.com\/revistadelnotariado\/","article_published_time":"2025-12-09T19:30:41+00:00","article_modified_time":"2025-12-22T12:32:46+00:00","og_image":[{"url":"https:\/\/www.revista-notariado.org.ar\/\/wp-content\/uploads\/2025\/08\/RDN-mailchimp.png"}],"author":"Agust\u00edn Rodriguez","twitter_card":"summary_large_image","twitter_misc":{"Escrito por":"Agust\u00edn Rodriguez","Tiempo de lectura":"2 minutos"},"schema":{"@context":"https:\/\/schema.org","@graph":[{"@type":"Article","@id":"https:\/\/www.revista-notariado.org.ar\/index.php\/2025\/12\/proteccion-de-la-vivienda-alcances-de-la-afectacion-y-disposiciones-testamentarias\/#article","isPartOf":{"@id":"https:\/\/www.revista-notariado.org.ar\/index.php\/2025\/12\/proteccion-de-la-vivienda-alcances-de-la-afectacion-y-disposiciones-testamentarias\/"},"author":{"name":"Agust\u00edn Rodriguez","@id":"https:\/\/www.revista-notariado.org.ar\/#\/schema\/person\/0a6fe47713b36d45f00d9d0bb20d8fa0"},"headline":"Protecci\u00f3n de la vivienda. Alcances de la afectaci\u00f3n y disposiciones testamentarias","datePublished":"2025-12-09T19:30:41+00:00","dateModified":"2025-12-22T12:32:46+00:00","mainEntityOfPage":{"@id":"https:\/\/www.revista-notariado.org.ar\/index.php\/2025\/12\/proteccion-de-la-vivienda-alcances-de-la-afectacion-y-disposiciones-testamentarias\/"},"wordCount":246,"publisher":{"@id":"https:\/\/www.revista-notariado.org.ar\/#organization"},"image":{"@id":"https:\/\/www.revista-notariado.org.ar\/index.php\/2025\/12\/proteccion-de-la-vivienda-alcances-de-la-afectacion-y-disposiciones-testamentarias\/#primaryimage"},"thumbnailUrl":"https:\/\/www.revista-notariado.org.ar\/\/wp-content\/uploads\/2025\/08\/RDN-mailchimp.png","keywords":["Bien de familia","C\u00f3digo Civil y Comercial 2014","Ley 26994","porci\u00f3n disponible","Protecci\u00f3n de la vivienda (bien de familia)","Protecci\u00f3n de la vivienda - alcancesinoponibilidad","Protecci\u00f3n de la vivienda - efectiva residencia","Protecci\u00f3n de la vivienda - testamento","Vivienda y bien de familia"],"articleSection":["Varias"],"inLanguage":"es"},{"@type":"WebPage","@id":"https:\/\/www.revista-notariado.org.ar\/index.php\/2025\/12\/proteccion-de-la-vivienda-alcances-de-la-afectacion-y-disposiciones-testamentarias\/","url":"https:\/\/www.revista-notariado.org.ar\/index.php\/2025\/12\/proteccion-de-la-vivienda-alcances-de-la-afectacion-y-disposiciones-testamentarias\/","name":"Protecci\u00f3n de la vivienda. Alcances de la afectaci\u00f3n y disposiciones testamentarias - Revista del Notariado","isPartOf":{"@id":"https:\/\/www.revista-notariado.org.ar\/#website"},"primaryImageOfPage":{"@id":"https:\/\/www.revista-notariado.org.ar\/index.php\/2025\/12\/proteccion-de-la-vivienda-alcances-de-la-afectacion-y-disposiciones-testamentarias\/#primaryimage"},"image":{"@id":"https:\/\/www.revista-notariado.org.ar\/index.php\/2025\/12\/proteccion-de-la-vivienda-alcances-de-la-afectacion-y-disposiciones-testamentarias\/#primaryimage"},"thumbnailUrl":"https:\/\/www.revista-notariado.org.ar\/\/wp-content\/uploads\/2025\/08\/RDN-mailchimp.png","datePublished":"2025-12-09T19:30:41+00:00","dateModified":"2025-12-22T12:32:46+00:00","breadcrumb":{"@id":"https:\/\/www.revista-notariado.org.ar\/index.php\/2025\/12\/proteccion-de-la-vivienda-alcances-de-la-afectacion-y-disposiciones-testamentarias\/#breadcrumb"},"inLanguage":"es","potentialAction":[{"@type":"ReadAction","target":["https:\/\/www.revista-notariado.org.ar\/index.php\/2025\/12\/proteccion-de-la-vivienda-alcances-de-la-afectacion-y-disposiciones-testamentarias\/"]}]},{"@type":"ImageObject","inLanguage":"es","@id":"https:\/\/www.revista-notariado.org.ar\/index.php\/2025\/12\/proteccion-de-la-vivienda-alcances-de-la-afectacion-y-disposiciones-testamentarias\/#primaryimage","url":"https:\/\/www.revista-notariado.org.ar\/\/wp-content\/uploads\/2025\/08\/RDN-mailchimp.png","contentUrl":"https:\/\/www.revista-notariado.org.ar\/\/wp-content\/uploads\/2025\/08\/RDN-mailchimp.png","width":234,"height":235},{"@type":"BreadcrumbList","@id":"https:\/\/www.revista-notariado.org.ar\/index.php\/2025\/12\/proteccion-de-la-vivienda-alcances-de-la-afectacion-y-disposiciones-testamentarias\/#breadcrumb","itemListElement":[{"@type":"ListItem","position":1,"name":"Portada","item":"https:\/\/www.revista-notariado.org.ar\/"},{"@type":"ListItem","position":2,"name":"Protecci\u00f3n de la vivienda. Alcances de la afectaci\u00f3n y disposiciones testamentarias"}]},{"@type":"WebSite","@id":"https:\/\/www.revista-notariado.org.ar\/#website","url":"https:\/\/www.revista-notariado.org.ar\/","name":"Revista del Notariado","description":"Director: Carlos Marcelo D&#039;Alessio","publisher":{"@id":"https:\/\/www.revista-notariado.org.ar\/#organization"},"potentialAction":[{"@type":"SearchAction","target":{"@type":"EntryPoint","urlTemplate":"https:\/\/www.revista-notariado.org.ar\/?s={search_term_string}"},"query-input":{"@type":"PropertyValueSpecification","valueRequired":true,"valueName":"search_term_string"}}],"inLanguage":"es"},{"@type":"Organization","@id":"https:\/\/www.revista-notariado.org.ar\/#organization","name":"Revista del Notariado","url":"https:\/\/www.revista-notariado.org.ar\/","logo":{"@type":"ImageObject","inLanguage":"es","@id":"https:\/\/www.revista-notariado.org.ar\/#\/schema\/logo\/image\/","url":"https:\/\/www.revista-notariado.org.ar\/\/wp-content\/uploads\/2020\/06\/Logo-para.mail_.png","contentUrl":"https:\/\/www.revista-notariado.org.ar\/\/wp-content\/uploads\/2020\/06\/Logo-para.mail_.png","width":642,"height":80,"caption":"Revista del Notariado"},"image":{"@id":"https:\/\/www.revista-notariado.org.ar\/#\/schema\/logo\/image\/"},"sameAs":["https:\/\/www.facebook.com\/revistadelnotariado\/"]},{"@type":"Person","@id":"https:\/\/www.revista-notariado.org.ar\/#\/schema\/person\/0a6fe47713b36d45f00d9d0bb20d8fa0","name":"Agust\u00edn Rodriguez","image":{"@type":"ImageObject","inLanguage":"es","@id":"https:\/\/www.revista-notariado.org.ar\/#\/schema\/person\/image\/","url":"https:\/\/secure.gravatar.com\/avatar\/7fbaf0bf48fe5a56a55aba15f9a4d281?s=96&d=mm&r=g","contentUrl":"https:\/\/secure.gravatar.com\/avatar\/7fbaf0bf48fe5a56a55aba15f9a4d281?s=96&d=mm&r=g","caption":"Agust\u00edn Rodriguez"},"url":"https:\/\/www.revista-notariado.org.ar\/index.php\/author\/arodriguez\/"}]}},"jetpack_featured_media_url":"","jetpack_publicize_connections":[],"jetpack_sharing_enabled":true,"jetpack_shortlink":"https:\/\/wp.me\/p50Sui-4MS","jetpack-related-posts":[],"_links":{"self":[{"href":"https:\/\/www.revista-notariado.org.ar\/index.php\/wp-json\/wp\/v2\/posts\/18406"}],"collection":[{"href":"https:\/\/www.revista-notariado.org.ar\/index.php\/wp-json\/wp\/v2\/posts"}],"about":[{"href":"https:\/\/www.revista-notariado.org.ar\/index.php\/wp-json\/wp\/v2\/types\/post"}],"author":[{"embeddable":true,"href":"https:\/\/www.revista-notariado.org.ar\/index.php\/wp-json\/wp\/v2\/users\/6"}],"replies":[{"embeddable":true,"href":"https:\/\/www.revista-notariado.org.ar\/index.php\/wp-json\/wp\/v2\/comments?post=18406"}],"version-history":[{"count":7,"href":"https:\/\/www.revista-notariado.org.ar\/index.php\/wp-json\/wp\/v2\/posts\/18406\/revisions"}],"predecessor-version":[{"id":18448,"href":"https:\/\/www.revista-notariado.org.ar\/index.php\/wp-json\/wp\/v2\/posts\/18406\/revisions\/18448"}],"wp:attachment":[{"href":"https:\/\/www.revista-notariado.org.ar\/index.php\/wp-json\/wp\/v2\/media?parent=18406"}],"wp:term":[{"taxonomy":"category","embeddable":true,"href":"https:\/\/www.revista-notariado.org.ar\/index.php\/wp-json\/wp\/v2\/categories?post=18406"},{"taxonomy":"post_tag","embeddable":true,"href":"https:\/\/www.revista-notariado.org.ar\/index.php\/wp-json\/wp\/v2\/tags?post=18406"}],"curies":[{"name":"wp","href":"https:\/\/api.w.org\/{rel}","templated":true}]}}