{"id":17998,"date":"2025-09-01T09:36:29","date_gmt":"2025-09-01T12:36:29","guid":{"rendered":"https:\/\/www.revista-notariado.org.ar\/?p=17998"},"modified":"2026-03-06T16:46:53","modified_gmt":"2026-03-06T19:46:53","slug":"demencia-y-donacion-limites-de-la-responsabilidad-notarial","status":"publish","type":"post","link":"https:\/\/www.revista-notariado.org.ar\/index.php\/2025\/09\/demencia-y-donacion-limites-de-la-responsabilidad-notarial\/","title":{"rendered":"Donaci\u00f3n y demencia. L\u00edmites de la responsabilidad notarial"},"content":{"rendered":"<div style=\"background-color: #1a3a69; color: white; padding: 15px;\">\n<p><img loading=\"lazy\" decoding=\"async\" style=\"border: 0px; width: 90px; height: 90px; margin: 10px 10px 0px 0px;\" src=\"https:\/\/www.revista-notariado.org.ar\/\/wp-content\/uploads\/2025\/08\/RDN-mailchimp.png\" width=\"90\" height=\"90\" align=\"left\" data-file-id=\"2973028\" \/><\/p>\n<p style=\"margin: 0; font-size: 32px; font-family: 'Arial Black', sans-serif; color: #ffffff; text-align: center; flex: 1;\">Jurisprudencia<\/p>\n<\/div>\n<p>&nbsp;<\/p>\n<p style=\"background-color: #ffe1eb; padding: 15px;\">Este fallo aborda el delito de circunvenci\u00f3n de incapaces, espec\u00edficamente en el contexto de una donaci\u00f3n y el otorgamiento de poderes. El tribunal confirma el procesamiento de la donataria porque las pruebas indican que el causante, quien padec\u00eda s\u00edndrome demencial, no comprend\u00eda el alcance de la donaci\u00f3n y que ella estaba al tanto de su condici\u00f3n. Por otro lado, se decide el sobreseimiento del escribano, ya que su rol profesional no exige conocimientos en salud mental y su actuaci\u00f3n se ajust\u00f3 a la normativa legal, sin evidencia de que conociera la vulnerabilidad del donante. Se enfatiza que la avanzada edad del causante por s\u00ed misma no presume incapacidad para tomar decisiones.<\/p>\n<p>&nbsp;<\/p>\n<p><span style=\"margin-left: 15px; background-color: #d1468b; color: #ffffff; padding: 10px;\">Selecci\u00f3n de <strong>Sof\u00eda Victoria Becerra V\u00e1zquez<\/strong><\/span><\/p>\n<p>&nbsp;<\/p>\n<p><strong>Tribunal:<\/strong> C\u00e1mara Nacional de Casaci\u00f3n en lo Criminal y Correccional, Sala I.<\/p>\n<p><strong>Fecha:<\/strong> 11\/12\/2023.<\/p>\n<p><strong>Autos:<\/strong> \u201cC., J. M. y otro s\/ defraudaci\u00f3n de un menor o un incapaz\u201d.<\/p>\n<p><strong>Hechos:<\/strong><\/p>\n<ul>\n<li>Se imput\u00f3 a J. M. C. y a A. B. M. (fallecida en 2022) haber aprovechado el deterioro cognitivo de N. C. G. (fallecido en 2022), diagnosticado con s\u00edndrome demencial, para defraudarlo econ\u00f3micamente.<\/li>\n<li>El 8 de abril de 2016, N. C. G. suscribi\u00f3 la escritura mediante la cual don\u00f3 a su hija J. M. C. la nuda propiedad de un inmueble, reserv\u00e1ndose el usufructo vitalicio, con el asentimiento de su c\u00f3nyuge A. B. M.<\/li>\n<li>El 22 de abril de 2019, y en condiciones de deterioro mental, N. C. G. firm\u00f3 dos escrituras: 1) poder general a favor de tres abogados para actuar en nombre de la sociedad \u201cC. S. A.\u201d; 2) poder general a favor de J. M. C. para representar a la misma sociedad.<\/li>\n<li>Para la celebraci\u00f3n de estos actos se utilizaron actas sociales cuestionadas, suscriptas tambi\u00e9n por N. C. G. y J. M. C.<\/li>\n<\/ul>\n<p>&nbsp;<\/p>\n<p><strong>Defensas:<\/strong><\/p>\n<ul>\n<li>La defensa de J. M. C. aleg\u00f3 que los actos eran independientes, que deb\u00eda aplicarse la prescripci\u00f3n desde 2016, que no hubo perjuicio al incapaz y que la imputada desconoc\u00eda el deterioro cognitivo de su padre.<\/li>\n<li>La defensa del escribano autorizante de las escrituras sostuvo que su actuaci\u00f3n se limit\u00f3 a los recaudos exigidos por su funci\u00f3n notarial. Se\u00f1al\u00f3 que solicit\u00f3 certificados pertinentes, que no exist\u00edan inhibiciones registrales, que el otorgante compareci\u00f3 personalmente y que no ten\u00eda conocimiento de problemas de salud mental, ya que su labor no incluye evaluaciones m\u00e9dicas.<\/li>\n<\/ul>\n<p>&nbsp;<\/p>\n<p><strong>Consideraciones del tribunal:<\/strong><\/p>\n<ul>\n<li>Respecto de J. M. C.: se concluy\u00f3 que N. C. G. padec\u00eda un s\u00edndrome demencial en 2016 y carec\u00eda de capacidad para comprender la donaci\u00f3n, y que la imputada conoc\u00eda su deterioro cognitivo. Se rechaz\u00f3 la prescripci\u00f3n, considerando la existencia de maniobras concatenadas destinadas a sustraer bienes del acervo hereditario.<\/li>\n<li>Respecto del escribano: se resolvi\u00f3 que su intervenci\u00f3n se enmarc\u00f3 en la funci\u00f3n notarial, cumpliendo con los protocolos legales y normativos. El tribunal destac\u00f3 que el deber de \u201cexaminar la capacidad\u201d previsto en la Ley Org\u00e1nica Notarial 404 debe interpretarse en el marco de la funci\u00f3n notarial, sin exigir conocimientos en salud mental ni comprobaciones m\u00e9dicas. Se se\u00f1al\u00f3 que el profesional solicit\u00f3 los certificados correspondientes y mantuvo una entrevista con el otorgante, sin advertir el estado pericial descripto, que adem\u00e1s no le fue informado.<\/li>\n<\/ul>\n<p>&nbsp;<\/p>\n<p><a href=\"https:\/\/www.revista-notariado.org.ar\/\/wp-content\/uploads\/2026\/03\/jurisrdn202512_censurado.pdf\" class=\"mtli_attachment mtli_pdf\" target=\"_blank\" rel=\"noopener\"><strong>Acceder al fallo completo<\/strong><\/a> (<em>Fuente: Registro de la Propiedad de la Provincia de Buenos Aires<\/em>).<\/p>\n<p>&nbsp;<\/p>\n<p>&nbsp;<\/p>\n<p>&nbsp;<\/p>\n<p>&nbsp;<\/p>\n<p>&nbsp;<\/p>\n","protected":false},"excerpt":{"rendered":"<p><em>Jurisprudencia.<\/em> Circunvenci\u00f3n de incapaces en el contexto de una donaci\u00f3n y el otorgamiento de poderes. Responsabilidad penal del escribano.<\/p>\n","protected":false},"author":6,"featured_media":0,"comment_status":"closed","ping_status":"open","sticky":false,"template":"","format":"standard","meta":{"_et_pb_use_builder":"","_et_pb_old_content":"","_et_gb_content_width":"","spay_email":"","footnotes":"","jetpack_publicize_message":"","jetpack_is_tweetstorm":false},"categories":[1],"tags":[3729,1787,4308,221,4440,799,3003,787],"class_list":["post-17998","post","type-post","status-publish","format-standard","hentry","category-uncategorized","tag-circunvencion-de-incapaces","tag-comparecencia","tag-demencia-senil","tag-discernimiento","tag-funcion-notarial-limites","tag-funcion-notarial","tag-responsabilidad-penal","tag-responsabilidad-profesional","revista-contenidos-exclusivos-de-la-web-sn","seccion-jurisprudencia","ao-4438","tema-circunvencion-de-incapaces","tema-donaciones","tema-responsabilidad-del-escribano","rama-derecho-notarial","rama-derecho-penal"],"yoast_head":"<!-- This site is optimized with the Yoast SEO plugin v23.6 - https:\/\/yoast.com\/wordpress\/plugins\/seo\/ -->\n<title>Donaci\u00f3n y demencia. L\u00edmites de la responsabilidad notarial - Revista del Notariado<\/title>\n<meta name=\"robots\" content=\"index, follow, max-snippet:-1, max-image-preview:large, max-video-preview:-1\" \/>\n<link rel=\"canonical\" href=\"https:\/\/www.revista-notariado.org.ar\/index.php\/2025\/09\/demencia-y-donacion-limites-de-la-responsabilidad-notarial\/\" \/>\n<meta property=\"og:locale\" content=\"es_ES\" \/>\n<meta property=\"og:type\" content=\"article\" \/>\n<meta property=\"og:title\" content=\"Donaci\u00f3n y demencia. L\u00edmites de la responsabilidad notarial - Revista del Notariado\" \/>\n<meta property=\"og:description\" content=\"Jurisprudencia. Circunvenci\u00f3n de incapaces en el contexto de una donaci\u00f3n y el otorgamiento de poderes. Responsabilidad penal del escribano.\" \/>\n<meta property=\"og:url\" content=\"https:\/\/www.revista-notariado.org.ar\/index.php\/2025\/09\/demencia-y-donacion-limites-de-la-responsabilidad-notarial\/\" \/>\n<meta property=\"og:site_name\" content=\"Revista del Notariado\" \/>\n<meta property=\"article:publisher\" content=\"https:\/\/www.facebook.com\/revistadelnotariado\/\" \/>\n<meta property=\"article:published_time\" content=\"2025-09-01T12:36:29+00:00\" \/>\n<meta property=\"article:modified_time\" content=\"2026-03-06T19:46:53+00:00\" \/>\n<meta property=\"og:image\" content=\"https:\/\/www.revista-notariado.org.ar\/\/wp-content\/uploads\/2025\/08\/RDN-mailchimp.png\" \/>\n<meta name=\"author\" content=\"Agust\u00edn Rodriguez\" \/>\n<meta name=\"twitter:card\" content=\"summary_large_image\" \/>\n<meta name=\"twitter:label1\" content=\"Escrito por\" \/>\n\t<meta name=\"twitter:data1\" content=\"Agust\u00edn Rodriguez\" \/>\n\t<meta name=\"twitter:label2\" content=\"Tiempo de lectura\" \/>\n\t<meta name=\"twitter:data2\" content=\"3 minutos\" \/>\n<script type=\"application\/ld+json\" class=\"yoast-schema-graph\">{\"@context\":\"https:\/\/schema.org\",\"@graph\":[{\"@type\":\"Article\",\"@id\":\"https:\/\/www.revista-notariado.org.ar\/index.php\/2025\/09\/demencia-y-donacion-limites-de-la-responsabilidad-notarial\/#article\",\"isPartOf\":{\"@id\":\"https:\/\/www.revista-notariado.org.ar\/index.php\/2025\/09\/demencia-y-donacion-limites-de-la-responsabilidad-notarial\/\"},\"author\":{\"name\":\"Agust\u00edn Rodriguez\",\"@id\":\"https:\/\/www.revista-notariado.org.ar\/#\/schema\/person\/0a6fe47713b36d45f00d9d0bb20d8fa0\"},\"headline\":\"Donaci\u00f3n y demencia. L\u00edmites de la responsabilidad notarial\",\"datePublished\":\"2025-09-01T12:36:29+00:00\",\"dateModified\":\"2026-03-06T19:46:53+00:00\",\"mainEntityOfPage\":{\"@id\":\"https:\/\/www.revista-notariado.org.ar\/index.php\/2025\/09\/demencia-y-donacion-limites-de-la-responsabilidad-notarial\/\"},\"wordCount\":589,\"publisher\":{\"@id\":\"https:\/\/www.revista-notariado.org.ar\/#organization\"},\"image\":{\"@id\":\"https:\/\/www.revista-notariado.org.ar\/index.php\/2025\/09\/demencia-y-donacion-limites-de-la-responsabilidad-notarial\/#primaryimage\"},\"thumbnailUrl\":\"https:\/\/www.revista-notariado.org.ar\/\/wp-content\/uploads\/2025\/08\/RDN-mailchimp.png\",\"keywords\":[\"Circunvenci\u00f3n de incapaces\",\"comparecencia\",\"Demencia senil\",\"discernimiento\",\"Funcion notarial - l\u00edmites\",\"funci\u00f3n notarial\",\"Responsabilidad penal\",\"responsabilidad profesional\"],\"articleSection\":[\"Varias\"],\"inLanguage\":\"es\"},{\"@type\":\"WebPage\",\"@id\":\"https:\/\/www.revista-notariado.org.ar\/index.php\/2025\/09\/demencia-y-donacion-limites-de-la-responsabilidad-notarial\/\",\"url\":\"https:\/\/www.revista-notariado.org.ar\/index.php\/2025\/09\/demencia-y-donacion-limites-de-la-responsabilidad-notarial\/\",\"name\":\"Donaci\u00f3n y demencia. L\u00edmites de la responsabilidad notarial - Revista del Notariado\",\"isPartOf\":{\"@id\":\"https:\/\/www.revista-notariado.org.ar\/#website\"},\"primaryImageOfPage\":{\"@id\":\"https:\/\/www.revista-notariado.org.ar\/index.php\/2025\/09\/demencia-y-donacion-limites-de-la-responsabilidad-notarial\/#primaryimage\"},\"image\":{\"@id\":\"https:\/\/www.revista-notariado.org.ar\/index.php\/2025\/09\/demencia-y-donacion-limites-de-la-responsabilidad-notarial\/#primaryimage\"},\"thumbnailUrl\":\"https:\/\/www.revista-notariado.org.ar\/\/wp-content\/uploads\/2025\/08\/RDN-mailchimp.png\",\"datePublished\":\"2025-09-01T12:36:29+00:00\",\"dateModified\":\"2026-03-06T19:46:53+00:00\",\"breadcrumb\":{\"@id\":\"https:\/\/www.revista-notariado.org.ar\/index.php\/2025\/09\/demencia-y-donacion-limites-de-la-responsabilidad-notarial\/#breadcrumb\"},\"inLanguage\":\"es\",\"potentialAction\":[{\"@type\":\"ReadAction\",\"target\":[\"https:\/\/www.revista-notariado.org.ar\/index.php\/2025\/09\/demencia-y-donacion-limites-de-la-responsabilidad-notarial\/\"]}]},{\"@type\":\"ImageObject\",\"inLanguage\":\"es\",\"@id\":\"https:\/\/www.revista-notariado.org.ar\/index.php\/2025\/09\/demencia-y-donacion-limites-de-la-responsabilidad-notarial\/#primaryimage\",\"url\":\"https:\/\/www.revista-notariado.org.ar\/\/wp-content\/uploads\/2025\/08\/RDN-mailchimp.png\",\"contentUrl\":\"https:\/\/www.revista-notariado.org.ar\/\/wp-content\/uploads\/2025\/08\/RDN-mailchimp.png\",\"width\":234,\"height\":235},{\"@type\":\"BreadcrumbList\",\"@id\":\"https:\/\/www.revista-notariado.org.ar\/index.php\/2025\/09\/demencia-y-donacion-limites-de-la-responsabilidad-notarial\/#breadcrumb\",\"itemListElement\":[{\"@type\":\"ListItem\",\"position\":1,\"name\":\"Portada\",\"item\":\"https:\/\/www.revista-notariado.org.ar\/\"},{\"@type\":\"ListItem\",\"position\":2,\"name\":\"Donaci\u00f3n y demencia. L\u00edmites de la responsabilidad notarial\"}]},{\"@type\":\"WebSite\",\"@id\":\"https:\/\/www.revista-notariado.org.ar\/#website\",\"url\":\"https:\/\/www.revista-notariado.org.ar\/\",\"name\":\"Revista del Notariado\",\"description\":\"Director: Carlos Marcelo D&#039;Alessio\",\"publisher\":{\"@id\":\"https:\/\/www.revista-notariado.org.ar\/#organization\"},\"potentialAction\":[{\"@type\":\"SearchAction\",\"target\":{\"@type\":\"EntryPoint\",\"urlTemplate\":\"https:\/\/www.revista-notariado.org.ar\/?s={search_term_string}\"},\"query-input\":{\"@type\":\"PropertyValueSpecification\",\"valueRequired\":true,\"valueName\":\"search_term_string\"}}],\"inLanguage\":\"es\"},{\"@type\":\"Organization\",\"@id\":\"https:\/\/www.revista-notariado.org.ar\/#organization\",\"name\":\"Revista del Notariado\",\"url\":\"https:\/\/www.revista-notariado.org.ar\/\",\"logo\":{\"@type\":\"ImageObject\",\"inLanguage\":\"es\",\"@id\":\"https:\/\/www.revista-notariado.org.ar\/#\/schema\/logo\/image\/\",\"url\":\"https:\/\/www.revista-notariado.org.ar\/\/wp-content\/uploads\/2020\/06\/Logo-para.mail_.png\",\"contentUrl\":\"https:\/\/www.revista-notariado.org.ar\/\/wp-content\/uploads\/2020\/06\/Logo-para.mail_.png\",\"width\":642,\"height\":80,\"caption\":\"Revista del Notariado\"},\"image\":{\"@id\":\"https:\/\/www.revista-notariado.org.ar\/#\/schema\/logo\/image\/\"},\"sameAs\":[\"https:\/\/www.facebook.com\/revistadelnotariado\/\"]},{\"@type\":\"Person\",\"@id\":\"https:\/\/www.revista-notariado.org.ar\/#\/schema\/person\/0a6fe47713b36d45f00d9d0bb20d8fa0\",\"name\":\"Agust\u00edn Rodriguez\",\"image\":{\"@type\":\"ImageObject\",\"inLanguage\":\"es\",\"@id\":\"https:\/\/www.revista-notariado.org.ar\/#\/schema\/person\/image\/\",\"url\":\"https:\/\/secure.gravatar.com\/avatar\/7fbaf0bf48fe5a56a55aba15f9a4d281?s=96&d=mm&r=g\",\"contentUrl\":\"https:\/\/secure.gravatar.com\/avatar\/7fbaf0bf48fe5a56a55aba15f9a4d281?s=96&d=mm&r=g\",\"caption\":\"Agust\u00edn Rodriguez\"},\"url\":\"https:\/\/www.revista-notariado.org.ar\/index.php\/author\/arodriguez\/\"}]}<\/script>\n<!-- \/ Yoast SEO plugin. -->","yoast_head_json":{"title":"Donaci\u00f3n y demencia. L\u00edmites de la responsabilidad notarial - Revista del Notariado","robots":{"index":"index","follow":"follow","max-snippet":"max-snippet:-1","max-image-preview":"max-image-preview:large","max-video-preview":"max-video-preview:-1"},"canonical":"https:\/\/www.revista-notariado.org.ar\/index.php\/2025\/09\/demencia-y-donacion-limites-de-la-responsabilidad-notarial\/","og_locale":"es_ES","og_type":"article","og_title":"Donaci\u00f3n y demencia. L\u00edmites de la responsabilidad notarial - Revista del Notariado","og_description":"Jurisprudencia. Circunvenci\u00f3n de incapaces en el contexto de una donaci\u00f3n y el otorgamiento de poderes. Responsabilidad penal del escribano.","og_url":"https:\/\/www.revista-notariado.org.ar\/index.php\/2025\/09\/demencia-y-donacion-limites-de-la-responsabilidad-notarial\/","og_site_name":"Revista del Notariado","article_publisher":"https:\/\/www.facebook.com\/revistadelnotariado\/","article_published_time":"2025-09-01T12:36:29+00:00","article_modified_time":"2026-03-06T19:46:53+00:00","og_image":[{"url":"https:\/\/www.revista-notariado.org.ar\/\/wp-content\/uploads\/2025\/08\/RDN-mailchimp.png"}],"author":"Agust\u00edn Rodriguez","twitter_card":"summary_large_image","twitter_misc":{"Escrito por":"Agust\u00edn Rodriguez","Tiempo de lectura":"3 minutos"},"schema":{"@context":"https:\/\/schema.org","@graph":[{"@type":"Article","@id":"https:\/\/www.revista-notariado.org.ar\/index.php\/2025\/09\/demencia-y-donacion-limites-de-la-responsabilidad-notarial\/#article","isPartOf":{"@id":"https:\/\/www.revista-notariado.org.ar\/index.php\/2025\/09\/demencia-y-donacion-limites-de-la-responsabilidad-notarial\/"},"author":{"name":"Agust\u00edn Rodriguez","@id":"https:\/\/www.revista-notariado.org.ar\/#\/schema\/person\/0a6fe47713b36d45f00d9d0bb20d8fa0"},"headline":"Donaci\u00f3n y demencia. L\u00edmites de la responsabilidad notarial","datePublished":"2025-09-01T12:36:29+00:00","dateModified":"2026-03-06T19:46:53+00:00","mainEntityOfPage":{"@id":"https:\/\/www.revista-notariado.org.ar\/index.php\/2025\/09\/demencia-y-donacion-limites-de-la-responsabilidad-notarial\/"},"wordCount":589,"publisher":{"@id":"https:\/\/www.revista-notariado.org.ar\/#organization"},"image":{"@id":"https:\/\/www.revista-notariado.org.ar\/index.php\/2025\/09\/demencia-y-donacion-limites-de-la-responsabilidad-notarial\/#primaryimage"},"thumbnailUrl":"https:\/\/www.revista-notariado.org.ar\/\/wp-content\/uploads\/2025\/08\/RDN-mailchimp.png","keywords":["Circunvenci\u00f3n de incapaces","comparecencia","Demencia senil","discernimiento","Funcion notarial - l\u00edmites","funci\u00f3n notarial","Responsabilidad penal","responsabilidad profesional"],"articleSection":["Varias"],"inLanguage":"es"},{"@type":"WebPage","@id":"https:\/\/www.revista-notariado.org.ar\/index.php\/2025\/09\/demencia-y-donacion-limites-de-la-responsabilidad-notarial\/","url":"https:\/\/www.revista-notariado.org.ar\/index.php\/2025\/09\/demencia-y-donacion-limites-de-la-responsabilidad-notarial\/","name":"Donaci\u00f3n y demencia. L\u00edmites de la responsabilidad notarial - Revista del Notariado","isPartOf":{"@id":"https:\/\/www.revista-notariado.org.ar\/#website"},"primaryImageOfPage":{"@id":"https:\/\/www.revista-notariado.org.ar\/index.php\/2025\/09\/demencia-y-donacion-limites-de-la-responsabilidad-notarial\/#primaryimage"},"image":{"@id":"https:\/\/www.revista-notariado.org.ar\/index.php\/2025\/09\/demencia-y-donacion-limites-de-la-responsabilidad-notarial\/#primaryimage"},"thumbnailUrl":"https:\/\/www.revista-notariado.org.ar\/\/wp-content\/uploads\/2025\/08\/RDN-mailchimp.png","datePublished":"2025-09-01T12:36:29+00:00","dateModified":"2026-03-06T19:46:53+00:00","breadcrumb":{"@id":"https:\/\/www.revista-notariado.org.ar\/index.php\/2025\/09\/demencia-y-donacion-limites-de-la-responsabilidad-notarial\/#breadcrumb"},"inLanguage":"es","potentialAction":[{"@type":"ReadAction","target":["https:\/\/www.revista-notariado.org.ar\/index.php\/2025\/09\/demencia-y-donacion-limites-de-la-responsabilidad-notarial\/"]}]},{"@type":"ImageObject","inLanguage":"es","@id":"https:\/\/www.revista-notariado.org.ar\/index.php\/2025\/09\/demencia-y-donacion-limites-de-la-responsabilidad-notarial\/#primaryimage","url":"https:\/\/www.revista-notariado.org.ar\/\/wp-content\/uploads\/2025\/08\/RDN-mailchimp.png","contentUrl":"https:\/\/www.revista-notariado.org.ar\/\/wp-content\/uploads\/2025\/08\/RDN-mailchimp.png","width":234,"height":235},{"@type":"BreadcrumbList","@id":"https:\/\/www.revista-notariado.org.ar\/index.php\/2025\/09\/demencia-y-donacion-limites-de-la-responsabilidad-notarial\/#breadcrumb","itemListElement":[{"@type":"ListItem","position":1,"name":"Portada","item":"https:\/\/www.revista-notariado.org.ar\/"},{"@type":"ListItem","position":2,"name":"Donaci\u00f3n y demencia. L\u00edmites de la responsabilidad notarial"}]},{"@type":"WebSite","@id":"https:\/\/www.revista-notariado.org.ar\/#website","url":"https:\/\/www.revista-notariado.org.ar\/","name":"Revista del Notariado","description":"Director: Carlos Marcelo D&#039;Alessio","publisher":{"@id":"https:\/\/www.revista-notariado.org.ar\/#organization"},"potentialAction":[{"@type":"SearchAction","target":{"@type":"EntryPoint","urlTemplate":"https:\/\/www.revista-notariado.org.ar\/?s={search_term_string}"},"query-input":{"@type":"PropertyValueSpecification","valueRequired":true,"valueName":"search_term_string"}}],"inLanguage":"es"},{"@type":"Organization","@id":"https:\/\/www.revista-notariado.org.ar\/#organization","name":"Revista del Notariado","url":"https:\/\/www.revista-notariado.org.ar\/","logo":{"@type":"ImageObject","inLanguage":"es","@id":"https:\/\/www.revista-notariado.org.ar\/#\/schema\/logo\/image\/","url":"https:\/\/www.revista-notariado.org.ar\/\/wp-content\/uploads\/2020\/06\/Logo-para.mail_.png","contentUrl":"https:\/\/www.revista-notariado.org.ar\/\/wp-content\/uploads\/2020\/06\/Logo-para.mail_.png","width":642,"height":80,"caption":"Revista del Notariado"},"image":{"@id":"https:\/\/www.revista-notariado.org.ar\/#\/schema\/logo\/image\/"},"sameAs":["https:\/\/www.facebook.com\/revistadelnotariado\/"]},{"@type":"Person","@id":"https:\/\/www.revista-notariado.org.ar\/#\/schema\/person\/0a6fe47713b36d45f00d9d0bb20d8fa0","name":"Agust\u00edn Rodriguez","image":{"@type":"ImageObject","inLanguage":"es","@id":"https:\/\/www.revista-notariado.org.ar\/#\/schema\/person\/image\/","url":"https:\/\/secure.gravatar.com\/avatar\/7fbaf0bf48fe5a56a55aba15f9a4d281?s=96&d=mm&r=g","contentUrl":"https:\/\/secure.gravatar.com\/avatar\/7fbaf0bf48fe5a56a55aba15f9a4d281?s=96&d=mm&r=g","caption":"Agust\u00edn Rodriguez"},"url":"https:\/\/www.revista-notariado.org.ar\/index.php\/author\/arodriguez\/"}]}},"jetpack_featured_media_url":"","jetpack_publicize_connections":[],"jetpack_sharing_enabled":true,"jetpack_shortlink":"https:\/\/wp.me\/p50Sui-4Gi","jetpack-related-posts":[],"_links":{"self":[{"href":"https:\/\/www.revista-notariado.org.ar\/index.php\/wp-json\/wp\/v2\/posts\/17998"}],"collection":[{"href":"https:\/\/www.revista-notariado.org.ar\/index.php\/wp-json\/wp\/v2\/posts"}],"about":[{"href":"https:\/\/www.revista-notariado.org.ar\/index.php\/wp-json\/wp\/v2\/types\/post"}],"author":[{"embeddable":true,"href":"https:\/\/www.revista-notariado.org.ar\/index.php\/wp-json\/wp\/v2\/users\/6"}],"replies":[{"embeddable":true,"href":"https:\/\/www.revista-notariado.org.ar\/index.php\/wp-json\/wp\/v2\/comments?post=17998"}],"version-history":[{"count":31,"href":"https:\/\/www.revista-notariado.org.ar\/index.php\/wp-json\/wp\/v2\/posts\/17998\/revisions"}],"predecessor-version":[{"id":18605,"href":"https:\/\/www.revista-notariado.org.ar\/index.php\/wp-json\/wp\/v2\/posts\/17998\/revisions\/18605"}],"wp:attachment":[{"href":"https:\/\/www.revista-notariado.org.ar\/index.php\/wp-json\/wp\/v2\/media?parent=17998"}],"wp:term":[{"taxonomy":"category","embeddable":true,"href":"https:\/\/www.revista-notariado.org.ar\/index.php\/wp-json\/wp\/v2\/categories?post=17998"},{"taxonomy":"post_tag","embeddable":true,"href":"https:\/\/www.revista-notariado.org.ar\/index.php\/wp-json\/wp\/v2\/tags?post=17998"}],"curies":[{"name":"wp","href":"https:\/\/api.w.org\/{rel}","templated":true}]}}